{"id":230033,"date":"2024-03-27T16:11:13","date_gmt":"2024-03-27T15:11:13","guid":{"rendered":"https:\/\/www.ifun.de\/?p=230033"},"modified":"2024-03-27T16:11:13","modified_gmt":"2024-03-27T15:11:13","slug":"fritzpowerline-neue-mac-app-zur-einrichtung-verfuegbar","status":"publish","type":"post","link":"https:\/\/www.ifun.de\/fritzpowerline-neue-mac-app-zur-einrichtung-verfuegbar-230033\/","title":{"rendered":"FRITZ!Powerline: Neue Mac-App zur Einrichtung verf\u00fcgbar"},"content":{"rendered":"<p>Wer im Heimnetzwerk l\u00e4ngere Strecken zwischen zwei Netzwerkger\u00e4ten \u00fcberbr\u00fccken muss, kein WLAN einsetzen kann (oder m\u00f6chte) und nicht \u00fcber bereits vorhandene Unterputzkabel verf\u00fcgt, der greift auch schon mal zu Powerline-Ger\u00e4ten.<\/p>\n<p><a href=\"https:\/\/images.ifun.de\/wp-content\/uploads\/2021\/12\/avm-fritz-powerline-1220.jpg\"><img loading=\"lazy\" decoding=\"async\" class=\"aligncenter size-medium wp-image-179630\" src=\"https:\/\/images.ifun.de\/wp-content\/uploads\/2021\/12\/avm-fritz-powerline-1220-500x319.jpg\" alt=\"Avm Fritz Powerline 1220\" width=\"500\" height=\"319\" srcset=\"https:\/\/images.ifun.de\/wp-content\/uploads\/2021\/12\/avm-fritz-powerline-1220-500x319.jpg 500w, https:\/\/images.ifun.de\/wp-content\/uploads\/2021\/12\/avm-fritz-powerline-1220.jpg 626w\" sizes=\"auto, (max-width: 500px) 100vw, 500px\" \/><\/a><\/p>\n<p>Diese werden von unterschiedlichen Anbietern vertrieben, unter anderem auch von dem Berliner Netzwerkausr\u00fcster AVM. Bei AVM, wie sollte es anders sein, h\u00f6ren diese auf die Bezeichnung FRITZ!Powerline und lassen sich mehr oder weniger konfigurationsfrei nutzen.<\/p>\n<p>Ben\u00f6tigt werden lediglich zwei freie Steckdosen, die am selben Stromnetz h\u00e4ngen. Sind die Powerline-Ger\u00e4te eingesteckt, nutzen diese dann die vorhandenen Kupferleitungen, um Datenpakete dar\u00fcber auszutauschen und machen hier einen ganz passablen Job.<\/p>\n<h2>FRITZ!Powerline f\u00fcr macOS<\/h2>\n<p>Aktualisierungen der Netzwerkstecker k\u00f6nnen f\u00fcr gew\u00f6hnlich \u00fcber die Oberfl\u00e4che der eigenen FRITZ!Box eingespielt werden, kommt im Heimnetzwerk jedoch ein anderer Router zum Einsatz, dann bietet sich zur Einrichtung und Aktualisierung die <a href=\"https:\/\/en.avm.de\/service\/update-news\/\">offizielle FRITZ!Powerline-Anwendung<\/a> des Herstellers an.<\/p>\n<p><a href=\"https:\/\/images.ifun.de\/wp-content\/uploads\/2024\/03\/powerline-app-1.png\"><img loading=\"lazy\" decoding=\"async\" class=\"aligncenter size-large wp-image-230036\" src=\"https:\/\/images.ifun.de\/wp-content\/uploads\/2024\/03\/powerline-app-1-700x518.png\" alt=\"Powerline App\" width=\"700\" height=\"518\" srcset=\"https:\/\/images.ifun.de\/wp-content\/uploads\/2024\/03\/powerline-app-1-700x518.png 700w, https:\/\/images.ifun.de\/wp-content\/uploads\/2024\/03\/powerline-app-1-500x370.png 500w, https:\/\/images.ifun.de\/wp-content\/uploads\/2024\/03\/powerline-app-1-768x568.png 768w, https:\/\/images.ifun.de\/wp-content\/uploads\/2024\/03\/powerline-app-1-1536x1137.png 1536w, https:\/\/images.ifun.de\/wp-content\/uploads\/2024\/03\/powerline-app-1-2048x1515.png 2048w\" sizes=\"auto, (max-width: 700px) 100vw, 700px\" \/><\/a><\/p>\n<p>Diese steht seit wenigen Tagen <a href=\"https:\/\/en.avm.de\/service\/update-news\/download\/show\/eyJkaXNwbGF5IjoiRlJJVFohUG93ZXJsaW5lIChtYWNPUykiLCJ1cmwiOiJodHRwOlwvXC9kb3dubG9hZC5hdm0uZGVcL2ZyaXR6cG93ZXJsaW5lXC90b29sc1wvZnJpdHpwb3dlcmxpbmVcL2VuXC9tYWNcL2luZm8udHh0IiwiaGFzaCI6IjkxYTA0MDdiZDc0ODE0YjY4YTBlNGU5MWVhNTcxNTlhZjI4ZDlhNGY0MGFmMWE2YjNhZGRjMWI3NzMzOGI2MzIifQ==\">in der neuen Version 01.06.02<\/a> zum Download zur Verf\u00fcgung und ist mit den folgenden Ger\u00e4temodellen der FRITZ!Powerline kompatibel: 500E, 510E, 520E, 530E, 540E, 546E, 1000E, 1210, 1220, 1220E, 1240 AX, 1240E, 1260E und 1260.<\/p>\n<p>In der neuesten Version <a href=\"https:\/\/en.avm.de\/service\/update-news\/\">der FRITZ!Powerline-App<\/a> wurden verschiedene Verbesserungen und Korrekturen vorgenommen. Die relevanteste Neuerung ist die Einf\u00fchrung eines neuen Analysemodus, der eine verbesserte Darstellung des Powerline-Spektrums erm\u00f6glicht. Dieser Modus erleichtert es Nutzern, die Leistung ihres Netzwerks besser zu verstehen und zu analysieren.<\/p>\n<p>Solltet ihr die App schon l\u00e4nger nicht mehr aktualisiert haben, dann k\u00f6nnt ihr euch beim Update auf <a href=\"https:\/\/en.avm.de\/service\/update-news\/download\/show\/eyJkaXNwbGF5IjoiRlJJVFohUG93ZXJsaW5lIChtYWNPUykiLCJ1cmwiOiJodHRwOlwvXC9kb3dubG9hZC5hdm0uZGVcL2ZyaXR6cG93ZXJsaW5lXC90b29sc1wvZnJpdHpwb3dlcmxpbmVcL2VuXC9tYWNcL2luZm8udHh0IiwiaGFzaCI6IjkxYTA0MDdiZDc0ODE0YjY4YTBlNGU5MWVhNTcxNTlhZjI4ZDlhNGY0MGFmMWE2YjNhZGRjMWI3NzMzOGI2MzIifQ==\">Version 01.06.02<\/a> auch \u00fcber die volle Unterst\u00fctzung aktueller Retina-Displays freuen<\/p>\n<p><a href=\"https:\/\/images.ifun.de\/wp-content\/uploads\/2024\/03\/powerline-app-spektrum.png\"><img loading=\"lazy\" decoding=\"async\" class=\"aligncenter size-large wp-image-230034\" src=\"https:\/\/images.ifun.de\/wp-content\/uploads\/2024\/03\/powerline-app-spektrum-700x645.png\" alt=\"Powerline App Spektrum\" width=\"700\" height=\"645\" srcset=\"https:\/\/images.ifun.de\/wp-content\/uploads\/2024\/03\/powerline-app-spektrum-700x645.png 700w, https:\/\/images.ifun.de\/wp-content\/uploads\/2024\/03\/powerline-app-spektrum-500x461.png 500w, https:\/\/images.ifun.de\/wp-content\/uploads\/2024\/03\/powerline-app-spektrum-768x708.png 768w, https:\/\/images.ifun.de\/wp-content\/uploads\/2024\/03\/powerline-app-spektrum-1536x1416.png 1536w, https:\/\/images.ifun.de\/wp-content\/uploads\/2024\/03\/powerline-app-spektrum-2048x1888.png 2048w\" sizes=\"auto, (max-width: 700px) 100vw, 700px\" \/><\/a><\/p>\n<p>Die FRITZ!Powerline-App ist offiziell mit macOS 11, 12, 13 kompatibel, sollte sich jedoch auch problemlos unter macOS 14 Sonoma einsetzen lassen.<\/p>\n<script>\r\n  function open_amazon(link) {\r\n    if (navigator.userAgent.indexOf(\"Firefox\") != -1) {\r\n      window.open(link, '_blank');\r\n    } else {\r\n      var tag = document.createElement('a');\r\n      tag.setAttribute('href', link);\r\n      tag.innerHTML = \"amzn\";\r\n      tag.click();\r\n    }\r\n  }\r\n<\/script>\r\n    <div id=\"article-single-amazon-preview\" onclick=\"return open_amazon('https:\/\/www.amazon.de\/dp\/B0752V1XFG?tag=musicweb02&linkCode=ogi&th=1&psc=1');\">\n  <div id=\"article-single-amazon-preview-header\">\n    <span class=\"title\">Produkthinweis<\/span>\n      <\/div>\n  <div id=\"article-single-amazon-preview-content\">\n    <div id=\"article-single-amazon-preview-img\" style=\"background: url('https:\/\/m.media-amazon.com\/images\/I\/31onnD1vaJL.jpg') center center no-repeat; background-size: cover;\"><\/div>\n    <div id=\"article-single-amazon-preview-desc\">\n      <span class=\"bezeichnung\"><a href=\"https:\/\/www.amazon.de\/dp\/B0752V1XFG?tag=musicweb02&linkCode=ogi&th=1&psc=1\" style=\"text-decoration: none; border-bottom: 0px; box-shadow: none;\">FRITZ!Powerline 1260\/1220 WLAN Set (WLAN-Access Point, ideal f\u00fcr Media-Streaming oder NAS-Anbindungen, 1.200 MBit\/s...<\/a><\/span>\n      <span class=\"preis--aktuell\">142,00 EUR<\/span>\n      <span class=\"preis--alt\">169,00 EUR<\/span>\n    <\/div>\n  <\/div>\n<\/div>\n<p><img loading=\"lazy\" decoding=\"async\" src=\"https:\/\/vg04.met.vgwort.de\/na\/1572ec659fcd497e9fda1065abd62367\" width=\"1\" height=\"1\" no-lazy class=\"tracking\"><\/p>\n","protected":false},"excerpt":{"rendered":"<a href=\"https:\/\/www.ifun.de\/fritzpowerline-neue-mac-app-zur-einrichtung-verfuegbar-230033\/\"><img width=\"150\" height=\"150\" src=\"https:\/\/images.ifun.de\/wp-content\/uploads\/2024\/03\/powerline-avm-fritz-150x150.jpg\" class=\"alignright tfe wp-post-image\" alt=\"Powerline Avm Fritz\" decoding=\"async\" loading=\"lazy\" \/><\/a><p>Wer im Heimnetzwerk l\u00e4ngere Strecken zwischen zwei Netzwerkger\u00e4ten \u00fcberbr\u00fccken muss, kein WLAN einsetzen kann (oder m\u00f6chte) und nicht \u00fcber bereits vorhandene Unterputzkabel verf\u00fcgt, der greift auch schon mal zu Powerline-Ger\u00e4ten. Diese werden von unterschiedlichen Anbietern vertrieben, unter anderem auch von dem Berliner Netzwerkausr\u00fcster AVM. Bei AVM, wie sollte es anders sein, h\u00f6ren diese auf die [&hellip;]<\/p>\n","protected":false},"author":1,"featured_media":230037,"comment_status":"open","ping_status":"closed","sticky":false,"template":"","format":"standard","meta":{"_acf_changed":false,"footnotes":""},"categories":[5],"tags":[44,1654,6460,52],"class_list":["post-230033","post","type-post","status-publish","format-standard","has-post-thumbnail","hentry","category-apps","tag-app","tag-avm","tag-fritzpowerline","tag-software"],"acf":[],"aioseo_notices":[],"featured_image":["https:\/\/images.ifun.de\/wp-content\/uploads\/2024\/03\/powerline-avm-fritz.jpg"],"subheadline":["FRITZ!Powerline f\u00fcr macOS"],"rest_api_enabler":{"featured_image":"https:\/\/images.ifun.de\/wp-content\/uploads\/2024\/03\/powerline-avm-fritz.jpg","subheadline":"FRITZ!Powerline f\u00fcr macOS"},"_links":{"self":[{"href":"https:\/\/www.ifun.de\/apiv2\/wp\/v2\/posts\/230033","targetHints":{"allow":["GET"]}}],"collection":[{"href":"https:\/\/www.ifun.de\/apiv2\/wp\/v2\/posts"}],"about":[{"href":"https:\/\/www.ifun.de\/apiv2\/wp\/v2\/types\/post"}],"author":[{"embeddable":true,"href":"https:\/\/www.ifun.de\/apiv2\/wp\/v2\/users\/1"}],"replies":[{"embeddable":true,"href":"https:\/\/www.ifun.de\/apiv2\/wp\/v2\/comments?post=230033"}],"version-history":[{"count":1,"href":"https:\/\/www.ifun.de\/apiv2\/wp\/v2\/posts\/230033\/revisions"}],"predecessor-version":[{"id":230039,"href":"https:\/\/www.ifun.de\/apiv2\/wp\/v2\/posts\/230033\/revisions\/230039"}],"wp:featuredmedia":[{"embeddable":true,"href":"https:\/\/www.ifun.de\/apiv2\/wp\/v2\/media\/230037"}],"wp:attachment":[{"href":"https:\/\/www.ifun.de\/apiv2\/wp\/v2\/media?parent=230033"}],"wp:term":[{"taxonomy":"category","embeddable":true,"href":"https:\/\/www.ifun.de\/apiv2\/wp\/v2\/categories?post=230033"},{"taxonomy":"post_tag","embeddable":true,"href":"https:\/\/www.ifun.de\/apiv2\/wp\/v2\/tags?post=230033"}],"curies":[{"name":"wp","href":"https:\/\/api.w.org\/{rel}","templated":true}]}}