{"id":229630,"date":"2024-03-20T14:43:45","date_gmt":"2024-03-20T13:43:45","guid":{"rendered":"https:\/\/www.ifun.de\/?p=229630"},"modified":"2024-03-20T14:44:04","modified_gmt":"2024-03-20T13:44:04","slug":"apple-vision-ohne-pro-ein-einsteiger-modell-fuer-unter-2-000-euro","status":"publish","type":"post","link":"https:\/\/www.ifun.de\/apple-vision-ohne-pro-ein-einsteiger-modell-fuer-unter-2-000-euro-229630\/","title":{"rendered":"Apple Vision ohne Pro: Ein Einsteiger-Modell f\u00fcr unter 2.000 Euro"},"content":{"rendered":"<p>Es wird vermutlich noch eine Weile dauern, bis die 3.500 US-Dollar teure Apple Vision Pro von einem einfacheren Einsteiger-Modell flankiert wird, das auf ausgesuchte Premium-Funktionen verzichtet, um mit einem attraktiveren Verkaufspreis punkten zu k\u00f6nnen. Eine Apple Vision also, ohne den Namenszusatz &#8222;Pro&#8220;.<\/p>\n<p><a href=\"https:\/\/images.ifun.de\/wp-content\/uploads\/2024\/02\/apple-vision-pro-displays.jpg\"><img loading=\"lazy\" decoding=\"async\" class=\"aligncenter size-medium wp-image-228287\" src=\"https:\/\/images.ifun.de\/wp-content\/uploads\/2024\/02\/apple-vision-pro-displays-500x296.jpg\" alt=\"Apple Vision Pro Displays\" width=\"500\" height=\"296\" srcset=\"https:\/\/images.ifun.de\/wp-content\/uploads\/2024\/02\/apple-vision-pro-displays-500x296.jpg 500w, https:\/\/images.ifun.de\/wp-content\/uploads\/2024\/02\/apple-vision-pro-displays-700x415.jpg 700w, https:\/\/images.ifun.de\/wp-content\/uploads\/2024\/02\/apple-vision-pro-displays-768x455.jpg 768w, https:\/\/images.ifun.de\/wp-content\/uploads\/2024\/02\/apple-vision-pro-displays.jpg 1400w\" sizes=\"auto, (max-width: 500px) 100vw, 500px\" \/><\/a><\/p>\n<h2>Fr\u00fchestens 2025 am Markt<\/h2>\n<p>Branchenbeobachter vermuten, dass die zweite Generation der Datenbrille fr\u00fchestens 2025, wahrscheinlich eher 2026 erscheinen wird. Im Hintergrund soll Apple jedoch geh\u00f6rig aufs Gas dr\u00fccken und sich aktiv darum bem\u00fchen, den Preis f\u00fcr die g\u00fcnstigere Variante des Mixed Reality Headsets unter der 2.000 Euro-Grenze zu halten.<\/p>\n<p>Apple soll hier etwa erw\u00e4gen ausgesuchte Funktionsmerkmale der Apple Vision Pro zu \u00fcberarbeiten, um die Kosten zu senken. M\u00f6glich w\u00e4re eine geringere Anzahl an verbauten Kameras, Displays mit niedrigerer Aufl\u00f6sung und der Wechsel hin zu einem Chip, wie er auch im iPhone zum Einsatz kommt, statt den teuren M-Chips aus dem Mac-Portfolio.<\/p>\n<p><a href=\"https:\/\/images.ifun.de\/wp-content\/uploads\/2024\/02\/apple-vision-pro-prozessoren.jpg\"><img loading=\"lazy\" decoding=\"async\" class=\"alignnone size-large wp-image-228286\" src=\"https:\/\/images.ifun.de\/wp-content\/uploads\/2024\/02\/apple-vision-pro-prozessoren-700x337.jpg\" alt=\"Apple Vision Pro Prozessoren\" width=\"700\" height=\"337\" srcset=\"https:\/\/images.ifun.de\/wp-content\/uploads\/2024\/02\/apple-vision-pro-prozessoren-700x337.jpg 700w, https:\/\/images.ifun.de\/wp-content\/uploads\/2024\/02\/apple-vision-pro-prozessoren-500x241.jpg 500w, https:\/\/images.ifun.de\/wp-content\/uploads\/2024\/02\/apple-vision-pro-prozessoren-768x370.jpg 768w, https:\/\/images.ifun.de\/wp-content\/uploads\/2024\/02\/apple-vision-pro-prozessoren.jpg 1400w\" sizes=\"auto, (max-width: 700px) 100vw, 700px\" \/><\/a><\/p>\n<h2>G\u00fcnstigere Displays in Planung<\/h2>\n<p>Um das g\u00fcnstigere Modell statt der aktuell veranschlagten 3.500 US-Dollar vielleicht schon f\u00fcr 1.500 US-Dollar anbieten zu k\u00f6nnen, soll Apple aber vor allem die teuersten Komponenten des Headsets \u00fcberdenken. Aktuell soll der Konzern nach g\u00fcnstigeren Alternativen zu den beiden verbauten 4K-Mikro-OLED-Displays Ausschau halten.<\/p>\n<p>Aktuell ist fast der halbe Preis der Apple Vision Pro auf die Materialkosten zur\u00fcckzuf\u00fchren. Ein Drittel der Materialkosten werden von den Displays verursacht. Wie berichtet ist unter anderem die extreme Pixeldichte der Mini-Bildschirme f\u00fcr den hohen Preis der Apple Vision Pro verantwortlich. W\u00e4hrend es das iPhone 15 auf 460 Pixel pro Inch bringt, kommt die Apple Vision Pro auf massive 3.386 Pixel pro Inch.<\/p>\n<ul>\n<li>Apple Vision Pro: <a href=\"https:\/\/www.ifun.de\/apple-vision-pro-fast-die-haelfte-des-preises-sind-materialkosten-228282\/\">Fast die H\u00e4lfte des Preises sind Materialkosten<\/a><\/li>\n<\/ul>\n<p>Nach Angaben des koreanischen <a href=\"https:\/\/thelec.net\/\">Fachmagazins The Elec<\/a> soll Apple nun in Erw\u00e4gung ziehen, weitere Unternehmen mit der Display-Produktion zu beauftragen. Aktuell ist Sony der Alleinlieferant der verbauten Displays.<\/p>\n<p><img loading=\"lazy\" decoding=\"async\" src=\"https:\/\/vg04.met.vgwort.de\/na\/d17b5fae9f814db4a0bb7c6854ac19cd\" width=\"1\" height=\"1\" no-lazy class=\"tracking\"><\/p>\n","protected":false},"excerpt":{"rendered":"<a href=\"https:\/\/www.ifun.de\/apple-vision-ohne-pro-ein-einsteiger-modell-fuer-unter-2-000-euro-229630\/\"><img decoding=\"async\" width=\"150\" src=\"https:\/\/images.ifun.de\/wp-content\/uploads\/2024\/02\/apple-vision-pro-displays-500x296.jpg\" class=\"alignright wp-post-image tfe\" alt=\"Apple Vision Pro Displays\" title=\"\" \/><\/a><p>Es wird vermutlich noch eine Weile dauern, bis die 3.500 US-Dollar teure Apple Vision Pro von einem einfacheren Einsteiger-Modell flankiert wird, das auf ausgesuchte Premium-Funktionen verzichtet, um mit einem attraktiveren Verkaufspreis punkten zu k\u00f6nnen. Eine Apple Vision also, ohne den Namenszusatz &#8222;Pro&#8220;. Fr\u00fchestens 2025 am Markt Branchenbeobachter vermuten, dass die zweite Generation der Datenbrille fr\u00fchestens [&hellip;]<\/p>\n","protected":false},"author":1,"featured_media":0,"comment_status":"open","ping_status":"closed","sticky":false,"template":"","format":"standard","meta":{"_acf_changed":false,"footnotes":""},"categories":[1],"tags":[6169],"class_list":["post-229630","post","type-post","status-publish","format-standard","hentry","category-news","tag-apple-vision-pro"],"acf":[],"aioseo_notices":[],"featured_image":["https:\/\/images.ifun.de\/wp-content\/uploads\/2023\/12\/apple-vision-pro-feature-2.jpg"],"subheadline":["G\u00fcnstigere Displays in Planung"],"rest_api_enabler":{"featured_image":"https:\/\/images.ifun.de\/wp-content\/uploads\/2023\/12\/apple-vision-pro-feature-2.jpg","subheadline":"G\u00fcnstigere Displays in Planung"},"_links":{"self":[{"href":"https:\/\/www.ifun.de\/apiv2\/wp\/v2\/posts\/229630","targetHints":{"allow":["GET"]}}],"collection":[{"href":"https:\/\/www.ifun.de\/apiv2\/wp\/v2\/posts"}],"about":[{"href":"https:\/\/www.ifun.de\/apiv2\/wp\/v2\/types\/post"}],"author":[{"embeddable":true,"href":"https:\/\/www.ifun.de\/apiv2\/wp\/v2\/users\/1"}],"replies":[{"embeddable":true,"href":"https:\/\/www.ifun.de\/apiv2\/wp\/v2\/comments?post=229630"}],"version-history":[{"count":2,"href":"https:\/\/www.ifun.de\/apiv2\/wp\/v2\/posts\/229630\/revisions"}],"predecessor-version":[{"id":229634,"href":"https:\/\/www.ifun.de\/apiv2\/wp\/v2\/posts\/229630\/revisions\/229634"}],"wp:attachment":[{"href":"https:\/\/www.ifun.de\/apiv2\/wp\/v2\/media?parent=229630"}],"wp:term":[{"taxonomy":"category","embeddable":true,"href":"https:\/\/www.ifun.de\/apiv2\/wp\/v2\/categories?post=229630"},{"taxonomy":"post_tag","embeddable":true,"href":"https:\/\/www.ifun.de\/apiv2\/wp\/v2\/tags?post=229630"}],"curies":[{"name":"wp","href":"https:\/\/api.w.org\/{rel}","templated":true}]}}