{"id":229545,"date":"2024-03-28T19:06:08","date_gmt":"2024-03-28T18:06:08","guid":{"rendered":"https:\/\/www.ifun.de\/?p=229545"},"modified":"2024-03-28T19:36:23","modified_gmt":"2024-03-28T18:36:23","slug":"bloomberg-neue-ipads-kommen-wohl-anfang-mai-update","status":"publish","type":"post","link":"https:\/\/www.ifun.de\/bloomberg-neue-ipads-kommen-wohl-anfang-mai-update-229545\/","title":{"rendered":"Bloomberg: Neue iPads kommen wohl Anfang Mai [Update]"},"content":{"rendered":"<p><strong>Update vom 28. M\u00e4rz:<\/strong> Nach Angaben des Wirtschaftsnachrichten-Dienstes Bloomberg soll Apple nun zur Massenproduktion neue iPads <a href=\"https:\/\/www.bloomberg.com\/news\/articles\/2024-03-28\/when-is-the-new-ipad-pro-ipad-air-coming-out-apple-plans-early-may-launch\">\u00fcbergegangen sein<\/a> und plant die n\u00e4chste Generation des iPad Pro und ein neues Modell des iPad Air Anfang Mai auf den Markt zu bringen.<\/p>\n<blockquote class=\"twitter-tweet\">\n<p lang=\"en\" dir=\"ltr\">NEW: Apple plans to launch its next iPad Pro and iPad Air lines in early May, with suppliers now ramping up production of the new devices. <a href=\"https:\/\/t.co\/aMRvbfd6MO\">https:\/\/t.co\/aMRvbfd6MO<\/a><\/p>\n<p>&mdash; Mark Gurman (@markgurman) <a href=\"https:\/\/twitter.com\/markgurman\/status\/1773409721921474744?ref_src=twsrc%5Etfw\">March 28, 2024<\/a><\/p><\/blockquote>\n<p> <script async src=\"https:\/\/platform.twitter.com\/widgets.js\" charset=\"utf-8\"><\/script><\/p>\n<p><strong>Original-Eintrag vom 9. M\u00e4rz:<\/strong> So langsam w\u00e4re es an der Zeit f\u00fcr die Vorstellung neuer iPad-Modelle. Hier will dringend ein iPad Air ersetzt werden und zudem ist es inzwischen fast anderthalb Jahre her, seit Apple das iPad Pro im Oktober 2022 als weiterhin aktuellstes Modell in seiner iPad-Sparte vorgestellt hat.<\/p>\n<p>Ger\u00fcchten aus China zufolge soll es in einer Woche soweit sein. Das Apple-Blog <a href=\"https:\/\/www.macrumors.com\/2024\/03\/19\/new-ipad-air-shipping-from-china\/\">MacRumors<\/a> zitiert einen Nutzer der Mikroblogging-Plattform Weibo, dem zufolge die ersten Schiffsladungen mit neuen Ger\u00e4ten bereits von China aus auf dem Weg in die USA und andere L\u00e4nder sind. Zudem bereiten erste Hersteller und H\u00e4ndler den Verkaufsstart von Zubeh\u00f6r wie etwa H\u00fcllen f\u00fcr Dienstag, den 26. M\u00e4rz vor.<\/p>\n<p><a href=\"https:\/\/images.ifun.de\/wp-content\/uploads\/2022\/03\/ipad-air-lifestyle.jpg\"><img loading=\"lazy\" decoding=\"async\" src=\"https:\/\/images.ifun.de\/wp-content\/uploads\/2022\/03\/ipad-air-lifestyle-700x497.jpg\" alt=\"Ipad Air Lifestyle\" width=\"700\" height=\"497\" class=\"alignnone size-large wp-image-183424\" srcset=\"https:\/\/images.ifun.de\/wp-content\/uploads\/2022\/03\/ipad-air-lifestyle-700x497.jpg 700w, https:\/\/images.ifun.de\/wp-content\/uploads\/2022\/03\/ipad-air-lifestyle-500x355.jpg 500w, https:\/\/images.ifun.de\/wp-content\/uploads\/2022\/03\/ipad-air-lifestyle-768x545.jpg 768w, https:\/\/images.ifun.de\/wp-content\/uploads\/2022\/03\/ipad-air-lifestyle.jpg 1400w\" sizes=\"auto, (max-width: 700px) 100vw, 700px\" \/><\/a><\/p>\n<p>Ein neues iPad Air steht ganz oben auf der Liste der Erwartungen. Die derzeit noch aktuelle f\u00fcnfte Generation des Tablets wurde vor ziemlich genau zwei Jahren vorgestellt. In der neuen Version soll das iPad Air nun erstmals mit zwei Gr\u00f6\u00dfen auf den Markt kommen und neben 10,9 Zoll auch im Format 12,9 Zoll erh\u00e4ltlich sein.<\/p>\n<p>Zudem wird erwartet, dass Apple bei seinen kommenden Tablets wie bereits beim iPad der zehnten Generation der Fall die Frontkamera so platziert, dass sie im Querformat mittig sitzt und die Ger\u00e4te so endlich auch auch besser f\u00fcr Videotelefonate \u00fcber FaceTime geeignet sind.<\/p>\n<p>Neben einem neuen iPad Air sind \u00fcberarbeitete Versionen der beiden iPad-Pro-Modelle im Gespr\u00e4ch, die dann wohl auf Apples neuen M3-Prozessor und die Ausstattung mit OLED-Bildschirmen setzen.<\/p>\n<h2>Ende M\u00e4rz oder Anfang April?<\/h2>\n<p>In Stein gemei\u00dfelt ist der 26. M\u00e4rz allerdings nicht. Zweifel streut hier unter anderem der mit guten Verbindungen zu Apple ausgestattete Bloomberg-Journalist Mark Gurman, der sich weiterhin nicht f\u00fcr einen konkreten Termin entscheiden will. In seinem letzten Newsletter f\u00fcr Abonnenten lie\u00df Gurman verlauten, dass f\u00fcr den Verkaufsstart der Ger\u00e4te auch verschiedene Software-Anpassungen erforderlich sind, die sich m\u00f6glicherweise bis in den April hinein hinziehen.<\/p>\n<p>Eine Option, die beiden Seiten Recht geben w\u00fcrde, w\u00e4re die Ank\u00fcndigung der Ger\u00e4te in der kommenden Woche kombiniert mit einem ein oder zwei Wochen sp\u00e4ter liegenden Termin f\u00fcr den Verkaufsstart.<img loading=\"lazy\" decoding=\"async\" src=\"https:\/\/vg06.met.vgwort.de\/na\/e42ce70909ae41f5857798f2d0ea411e\" width=\"1\" height=\"1\" no-lazy class=\"tracking\"><\/p>\n","protected":false},"excerpt":{"rendered":"<a href=\"https:\/\/www.ifun.de\/bloomberg-neue-ipads-kommen-wohl-anfang-mai-update-229545\/\"><img decoding=\"async\" width=\"150\" src=\"https:\/\/images.ifun.de\/wp-content\/uploads\/2022\/03\/ipad-air-lifestyle-700x497.jpg\" class=\"alignright wp-post-image tfe\" alt=\"Ipad Air Lifestyle\" title=\"\" \/><\/a><p>Update vom 28. M\u00e4rz: Nach Angaben des Wirtschaftsnachrichten-Dienstes Bloomberg soll Apple nun zur Massenproduktion neue iPads \u00fcbergegangen sein und plant die n\u00e4chste Generation des iPad Pro und ein neues Modell des iPad Air Anfang Mai auf den Markt zu bringen. NEW: Apple plans to launch its next iPad Pro and iPad Air lines in early [&hellip;]<\/p>\n","protected":false},"author":2,"featured_media":0,"comment_status":"open","ping_status":"closed","sticky":false,"template":"","format":"standard","meta":{"_acf_changed":false,"footnotes":""},"categories":[10],"tags":[2067,2486],"class_list":["post-229545","post","type-post","status-publish","format-standard","hentry","category-ipad","tag-ipad-air","tag-ipad-pro"],"acf":[],"aioseo_notices":[],"featured_image":["https:\/\/images.ifun.de\/wp-content\/uploads\/2022\/08\/ipad-und-airpods-max-feature-apple.jpg"],"subheadline":["Zuletzt lag der M\u00e4rz hoch im Kurs"],"rest_api_enabler":{"featured_image":"https:\/\/images.ifun.de\/wp-content\/uploads\/2022\/08\/ipad-und-airpods-max-feature-apple.jpg","subheadline":"Zuletzt lag der M\u00e4rz hoch im Kurs"},"_links":{"self":[{"href":"https:\/\/www.ifun.de\/apiv2\/wp\/v2\/posts\/229545","targetHints":{"allow":["GET"]}}],"collection":[{"href":"https:\/\/www.ifun.de\/apiv2\/wp\/v2\/posts"}],"about":[{"href":"https:\/\/www.ifun.de\/apiv2\/wp\/v2\/types\/post"}],"author":[{"embeddable":true,"href":"https:\/\/www.ifun.de\/apiv2\/wp\/v2\/users\/2"}],"replies":[{"embeddable":true,"href":"https:\/\/www.ifun.de\/apiv2\/wp\/v2\/comments?post=229545"}],"version-history":[{"count":8,"href":"https:\/\/www.ifun.de\/apiv2\/wp\/v2\/posts\/229545\/revisions"}],"predecessor-version":[{"id":230116,"href":"https:\/\/www.ifun.de\/apiv2\/wp\/v2\/posts\/229545\/revisions\/230116"}],"wp:attachment":[{"href":"https:\/\/www.ifun.de\/apiv2\/wp\/v2\/media?parent=229545"}],"wp:term":[{"taxonomy":"category","embeddable":true,"href":"https:\/\/www.ifun.de\/apiv2\/wp\/v2\/categories?post=229545"},{"taxonomy":"post_tag","embeddable":true,"href":"https:\/\/www.ifun.de\/apiv2\/wp\/v2\/tags?post=229545"}],"curies":[{"name":"wp","href":"https:\/\/api.w.org\/{rel}","templated":true}]}}