{"id":229012,"date":"2024-03-08T19:41:28","date_gmt":"2024-03-08T18:41:28","guid":{"rendered":"https:\/\/www.ifun.de\/?p=229012"},"modified":"2024-03-09T08:46:52","modified_gmt":"2024-03-09T07:46:52","slug":"apple-rudert-zurueck-entwicklerkonto-von-epic-wieder-installiert","status":"publish","type":"post","link":"https:\/\/www.ifun.de\/apple-rudert-zurueck-entwicklerkonto-von-epic-wieder-installiert-229012\/","title":{"rendered":"Apple rudert zur\u00fcck: Entwicklerkonto von Epic wieder installiert [Update]"},"content":{"rendered":"<p>Apple hat sich im aktuellen Konflikt mit Epic und der Europ\u00e4ischen Union um 180 Grad gedreht. Wie Epic in seinem Hausblog <a href=\"https:\/\/www.epicgames.com\/site\/de\/news\/apple-terminated-epic-s-developer-account\">mitteilt<\/a>, will Apple die Entscheidung, das Entwickler-Konto des Spieleanbieters zu sperren, wieder zur\u00fccknehmen. Der Epic-Chef Tim Sweeney spricht angesichts dieser Tatsache vom ersten gro\u00dfen Sieg des neuen europ\u00e4ischen Gesetzes \u00fcber digitale M\u00e4rkte.<\/p>\n<blockquote class=\"twitter-tweet\">\n<p lang=\"en\" dir=\"ltr\">The DMA went through its first major challenge with Apple banning Epic Games Sweden from competing with the App Store, and the DMA just had its first major victory. Following a swift inquiry by the European Commission, Apple notified the Commission and Epic that it would relent\u2026<\/p>\n<p>&mdash; Tim Sweeney (@TimSweeneyEpic) <a href=\"https:\/\/twitter.com\/TimSweeneyEpic\/status\/1766158416093798866?ref_src=twsrc%5Etfw\">March 8, 2024<\/a><\/p><\/blockquote>\n<p> <script async src=\"https:\/\/platform.twitter.com\/widgets.js\" charset=\"utf-8\"><\/script><\/p>\n<p>Apple hat den Entwicklerzugang von Epic erst vor zwei Tagen gesperrt, was in der Folge auch bedeutet h\u00e4tte, dass Epic nicht in der Lage ist, den geplanten unabh\u00e4ngigen App Store f\u00fcr iOS anzubieten. Diese Aktion hatte allerdings die Verantwortlichen der EU auf den Plan gerufen. EU-Kommissar hatte gestern erst eine Untersuchung der Angelegenheit angek\u00fcndigt und freut sich heute mit den Worten, \u201eIch nehme mit Zufriedenheit zur Kenntnis, dass Apple nach unseren Kontakten beschlossen hat, seine Entscheidung \u00fcber den Ausschluss von Epic zur\u00fcckzunehmen.\u201c<\/p>\n<blockquote class=\"twitter-tweet\">\n<p lang=\"en\" dir=\"ltr\">&#x1f6a8;&#x1f34e; <\/p>\n<p>I take note with satisfaction that following our contacts Apple decided to backtrack its decision on Epic exclusion.<\/p>\n<p>From Day 2, <a href=\"https:\/\/twitter.com\/hashtag\/DMA?src=hash&amp;ref_src=twsrc%5Etfw\">#DMA<\/a> is already showing very concrete results!<a href=\"https:\/\/twitter.com\/hashtag\/FreeFortnite?src=hash&amp;ref_src=twsrc%5Etfw\">#FreeFortnite<\/a> &#x2935;&#xfe0f;<a href=\"https:\/\/t.co\/LKbZNd2htb\">https:\/\/t.co\/LKbZNd2htb<\/a> <a href=\"https:\/\/t.co\/UqMSDgem7m\">https:\/\/t.co\/UqMSDgem7m<\/a><\/p>\n<p>&mdash; Thierry Breton (@ThierryBreton) <a href=\"https:\/\/twitter.com\/ThierryBreton\/status\/1766167580497117464?ref_src=twsrc%5Etfw\">March 8, 2024<\/a><\/p><\/blockquote>\n<p> <script async src=\"https:\/\/platform.twitter.com\/widgets.js\" charset=\"utf-8\"><\/script><\/p>\n<p>Von Apple selbst war diesbez\u00fcglich bislang nichts Offizielles zu h\u00f6ren. Das Unternehmen gibt nach aktuellem Stand jedoch nicht unbedingt ein souver\u00e4nes Bild ab. Im Nachhinein wirkt die Ma\u00dfnahme gegen Epic wie ein un\u00fcberlegter Schnellschuss, der jetzt aus Angst vor Ma\u00dfnahmen der EU revidiert wurde.<\/p>\n<h2>Update: Stellungnahme von Apple<\/h2>\n<p>Apple hat sich mittlerweile zu dem Sachverhalt ge\u00e4u\u00dfert. In einer an amerikanische Medien verteilten Stellungnahme stellt das Unternehmen seine Sicht der Dinge so dar, dass die Account-Sperre erlassen wurde, weil Epic sich zuvor nicht verpflichtet habe, Apples Richtlinien inklusive jener, die im Zusammenhang mit dem Gesetz \u00fcber digitale M\u00e4rkte stehen, zu befolgen.<\/p>\n<p>Diesen Konflikt habe man in Gespr\u00e4chen beigelegt und dem in Schweden ans\u00e4\u00dfigen Europa-Ableger von Epic daher genehmigt, die Entwicklervereinbarung mit Apple erneut zu unterzeichnen, um wieder in das Entwickler-Programm aufgenommen zu werden.<\/p>\n<p>Der Streit zwischen Apple und Epic d\u00fcrfte damit l\u00e4ngst nicht beigelegt sein. Epic hat bereits angedeutet, dass es die mit dem Gesetz \u00fcber digitale M\u00e4rkte in Europa geschaffenen M\u00f6glichkeiten in vollem Umfang nutzen will. Wir d\u00fcrfen gespannt darauf sein, in welcher Form der Anbieter seinen eigenen App Store auf Apple-Ger\u00e4te bringen wird.<\/p>\n<p><h8>Am 9.3.um 8:30 Uhr um Apples Stellungnahme erg\u00e4nzt.<img loading=\"lazy\" decoding=\"async\" src=\"https:\/\/vg02.met.vgwort.de\/na\/71e5d8c0d6cb4c88a799b01a27580df9\" width=\"1\" height=\"1\" no-lazy class=\"tracking\"><\/h8><\/p>\n","protected":false},"excerpt":{"rendered":"<a href=\"https:\/\/www.ifun.de\/apple-rudert-zurueck-entwicklerkonto-von-epic-wieder-installiert-229012\/\"><img decoding=\"async\" width=\"150\" src=\"https:\/\/vg02.met.vgwort.de\/na\/71e5d8c0d6cb4c88a799b01a27580df9\" class=\"alignright wp-post-image tfe\" alt=\"\" title=\"\" \/><\/a><p>Apple hat sich im aktuellen Konflikt mit Epic und der Europ\u00e4ischen Union um 180 Grad gedreht. Wie Epic in seinem Hausblog mitteilt, will Apple die Entscheidung, das Entwickler-Konto des Spieleanbieters zu sperren, wieder zur\u00fccknehmen. Der Epic-Chef Tim Sweeney spricht angesichts dieser Tatsache vom ersten gro\u00dfen Sieg des neuen europ\u00e4ischen Gesetzes \u00fcber digitale M\u00e4rkte. The DMA [&hellip;]<\/p>\n","protected":false},"author":2,"featured_media":0,"comment_status":"open","ping_status":"closed","sticky":false,"template":"","format":"standard","meta":{"_acf_changed":false,"footnotes":""},"categories":[3],"tags":[4736,4360],"class_list":["post-229012","post","type-post","status-publish","format-standard","hentry","category-apple","tag-apple","tag-epic"],"acf":[],"aioseo_notices":[],"featured_image":["https:\/\/images.ifun.de\/wp-content\/uploads\/2024\/01\/app-store-europa-feature.jpg"],"subheadline":["Apple-Stellungnahme nachgereicht"],"rest_api_enabler":{"featured_image":"https:\/\/images.ifun.de\/wp-content\/uploads\/2024\/01\/app-store-europa-feature.jpg","subheadline":"Apple-Stellungnahme nachgereicht"},"_links":{"self":[{"href":"https:\/\/www.ifun.de\/apiv2\/wp\/v2\/posts\/229012","targetHints":{"allow":["GET"]}}],"collection":[{"href":"https:\/\/www.ifun.de\/apiv2\/wp\/v2\/posts"}],"about":[{"href":"https:\/\/www.ifun.de\/apiv2\/wp\/v2\/types\/post"}],"author":[{"embeddable":true,"href":"https:\/\/www.ifun.de\/apiv2\/wp\/v2\/users\/2"}],"replies":[{"embeddable":true,"href":"https:\/\/www.ifun.de\/apiv2\/wp\/v2\/comments?post=229012"}],"version-history":[{"count":5,"href":"https:\/\/www.ifun.de\/apiv2\/wp\/v2\/posts\/229012\/revisions"}],"predecessor-version":[{"id":229022,"href":"https:\/\/www.ifun.de\/apiv2\/wp\/v2\/posts\/229012\/revisions\/229022"}],"wp:attachment":[{"href":"https:\/\/www.ifun.de\/apiv2\/wp\/v2\/media?parent=229012"}],"wp:term":[{"taxonomy":"category","embeddable":true,"href":"https:\/\/www.ifun.de\/apiv2\/wp\/v2\/categories?post=229012"},{"taxonomy":"post_tag","embeddable":true,"href":"https:\/\/www.ifun.de\/apiv2\/wp\/v2\/tags?post=229012"}],"curies":[{"name":"wp","href":"https:\/\/api.w.org\/{rel}","templated":true}]}}