{"id":229005,"date":"2024-03-08T19:04:23","date_gmt":"2024-03-08T18:04:23","guid":{"rendered":"https:\/\/www.ifun.de\/?p=229005"},"modified":"2024-03-08T19:04:23","modified_gmt":"2024-03-08T18:04:23","slug":"diese-woche-bei-apple-tv","status":"publish","type":"post","link":"https:\/\/www.ifun.de\/diese-woche-bei-apple-tv-229005\/","title":{"rendered":"Diese Woche bei Apple TV+"},"content":{"rendered":"<p>Der  Eugene Levy hat mit den ersten acht Folgen seiner Serie \u201e<a href=\"https:\/\/tv.apple.com\/de\/show\/urlaub-wider-willen-mit-eugene-levy\/umc.cmc.237ur6qdup9h826huv7jg25yu?at=10ltcU\">Urlaub wider Willen<\/a>\u201c vor einem Jahr auf Apple TV+ Premiere gefeiert. Die Produktion begleitet den Kanadier dabei, wie er die &#8211; so Apple &#8211; &#8222;sch\u00f6nsten und faszinierendsten Orte der Welt&#8220; besucht.<\/p>\n<p>Von heute an legt Levy mit einer zweiten Staffel nach. In sieben weiteren Episoden besucht der Darsteller ausgew\u00e4hlte Orte, die diesmal allesamt in Europa liegen. Zu Beginn stehen die beiden Folgen \u201eSchweden: Mittsommer\u201c und \u201eSchottland: Das Land meiner Mutter\u201c von heute an f\u00fcr Abonnenten von Apples Videodienst zum Abruf bereit.<\/p>\n<p><div class=\"responsive-video\"><iframe loading=\"lazy\" title=\"The Reluctant Traveler \u2014 Season 2 Official Trailer | Apple TV+\" width=\"500\" height=\"281\" src=\"https:\/\/www.youtube-nocookie.com\/embed\/O1TvdQHA9b0?feature=oembed\" frameborder=\"0\" allow=\"accelerometer; autoplay; clipboard-write; encrypted-media; gyroscope; picture-in-picture; web-share\" referrerpolicy=\"strict-origin-when-cross-origin\" allowfullscreen><\/iframe><\/div><\/p>\n<p>Ansonsten gibt es am heutigen Freitag auch wieder eine neue Folge von \u201e<a href=\"https:\/\/tv.apple.com\/de\/show\/die-frei-erfundenen-abenteuer-von-dick-turpin\/umc.cmc.37r7vskzmm8hk2pfbzaxlcwzg?at=10ltcU\">Die frei erfundenen Abenteuer von Dick Turpin<\/a>\u201c bei Apple TV+ zu sehen. In dieser Comedy begleitet ihr den legend\u00e4ren Stra\u00dfenr\u00e4uber bei seinen absurden Erlebnissen.<\/p>\n<p>Apple TV+ hat dar\u00fcber hinaus wieder vier neue Werbevideos am Start. Der Zusammenschnitt \u201eWomen Are Perfect\u201c kombiniert anl\u00e4sslich des Weltfrauentags Ausschnitte aus 18 Filmen und Serien aus dem Angebot von Apple TV+<\/p>\n<p><div class=\"responsive-video\"><iframe loading=\"lazy\" title=\"Women Are Perfect | Apple TV+\" width=\"500\" height=\"281\" src=\"https:\/\/www.youtube-nocookie.com\/embed\/_JmLSSXVIMY?feature=oembed\" frameborder=\"0\" allow=\"accelerometer; autoplay; clipboard-write; encrypted-media; gyroscope; picture-in-picture; web-share\" referrerpolicy=\"strict-origin-when-cross-origin\" allowfullscreen><\/iframe><\/div><\/p>\n<p>\u201ePalm Royale \u2014 An Inside Look\u201c will euch auf den Start der f\u00fcr den f\u00fcr den 20. M\u00e4rz angek\u00fcndigten Serie \u201e<a href=\"https:\/\/tv.apple.com\/de\/show\/palm-royale\/umc.cmc.6vwg3ce7ovsexa3a6r7f6qk49?at=10ltcU\">Palm Royale<\/a>\u201c vorbereiten. Kristen Wiig spielt hier die Rolle von Maxine Simmons, die Ende der 1960er-Jahre versucht hat, als mittellose aber ehrgeizige Frau in der High Society von Palm Beach Fu\u00df zu fassen.<\/p>\n<p><div class=\"responsive-video\"><iframe loading=\"lazy\" title=\"Palm Royale \u2014 An Inside Look | Apple TV+\" width=\"500\" height=\"281\" src=\"https:\/\/www.youtube-nocookie.com\/embed\/yLMcniGOcmU?feature=oembed\" frameborder=\"0\" allow=\"accelerometer; autoplay; clipboard-write; encrypted-media; gyroscope; picture-in-picture; web-share\" referrerpolicy=\"strict-origin-when-cross-origin\" allowfullscreen><\/iframe><\/div><\/p>\n<p>\u201eLoot\u201c beziehungsweise hierzulande \u201e<a href=\"https:\/\/tv.apple.com\/de\/show\/reich\/umc.cmc.5erbujil1mpazuerhr1udnk45\">Reich<\/a>\u201c startet am 3. April mit einer zweiten Staffel um die von Maya Rudolph gespielte Milliarden-Erbin Molly Novak.<\/p>\n<p><div class=\"responsive-video\"><iframe loading=\"lazy\" title=\"Loot \u2014 Season 2 Official Trailer | Apple TV+\" width=\"500\" height=\"281\" src=\"https:\/\/www.youtube-nocookie.com\/embed\/8TWjRYzwjHI?feature=oembed\" frameborder=\"0\" allow=\"accelerometer; autoplay; clipboard-write; encrypted-media; gyroscope; picture-in-picture; web-share\" referrerpolicy=\"strict-origin-when-cross-origin\" allowfullscreen><\/iframe><\/div><\/p>\n<p>Als weitere Neuank\u00fcndigung macht uns Apple mit dem Video \u201e<a href=\"https:\/\/tv.apple.com\/de\/show\/steve-martin-ein-portrat-in-zwei-teilen\/umc.cmc.7kkgskd7j0lomjoqdo97l80ql\">STEVE! (martin) &#8211; Ein Portr\u00e4t in zwei Teilen<\/a>\u201c die am 29. M\u00e4rz startende Dokumentation um den Schauspieler Steve Martin schmackhaft.<\/p>\n<p><div class=\"responsive-video\"><iframe loading=\"lazy\" title=\"STEVE! (martin) a documentary in 2 pieces \u2014 Official Trailer | Apple TV+\" width=\"500\" height=\"281\" src=\"https:\/\/www.youtube-nocookie.com\/embed\/d30IaPx5Qc8?feature=oembed\" frameborder=\"0\" allow=\"accelerometer; autoplay; clipboard-write; encrypted-media; gyroscope; picture-in-picture; web-share\" referrerpolicy=\"strict-origin-when-cross-origin\" allowfullscreen><\/iframe><\/div><\/p>\n<p>Obendrauf legt Apple erneut in Sachen \u201e<a href=\"https:\/\/tv.apple.com\/de\/show\/masters-of-the-air\/umc.cmc.7bxcni0vwgll9kmicq738k5q2?at=10ltcU\" title=\"Masters of the Air\">Masters of the Air<\/a>\u201c nach. F\u00fcr die vermutlich auch entsprechend kostenintensiven Serie zeichnen unter anderem Steven Spielberg und Tom Hanks verantwortlich. Bei den neuesten Apple-Videos dazu handelt es sich um die Clips \u201eThe 99th Pursuit Squadron\u201c und \u201eThe Tuskegee Airmen\u201c.<\/p>\n<p><div class=\"responsive-video\"><iframe loading=\"lazy\" title=\"Masters of the Air \u2014 &quot;The 99th Pursuit Squadron&quot; Clip | Apple TV+\" width=\"500\" height=\"281\" src=\"https:\/\/www.youtube-nocookie.com\/embed\/w7gsZscrXaA?feature=oembed\" frameborder=\"0\" allow=\"accelerometer; autoplay; clipboard-write; encrypted-media; gyroscope; picture-in-picture; web-share\" referrerpolicy=\"strict-origin-when-cross-origin\" allowfullscreen><\/iframe><\/div><\/p>\n<p><div class=\"responsive-video\"><iframe loading=\"lazy\" title=\"Masters of the Air \u2014 The Tuskegee Airmen | Apple TV+\" width=\"500\" height=\"281\" src=\"https:\/\/www.youtube-nocookie.com\/embed\/G8XHUMwPfHc?feature=oembed\" frameborder=\"0\" allow=\"accelerometer; autoplay; clipboard-write; encrypted-media; gyroscope; picture-in-picture; web-share\" referrerpolicy=\"strict-origin-when-cross-origin\" allowfullscreen><\/iframe><\/div><br \/>\n<img loading=\"lazy\" decoding=\"async\" src=\"https:\/\/vg02.met.vgwort.de\/na\/615d138e42db4e0eae88126fdc587244\" width=\"1\" height=\"1\" no-lazy class=\"tracking\"><\/p>\n","protected":false},"excerpt":{"rendered":"<a href=\"https:\/\/www.ifun.de\/diese-woche-bei-apple-tv-229005\/\"><img width=\"150\" height=\"150\" src=\"https:\/\/images.ifun.de\/wp-content\/uploads\/2024\/03\/levy-feature-150x150.jpg\" class=\"alignright tfe wp-post-image\" alt=\"Levy Feature\" decoding=\"async\" loading=\"lazy\" \/><\/a><p>Der Eugene Levy hat mit den ersten acht Folgen seiner Serie \u201eUrlaub wider Willen\u201c vor einem Jahr auf Apple TV+ Premiere gefeiert. Die Produktion begleitet den Kanadier dabei, wie er die &#8211; so Apple &#8211; &#8222;sch\u00f6nsten und faszinierendsten Orte der Welt&#8220; besucht. Von heute an legt Levy mit einer zweiten Staffel nach. In sieben weiteren [&hellip;]<\/p>\n","protected":false},"author":2,"featured_media":229009,"comment_status":"open","ping_status":"closed","sticky":false,"template":"","format":"standard","meta":{"_acf_changed":false,"footnotes":""},"categories":[1],"tags":[],"class_list":["post-229005","post","type-post","status-publish","format-standard","has-post-thumbnail","hentry","category-news"],"acf":[],"aioseo_notices":[],"featured_image":["https:\/\/images.ifun.de\/wp-content\/uploads\/2024\/03\/levy-feature.jpg"],"subheadline":["Neue Filme, Serien und Trailer"],"rest_api_enabler":{"featured_image":"https:\/\/images.ifun.de\/wp-content\/uploads\/2024\/03\/levy-feature.jpg","subheadline":"Neue Filme, Serien und Trailer"},"_links":{"self":[{"href":"https:\/\/www.ifun.de\/apiv2\/wp\/v2\/posts\/229005","targetHints":{"allow":["GET"]}}],"collection":[{"href":"https:\/\/www.ifun.de\/apiv2\/wp\/v2\/posts"}],"about":[{"href":"https:\/\/www.ifun.de\/apiv2\/wp\/v2\/types\/post"}],"author":[{"embeddable":true,"href":"https:\/\/www.ifun.de\/apiv2\/wp\/v2\/users\/2"}],"replies":[{"embeddable":true,"href":"https:\/\/www.ifun.de\/apiv2\/wp\/v2\/comments?post=229005"}],"version-history":[{"count":4,"href":"https:\/\/www.ifun.de\/apiv2\/wp\/v2\/posts\/229005\/revisions"}],"predecessor-version":[{"id":229011,"href":"https:\/\/www.ifun.de\/apiv2\/wp\/v2\/posts\/229005\/revisions\/229011"}],"wp:featuredmedia":[{"embeddable":true,"href":"https:\/\/www.ifun.de\/apiv2\/wp\/v2\/media\/229009"}],"wp:attachment":[{"href":"https:\/\/www.ifun.de\/apiv2\/wp\/v2\/media?parent=229005"}],"wp:term":[{"taxonomy":"category","embeddable":true,"href":"https:\/\/www.ifun.de\/apiv2\/wp\/v2\/categories?post=229005"},{"taxonomy":"post_tag","embeddable":true,"href":"https:\/\/www.ifun.de\/apiv2\/wp\/v2\/tags?post=229005"}],"curies":[{"name":"wp","href":"https:\/\/api.w.org\/{rel}","templated":true}]}}