{"id":228875,"date":"2024-03-07T07:43:08","date_gmt":"2024-03-07T06:43:08","guid":{"rendered":"https:\/\/www.ifun.de\/?p=228875"},"modified":"2024-03-14T06:45:24","modified_gmt":"2024-03-14T05:45:24","slug":"das-scheitern-des-apple-autos-detailbericht-veroeffentlicht","status":"publish","type":"post","link":"https:\/\/www.ifun.de\/das-scheitern-des-apple-autos-detailbericht-veroeffentlicht-228875\/","title":{"rendered":"Das Scheitern des Apple-Autos: Detailbericht ver\u00f6ffentlicht"},"content":{"rendered":"<p>Seit rund einer Woche <a href=\"https:\/\/www.ifun.de\/projekt-titan-ist-tot-apples-auto-ambitionen-verpuffen-im-nichts-228341\/\">steht fest<\/a>: Apples &#8222;Projekt Titan&#8220; ist tot. Die Konzernspitze informierte die rund 2.000 betroffenen Besch\u00e4ftigten in einem Mitarbeiter-Memo, das nach Angaben des Wirtschaftsnachrichten-Dienstes Bloomberg von Apple COO Jeff Williams geschrieben wurde.  Williams gilt als wahrscheinlicher Nachfolger Tim Cooks und besetzt derzeit dessen ehemaligen Posten.<br \/>\n<a href=\"https:\/\/images.ifun.de\/wp-content\/uploads\/2024\/03\/apple-titan-vw-bus-konzept.jpg\"><img loading=\"lazy\" decoding=\"async\" src=\"https:\/\/images.ifun.de\/wp-content\/uploads\/2024\/03\/apple-titan-vw-bus-konzept-500x500.jpg\" alt=\"Apple Titan Vw Bus Konzept\" width=\"500\" height=\"500\" class=\"aligncenter size-medium wp-image-228878\" srcset=\"https:\/\/images.ifun.de\/wp-content\/uploads\/2024\/03\/apple-titan-vw-bus-konzept-500x500.jpg 500w, https:\/\/images.ifun.de\/wp-content\/uploads\/2024\/03\/apple-titan-vw-bus-konzept-700x700.jpg 700w, https:\/\/images.ifun.de\/wp-content\/uploads\/2024\/03\/apple-titan-vw-bus-konzept-150x150.jpg 150w, https:\/\/images.ifun.de\/wp-content\/uploads\/2024\/03\/apple-titan-vw-bus-konzept-768x768.jpg 768w, https:\/\/images.ifun.de\/wp-content\/uploads\/2024\/03\/apple-titan-vw-bus-konzept.jpg 1024w\" sizes=\"auto, (max-width: 500px) 100vw, 500px\" \/><\/a><\/p>\n<h6>Bilder: Microsoft Designer<\/h6>\n<p>Jetzt hat Bloomberg einen <a href=\"https:\/\/www.bloomberg.com\/news\/features\/2024-03-06\/apple-car-s-crash-design-details-tim-cook-s-indecision-failed-tesla-deal\">Detailbericht zum Scheitern des Apple-Autos<\/a> ver\u00f6ffentlicht und skizziert in diesem die vielen kleinen und gro\u00dfen Unstimmigkeiten, die zur Einstellung des Fahrzeugprojektes gef\u00fchrt haben, das Apple eigentlich f\u00fcr um die 85.000 US-Dollar auf den Markt bringen wollte.<\/p>\n<p>In initiale Design-Studien soll Apple dabei mit einem Van-Modell experimentiert haben, das durch seine abgerundete Formgebung, ein Glasdach, Schiebet\u00fcren und markante Wei\u00dfwandreifen, vier Insassen komfortabel Platz bieten sollte. Apple soll dabei die charakteristische \u00c4sthetik fr\u00fcher VW-Busse aufgegriffen haben.<\/p>\n<h2>Was ist schief gelaufen?<\/h2>\n<ul>\n<li><strong>Hochgesteckte Autonomieziele<\/strong>: Apple soll <a href=\"https:\/\/de.wikipedia.org\/wiki\/Autonomes_Fahren\">eine Level-5-Autonomie<\/a> ins Auge gefasst haben, wollte also ein vollst\u00e4ndig autonom fahrendes Fahrzeug ausliefern. Eine Zielsetzung die sich als zu herausfordernd erwiesen hat.<\/li>\n<li><strong>F\u00fchrungswechsel und Richtungs\u00e4nderungen<\/strong>: H\u00e4ufige Wechsel in der Projektleitung und st\u00e4ndige Neuausrichtungen des Projektfokus verlangsamten die Entwicklung.<\/li>\n<li><strong>Hohe Kosten<\/strong>: Das &#8222;Projekt Titan&#8220; verbrauchte durchschnittlich etwa 1 Milliarde US-Dollar j\u00e4hrlich, was einem nicht unerheblichen Teil des Forschungs- und Entwicklungsbudgets Apples entspricht.<\/li>\n<li><strong>Technische und wirtschaftliche Herausforderungen<\/strong>: Die enormen technischen Herausforderungen beim Erreichen der Level-5-Autonomie, gepaart mit der schwierigen wirtschaftlichen Situation der Automobilindustrie, wirkten sich negativ auf das Projekt aus.<\/li>\n<li><strong>Interne Meinungsverschiedenheiten<\/strong>: Konflikte innerhalb des Teams und unterschiedliche Ansichten \u00fcber die Ausrichtung des Projekts f\u00fchrten zu Unsicherheit und Verz\u00f6gerungen.<\/li>\n<li><strong>Schwierigkeiten bei Partnerschaften<\/strong>: Gescheiterte Verhandlungen und Partnerschaften mit etablierten Automobilherstellern und anderen Unternehmen erschwerten die Umsetzung.<\/li>\n<li><strong>Fehlende Klarheit in der Produktvision<\/strong>: Apple soll nicht in der Lage gewesen sein, sich auf eine klare Produktvision festlegen, was zu h\u00e4ufigen Design\u00e4nderungen f\u00fchrte.<\/li>\n<li><strong>Probleme bei der Realisierung der Autonomie<\/strong>: Trotz umfangreicher Tests und Entwicklungen gelang es Apple nicht, ein vollst\u00e4ndig autonomes Fahrzeug zu produzieren.<\/li>\n<li><strong>Abgang von Schl\u00fcsselpersonal<\/strong>: Wichtige Teammitglieder, darunter der Projektleiter Doug Field, verlie\u00dfen das Unternehmen fr\u00fchzeitig.<\/li>\n<\/ul>\n<p><img loading=\"lazy\" decoding=\"async\" src=\"https:\/\/vg08.met.vgwort.de\/na\/54cedad174674b79b47de66ceb5f0fa2\" width=\"1\" height=\"1\" no-lazy class=\"tracking\"><\/p>\n","protected":false},"excerpt":{"rendered":"<a href=\"https:\/\/www.ifun.de\/das-scheitern-des-apple-autos-detailbericht-veroeffentlicht-228875\/\"><img width=\"150\" height=\"150\" src=\"https:\/\/images.ifun.de\/wp-content\/uploads\/2024\/03\/apple-titan-vw-bus-konzept-150x150.jpg\" class=\"alignright tfe wp-post-image\" alt=\"Apple Titan Vw Bus Konzept\" decoding=\"async\" loading=\"lazy\" srcset=\"https:\/\/images.ifun.de\/wp-content\/uploads\/2024\/03\/apple-titan-vw-bus-konzept-150x150.jpg 150w, https:\/\/images.ifun.de\/wp-content\/uploads\/2024\/03\/apple-titan-vw-bus-konzept-500x500.jpg 500w, https:\/\/images.ifun.de\/wp-content\/uploads\/2024\/03\/apple-titan-vw-bus-konzept-700x700.jpg 700w, https:\/\/images.ifun.de\/wp-content\/uploads\/2024\/03\/apple-titan-vw-bus-konzept-768x768.jpg 768w, https:\/\/images.ifun.de\/wp-content\/uploads\/2024\/03\/apple-titan-vw-bus-konzept.jpg 1024w\" sizes=\"auto, (max-width: 150px) 100vw, 150px\" \/><\/a><p>Seit rund einer Woche steht fest: Apples &#8222;Projekt Titan&#8220; ist tot. Die Konzernspitze informierte die rund 2.000 betroffenen Besch\u00e4ftigten in einem Mitarbeiter-Memo, das nach Angaben des Wirtschaftsnachrichten-Dienstes Bloomberg von Apple COO Jeff Williams geschrieben wurde. Williams gilt als wahrscheinlicher Nachfolger Tim Cooks und besetzt derzeit dessen ehemaligen Posten. Bilder: Microsoft Designer Jetzt hat Bloomberg einen [&hellip;]<\/p>\n","protected":false},"author":1,"featured_media":228878,"comment_status":"open","ping_status":"closed","sticky":false,"template":"","format":"standard","meta":{"_acf_changed":false,"footnotes":""},"categories":[1,1783],"tags":[4736,78,3112],"class_list":["post-228875","post","type-post","status-publish","format-standard","has-post-thumbnail","hentry","category-news","category-feature","tag-apple","tag-auto","tag-titan"],"acf":[],"aioseo_notices":[],"featured_image":["https:\/\/images.ifun.de\/wp-content\/uploads\/2024\/03\/apple-titan-vw-bus.jpg"],"subheadline":["Das ist schief gelaufen"],"rest_api_enabler":{"featured_image":"https:\/\/images.ifun.de\/wp-content\/uploads\/2024\/03\/apple-titan-vw-bus.jpg","subheadline":"Das ist schief gelaufen"},"_links":{"self":[{"href":"https:\/\/www.ifun.de\/apiv2\/wp\/v2\/posts\/228875","targetHints":{"allow":["GET"]}}],"collection":[{"href":"https:\/\/www.ifun.de\/apiv2\/wp\/v2\/posts"}],"about":[{"href":"https:\/\/www.ifun.de\/apiv2\/wp\/v2\/types\/post"}],"author":[{"embeddable":true,"href":"https:\/\/www.ifun.de\/apiv2\/wp\/v2\/users\/1"}],"replies":[{"embeddable":true,"href":"https:\/\/www.ifun.de\/apiv2\/wp\/v2\/comments?post=228875"}],"version-history":[{"count":5,"href":"https:\/\/www.ifun.de\/apiv2\/wp\/v2\/posts\/228875\/revisions"}],"predecessor-version":[{"id":228886,"href":"https:\/\/www.ifun.de\/apiv2\/wp\/v2\/posts\/228875\/revisions\/228886"}],"wp:featuredmedia":[{"embeddable":true,"href":"https:\/\/www.ifun.de\/apiv2\/wp\/v2\/media\/228878"}],"wp:attachment":[{"href":"https:\/\/www.ifun.de\/apiv2\/wp\/v2\/media?parent=228875"}],"wp:term":[{"taxonomy":"category","embeddable":true,"href":"https:\/\/www.ifun.de\/apiv2\/wp\/v2\/categories?post=228875"},{"taxonomy":"post_tag","embeddable":true,"href":"https:\/\/www.ifun.de\/apiv2\/wp\/v2\/tags?post=228875"}],"curies":[{"name":"wp","href":"https:\/\/api.w.org\/{rel}","templated":true}]}}