{"id":228689,"date":"2024-03-05T07:33:48","date_gmt":"2024-03-05T06:33:48","guid":{"rendered":"https:\/\/www.ifun.de\/?p=228689"},"modified":"2024-03-05T07:34:14","modified_gmt":"2024-03-05T06:34:14","slug":"dualmonitor-betrieb-per-update-auch-fuer-das-macbook-pro-mit-14","status":"publish","type":"post","link":"https:\/\/www.ifun.de\/dualmonitor-betrieb-per-update-auch-fuer-das-macbook-pro-mit-14-228689\/","title":{"rendered":"Dualmonitor-Betrieb per Update auch f\u00fcr das MacBook Pro mit 14 Zoll"},"content":{"rendered":"<p>Die gestern <a href=\"https:\/\/www.ifun.de\/macbook-air-neue-modelle-mit-13-und-15-zoll-vorgestellt-228634\/\">neu vorgestellten Modelle des MacBook Air<\/a> verstehen sich nun erstmals auf den gleichzeitigen Betrieb von zwei externen Monitoren. Ein Feature, das aus dem in Modellvarianten mit 13- und 15 Zoll-Display erh\u00e4ltlichen Notebook auch einen hervorragenden Kandidaten f\u00fcr den B\u00fcroschreibtisch macht.<\/p>\n<p><a href=\"https:\/\/images.ifun.de\/wp-content\/uploads\/2023\/11\/macbook-schwarz-farben-1.gif\"><img decoding=\"async\" class=\"aligncenter size-full wp-image-221646\" src=\"https:\/\/images.ifun.de\/wp-content\/uploads\/2023\/11\/macbook-schwarz-farben-1.gif\" alt=\"Macbook Schwarz Farben\" width=\"500\" \/><\/a><\/p>\n<p>Hier kann das MacBook Air im zugeklappten Zustand zuk\u00fcnftig zwei Monitore mit einem eigenst\u00e4ndigen Videosignal versorgen und bietet sich damit als in vielen F\u00e4llen vollkommen ausreichende L\u00f6sung f\u00fcr bereits mit zus\u00e4tzlichem Trackpad, zweiter Tastatur und Stromversorgung ausgestatteten Arbeitspl\u00e4tze an.<\/p>\n<h2>MacBook Pro mit 14 Zoll wird aufgewertet<\/h2>\n<p>Die neue Funktion wird durch den nun verbauten M3-Chip in den neuen MacBook Air Modellen erm\u00f6glicht. Dieser ist jedoch auch in dem MacBook Pro mit 14 Zoll verbaut, das bereits im vergangenen Oktober in den Markt eingef\u00fchrt wurde. Entsprechend liegt die Frage auf der Hand: Kann fortan auch das teurere MacBook Pro mit zwei Monitoren verbunden werden?<\/p>\n<ul>\n<li><strong>MacBook Pro 2023:<\/strong> <a title=\"MacBook Pro 2023: Mit M3, deutlich g\u00fcnstiger und in Space Black\" href=\"https:\/\/www.ifun.de\/macbook-pro-2023-mit-m3-deutlich-guenstiger-und-jetzt-auch-in-space-black-221492\/\">Mit M3, deutlich g\u00fcnstiger und in Space Black<\/a><\/li>\n<\/ul>\n<p>Die Antwort hier lautet: Ja! Wie Apple gegen\u00fcber amerikanischen Medienvertretern <a href=\"https:\/\/9to5mac.com\/2024\/03\/04\/14-inch-m3-macbook-pro-multi-display-support\/\">einger\u00e4umt hat<\/a>, wird der Konzern ein Softwareupdate zur Verf\u00fcgung stellen, das auch dem 14 Zoll gro\u00dfen MacBook Pro die Nutzung von zwei externen Monitoren erm\u00f6glichen wird. Voraussetzungen auch hier: Das Ger\u00e4t muss im geschlossenen Zustand, im so genannten Clamshell-Mode, betrieben werden.<\/p>\n<p>Die Nutzung von mehreren Monitoren war bislang den leistungsst\u00e4rkeren Varianten der Apple-Prozessoren vorbehalten. Nun k\u00f6nnen also auch Anwender, die sich nicht f\u00fcr Modellvarianten mit Max und Ultra entscheiden, von der dualen Monitorunterst\u00fctzung profitieren.<\/p>\n<h2>System-Updates noch heute Abend?<\/h2>\n<p>Wann genau Apple das Softwareupdate f\u00fcr das MacBook Pro zur Verf\u00fcgung stellen wird, ist noch unklar. Mit etwas Gl\u00fcck k\u00f6nnte bereits das Systemupdate auf macOS 14.4 die entsprechende Option nachr\u00fcsten.<\/p>\n<p>Es gilt als wahrscheinlich, dass Apple mehrere Softwareaktualisierungen f\u00fcr Mac, iPad und iPhone bereits heute Abend zum Download zur Verf\u00fcgung stellt. Erst gestern hatte der Konzern die letzten Release-Kandidaten unter den registrierten Entwicklern verteilt.<\/p>\n<script>\r\n  function open_amazon(link) {\r\n    if (navigator.userAgent.indexOf(\"Firefox\") != -1) {\r\n      window.open(link, '_blank');\r\n    } else {\r\n      var tag = document.createElement('a');\r\n      tag.setAttribute('href', link);\r\n      tag.innerHTML = \"amzn\";\r\n      tag.click();\r\n    }\r\n  }\r\n<\/script>\r\n    <div id=\"article-single-amazon-preview\" onclick=\"return open_amazon('https:\/\/www.amazon.de\/dp\/B0CM5ZYV5M?tag=musicweb02&linkCode=ogi&th=1&psc=1');\">\n  <div id=\"article-single-amazon-preview-header\">\n    <span class=\"title\">Produkthinweis<\/span>\n      <\/div>\n  <div id=\"article-single-amazon-preview-content\">\n    <div id=\"article-single-amazon-preview-img\" style=\"background: url('https:\/\/m.media-amazon.com\/images\/I\/31bvTg0uppL.jpg') center center no-repeat; background-size: cover;\"><\/div>\n    <div id=\"article-single-amazon-preview-desc\">\n      <span class=\"bezeichnung\"><a href=\"https:\/\/www.amazon.de\/dp\/B0CM5ZYV5M?tag=musicweb02&linkCode=ogi&th=1&psc=1\" style=\"text-decoration: none; border-bottom: 0px; box-shadow: none;\">Apple 2023 MacBook Pro Laptop M3 Chip mit 8\u2011Core CPU, 10\u2011Core GPU: 14,2\" Liquid Retina XDR Display, 8 GB gemeinsamer...<\/a><\/span>\n      <span class=\"preis--aktuell\">1.389,00 EUR<\/span>\n      <span class=\"preis--alt\"><\/span>\n    <\/div>\n  <\/div>\n<\/div>\n<p><img loading=\"lazy\" decoding=\"async\" src=\"https:\/\/vg08.met.vgwort.de\/na\/5a571f73592d4fd0a5af9ffdc32ea64e\" width=\"1\" height=\"1\" no-lazy class=\"tracking\"><\/p>\n","protected":false},"excerpt":{"rendered":"<a href=\"https:\/\/www.ifun.de\/dualmonitor-betrieb-per-update-auch-fuer-das-macbook-pro-mit-14-228689\/\"><img width=\"150\" height=\"150\" src=\"https:\/\/images.ifun.de\/wp-content\/uploads\/2024\/03\/dual-monitor-betrieb-150x150.jpg\" class=\"alignright tfe wp-post-image\" alt=\"Dual Monitor Betrieb\" decoding=\"async\" loading=\"lazy\" \/><\/a><p>Die gestern neu vorgestellten Modelle des MacBook Air verstehen sich nun erstmals auf den gleichzeitigen Betrieb von zwei externen Monitoren. Ein Feature, das aus dem in Modellvarianten mit 13- und 15 Zoll-Display erh\u00e4ltlichen Notebook auch einen hervorragenden Kandidaten f\u00fcr den B\u00fcroschreibtisch macht. Hier kann das MacBook Air im zugeklappten Zustand zuk\u00fcnftig zwei Monitore mit einem [&hellip;]<\/p>\n","protected":false},"author":1,"featured_media":228690,"comment_status":"open","ping_status":"closed","sticky":false,"template":"","format":"standard","meta":{"_acf_changed":false,"footnotes":""},"categories":[3],"tags":[344,224],"class_list":["post-228689","post","type-post","status-publish","format-standard","has-post-thumbnail","hentry","category-apple","tag-macbook-air","tag-macbook-pro"],"acf":[],"aioseo_notices":[],"featured_image":["https:\/\/images.ifun.de\/wp-content\/uploads\/2024\/03\/dual-monitor-betrieb.jpg"],"subheadline":["Apple will Ger\u00e4te aufwerten"],"rest_api_enabler":{"featured_image":"https:\/\/images.ifun.de\/wp-content\/uploads\/2024\/03\/dual-monitor-betrieb.jpg","subheadline":"Apple will Ger\u00e4te aufwerten"},"_links":{"self":[{"href":"https:\/\/www.ifun.de\/apiv2\/wp\/v2\/posts\/228689","targetHints":{"allow":["GET"]}}],"collection":[{"href":"https:\/\/www.ifun.de\/apiv2\/wp\/v2\/posts"}],"about":[{"href":"https:\/\/www.ifun.de\/apiv2\/wp\/v2\/types\/post"}],"author":[{"embeddable":true,"href":"https:\/\/www.ifun.de\/apiv2\/wp\/v2\/users\/1"}],"replies":[{"embeddable":true,"href":"https:\/\/www.ifun.de\/apiv2\/wp\/v2\/comments?post=228689"}],"version-history":[{"count":2,"href":"https:\/\/www.ifun.de\/apiv2\/wp\/v2\/posts\/228689\/revisions"}],"predecessor-version":[{"id":228694,"href":"https:\/\/www.ifun.de\/apiv2\/wp\/v2\/posts\/228689\/revisions\/228694"}],"wp:featuredmedia":[{"embeddable":true,"href":"https:\/\/www.ifun.de\/apiv2\/wp\/v2\/media\/228690"}],"wp:attachment":[{"href":"https:\/\/www.ifun.de\/apiv2\/wp\/v2\/media?parent=228689"}],"wp:term":[{"taxonomy":"category","embeddable":true,"href":"https:\/\/www.ifun.de\/apiv2\/wp\/v2\/categories?post=228689"},{"taxonomy":"post_tag","embeddable":true,"href":"https:\/\/www.ifun.de\/apiv2\/wp\/v2\/tags?post=228689"}],"curies":[{"name":"wp","href":"https:\/\/api.w.org\/{rel}","templated":true}]}}