{"id":228662,"date":"2024-03-04T18:21:27","date_gmt":"2024-03-04T17:21:27","guid":{"rendered":"https:\/\/www.ifun.de\/?p=228662"},"modified":"2024-03-11T20:28:11","modified_gmt":"2024-03-11T19:28:11","slug":"sammelklage-zielt-auf-apples-teuren-icloud-speicher","status":"publish","type":"post","link":"https:\/\/www.ifun.de\/sammelklage-zielt-auf-apples-teuren-icloud-speicher-228662\/","title":{"rendered":"Sammelklage zielt auf Apples teuren iCloud-Speicher"},"content":{"rendered":"<p>Kein neuer Monat, ohne dass Apple sich nicht gegen Vorw\u00fcrfe zur Wehr setzen m\u00fcsste, die marktbeherrschende Stellung von Teilen des eigenen Angebots zum Nachteil der eigenen Kundschaft auszunutzen.<\/p>\n<p><a href=\"https:\/\/images.ifun.de\/wp-content\/uploads\/2012\/05\/mobilemedowngrade.jpg\"><img decoding=\"async\" class=\"aligncenter size-full wp-image-24820\" src=\"https:\/\/images.ifun.de\/wp-content\/uploads\/2012\/05\/mobilemedowngrade.jpg\" alt=\"\" width=\"500\" srcset=\"https:\/\/images.ifun.de\/wp-content\/uploads\/2012\/05\/mobilemedowngrade.jpg 464w, https:\/\/images.ifun.de\/wp-content\/uploads\/2012\/05\/mobilemedowngrade-300x174.jpg 300w\" sizes=\"(max-width: 464px) 100vw, 464px\" \/><\/a><\/p>\n<p>Nachdem es diesbez\u00fcglich zuletzt vor allem um das Gebaren Apples im hauseigenen Software-Kaufhaus ging, wirft eine aktuell <a href=\"https:\/\/news.bloomberglaw.com\/litigation\/apple-faces-antitrust-class-action-alleging-icloud-monopoly\">in Kalifornien eingereichte Sammelklage<\/a> ein Schlaglicht auf Apples kostenpflichtiges Cloud-Speicher-Angebot.<\/p>\n<h2>Seit 2011 mit 5 GB Gratis-Speicher<\/h2>\n<p>iCloud, im Jahr 2011 zusammen mit iOS 5 eingef\u00fchrt, kam damals (und kommt noch immer) mit 5 Gigabyte kostenlosem Speicher pro Konto, verlangt von Anwendern, die zus\u00e4tzlichen Speicher f\u00fcr Fotos, Dokumente, Ger\u00e4tesicherungen, Nachrichten und Co. ben\u00f6tigen, jedoch weitere Geb\u00fchren.<\/p>\n<p>Aktuell bietet Apple sechs unterschiedliche Tarife zu Monatspreisen zwischen 99 Cent f\u00fcr 50 Gigabyte und 59,99 Euro f\u00fcr 12 Terabyte an.<\/p>\n<p>Kosten, die nach Einsch\u00e4tzung der klagenden Parteien fast vollst\u00e4ndig als Profit in Apples Bilanzen auftauchen, wird doch davon ausgegangen, dass Apple selbst gerade mal 0,0028 Euro pro Gigabyte Speicher bezahlt.<\/p>\n<p><a href=\"https:\/\/images.ifun.de\/wp-content\/uploads\/2024\/03\/icloud-speicher.png\"><img loading=\"lazy\" decoding=\"async\" class=\"aligncenter size-large wp-image-228663\" src=\"https:\/\/images.ifun.de\/wp-content\/uploads\/2024\/03\/icloud-speicher-700x562.png\" alt=\"Icloud Speicher\" width=\"700\" height=\"562\" srcset=\"https:\/\/images.ifun.de\/wp-content\/uploads\/2024\/03\/icloud-speicher-700x562.png 700w, https:\/\/images.ifun.de\/wp-content\/uploads\/2024\/03\/icloud-speicher-500x402.png 500w, https:\/\/images.ifun.de\/wp-content\/uploads\/2024\/03\/icloud-speicher-768x617.png 768w, https:\/\/images.ifun.de\/wp-content\/uploads\/2024\/03\/icloud-speicher.png 1424w\" sizes=\"auto, (max-width: 700px) 100vw, 700px\" \/><\/a><\/p>\n<h2>iCloud l\u00e4sst sich nicht ersetzen<\/h2>\n<p>Doch nicht die Preise und die mickrige Gratis-Ausstattung von 5 Gigabyte, die unabh\u00e4ngig von der Anzahl der gekauften Apple-Ger\u00e4te ist, sondern die Tatsache, dass keine alternativen Cloud-Dienste das iPhone-Backup speichern und die Nachrichten-Inhalte von iMessage sichern k\u00f6nnen, zerrt Apple jetzt vor Gericht.<\/p>\n<p>Laut der Klage erzielt Apples iCloud aufgrund fehlender Konkurrenz h\u00f6here Gewinnmargen, zudem seien die Preise des Dienstes zu hoch. Die Anw\u00e4lte hinter der Sammelklage wollen nun eine landesweite Sammelklage durchsetzen, an der sich alle Apple-Nutzer beteiligen k\u00f6nnten, die in den USA schon mal f\u00fcr Zusatzspeicher gezahlt haben.<\/p>\n<p>Der Volltext der Klageschrift die stellvertretend wohl auch f\u00fcr eine wachsende Unzufriedenheit unter Verbrauchern bez\u00fcglich der Preispolitik und der eingeschr\u00e4nkten Auswahlm\u00f6glichkeiten in digitalen \u00d6kosystem zu werten ist, <a href=\"https:\/\/www.bloomberglaw.com\/public\/desktop\/document\/FelixGamboavAppleIncDocketNo524cv01270NDCalMar012024CourtDocket?doc_id=X4LCILN1RHR81IRG50GNOAUM9P2\">l\u00e4sst sich hier einsehen<\/a>.<\/p>\n<p><img loading=\"lazy\" decoding=\"async\" src=\"https:\/\/vg08.met.vgwort.de\/na\/0be7bfb2b3f54036b359c1c0ba9f8aae\" width=\"1\" height=\"1\" no-lazy class=\"tracking\"><\/p>\n","protected":false},"excerpt":{"rendered":"<a href=\"https:\/\/www.ifun.de\/sammelklage-zielt-auf-apples-teuren-icloud-speicher-228662\/\"><img width=\"150\" height=\"150\" src=\"https:\/\/images.ifun.de\/wp-content\/uploads\/2024\/03\/icloud-speicher-150x150.png\" class=\"alignright tfe wp-post-image\" alt=\"Icloud Speicher\" decoding=\"async\" loading=\"lazy\" \/><\/a><p>Kein neuer Monat, ohne dass Apple sich nicht gegen Vorw\u00fcrfe zur Wehr setzen m\u00fcsste, die marktbeherrschende Stellung von Teilen des eigenen Angebots zum Nachteil der eigenen Kundschaft auszunutzen. Nachdem es diesbez\u00fcglich zuletzt vor allem um das Gebaren Apples im hauseigenen Software-Kaufhaus ging, wirft eine aktuell in Kalifornien eingereichte Sammelklage ein Schlaglicht auf Apples kostenpflichtiges Cloud-Speicher-Angebot. [&hellip;]<\/p>\n","protected":false},"author":1,"featured_media":228663,"comment_status":"open","ping_status":"closed","sticky":false,"template":"","format":"standard","meta":{"_acf_changed":false,"footnotes":""},"categories":[1,1783],"tags":[4736,401,373,240],"class_list":["post-228662","post","type-post","status-publish","format-standard","has-post-thumbnail","hentry","category-news","category-feature","tag-apple","tag-icloud","tag-kritik","tag-speicher"],"acf":[],"aioseo_notices":[],"featured_image":["https:\/\/images.ifun.de\/wp-content\/uploads\/2018\/03\/200gb-icloud.jpg"],"subheadline":["Apples profitabelstes Produkt "],"rest_api_enabler":{"featured_image":"https:\/\/images.ifun.de\/wp-content\/uploads\/2018\/03\/200gb-icloud.jpg","subheadline":"Apples profitabelstes Produkt "},"_links":{"self":[{"href":"https:\/\/www.ifun.de\/apiv2\/wp\/v2\/posts\/228662","targetHints":{"allow":["GET"]}}],"collection":[{"href":"https:\/\/www.ifun.de\/apiv2\/wp\/v2\/posts"}],"about":[{"href":"https:\/\/www.ifun.de\/apiv2\/wp\/v2\/types\/post"}],"author":[{"embeddable":true,"href":"https:\/\/www.ifun.de\/apiv2\/wp\/v2\/users\/1"}],"replies":[{"embeddable":true,"href":"https:\/\/www.ifun.de\/apiv2\/wp\/v2\/comments?post=228662"}],"version-history":[{"count":2,"href":"https:\/\/www.ifun.de\/apiv2\/wp\/v2\/posts\/228662\/revisions"}],"predecessor-version":[{"id":228683,"href":"https:\/\/www.ifun.de\/apiv2\/wp\/v2\/posts\/228662\/revisions\/228683"}],"wp:featuredmedia":[{"embeddable":true,"href":"https:\/\/www.ifun.de\/apiv2\/wp\/v2\/media\/228663"}],"wp:attachment":[{"href":"https:\/\/www.ifun.de\/apiv2\/wp\/v2\/media?parent=228662"}],"wp:term":[{"taxonomy":"category","embeddable":true,"href":"https:\/\/www.ifun.de\/apiv2\/wp\/v2\/categories?post=228662"},{"taxonomy":"post_tag","embeddable":true,"href":"https:\/\/www.ifun.de\/apiv2\/wp\/v2\/tags?post=228662"}],"curies":[{"name":"wp","href":"https:\/\/api.w.org\/{rel}","templated":true}]}}