{"id":228427,"date":"2024-02-29T07:50:55","date_gmt":"2024-02-29T06:50:55","guid":{"rendered":"https:\/\/www.ifun.de\/?p=228427"},"modified":"2024-02-29T07:50:55","modified_gmt":"2024-02-29T06:50:55","slug":"neuromancer-kommt-als-serie-auf-apple-tv","status":"publish","type":"post","link":"https:\/\/www.ifun.de\/neuromancer-kommt-als-serie-auf-apple-tv-228427\/","title":{"rendered":"&#8222;Neuromancer&#8220; kommt als Serie auf Apple TV+"},"content":{"rendered":"<p>Apple hat eine Serienadaption des Klassikers \u201eNeuromancer\u201c f\u00fcr Apple TV+ angek\u00fcndigt. Die auf dem Science-Fiction-Roman von William Gibson basierende Serie soll zun\u00e4chst zehn Episoden umfassen. F\u00fcr die Produktion konnte Apple mit Graham Roland (Tom Clancy\u2019s Jack Ryan\u201c, \u201eMile 22\u201c, \u201eDark Winds\u201c) und JD Dillard (\u201eDevotion\u201c, \u201eSleight\u201c) zwei bekannte Branchengr\u00f6\u00dfen gewinnen.<\/p>\n<p><a href=\"https:\/\/images.ifun.de\/wp-content\/uploads\/2024\/02\/neuromancer-apple.jpg\"><img loading=\"lazy\" decoding=\"async\" src=\"https:\/\/images.ifun.de\/wp-content\/uploads\/2024\/02\/neuromancer-apple.jpg\" alt=\"Neuromancer Apple\" width=\"500\" height=\"746\" class=\"alignnone size-full wp-image-228431\" srcset=\"https:\/\/images.ifun.de\/wp-content\/uploads\/2024\/02\/neuromancer-apple.jpg 1000w, https:\/\/images.ifun.de\/wp-content\/uploads\/2024\/02\/neuromancer-apple-335x500.jpg 335w, https:\/\/images.ifun.de\/wp-content\/uploads\/2024\/02\/neuromancer-apple-469x700.jpg 469w, https:\/\/images.ifun.de\/wp-content\/uploads\/2024\/02\/neuromancer-apple-768x1146.jpg 768w\" sizes=\"auto, (max-width: 500px) 100vw, 500px\" \/><\/a><\/p>\n<p>Im Zentrum der mehrfach preisgekr\u00f6nten Romanvorlage steht der in Ungnade gefallene Superhacker Case und dessen Partnerin, die Auftragskillerin Molly, die einen gemeinsamen Kampf gegen KI-Entit\u00e4ten und korrupte Konzerne f\u00fchren. William Gibson hat in seinem 1984 erschienenen Roman ein dunkles Zukunftsbild gezeichnet, das sich heute zumindest in einigen von k\u00fcnstlicher Intelligenz und virtueller Realit\u00e4t gezeichneten Bereichen ein St\u00fcck weit widerspiegelt.<\/p>\n<p>Der Roman z\u00e4hlt als eines der ersten und angesehensten Werke im Cyberpunk-Genre und ist zugleich der erste Teil von Gibsons Neuromancer-Trilogie. Als weitere Titel in der Reihe sind die Romane Biochips (im Original \u201eCount Zero\u201c) und Mona Lisa Overdrive erschienen.<\/p>\n<p>Wann \u201eNeuromancer\u201c das Science-Fiction-Portfolio von Apple TV+ erweitert, l\u00e4sst Apple bislang allerdings v\u00f6llig offen.<\/p>\n<h2>Neue Trailer f\u00fcr \u201eDick Turpin\u201c und \u201eThe Bloody Hundred\u201c<\/h2>\n<p>Konkreter wird Apple dagegen mit Blick auf die Neuerscheinungen \u201e<a href=\"https:\/\/tv.apple.com\/de\/show\/die-frei-erfundenen-abenteuer-von-dick-turpin\/umc.cmc.37r7vskzmm8hk2pfbzaxlcwzg?at=10ltcU\">Die frei erfundenen Abenteuer von Dick Turpin<\/a>\u201c und \u201e<a href=\"https:\/\/tv.apple.com\/de\/movie\/the-bloody-hundredth\/umc.cmc.17tiu47xvxo1p9k0tqfvhf29r?at=10ltcU\">The Bloody Hundred<\/a>\u201c. Zu den beiden f\u00fcr M\u00e4rz eingeplanten Neustarts wurden auf YouTube neue Trailer-Videos ver\u00f6ffentlicht.<\/p>\n<p>Mit \u201eDick Turpin\u201c geht es bereits an diesem Freitag los. Die Comedy-Serie erz\u00e4hlt die Geschichte des gleichnamigen Stra\u00dfenr\u00e4ubers, der im Rahmen seiner Abenteuer zum Anf\u00fchrer einer Bande von Gesetzlosen wird.<\/p>\n<p><div class=\"responsive-video\"><iframe loading=\"lazy\" src=\"https:\/\/www.ifun.de\/yt\/index.html?v=xMdSOUNbrs4\" title=\"The Completely Made-Up Adventures of Dick Turpin \u2014 An Inside Look | Apple TV+\" width=\"500\" height=\"281\" allow=\"autoplay; fullscreen; picture-in-picture; encrypted-media\" referrerpolicy=\"strict-origin-when-cross-origin\" allowfullscreen><\/iframe><\/div><\/p>\n<p>F\u00fcr \u201eThe Bloody Hundred\u201c konnte Apple einmal mehr Tom Hanks verpflichten. Die Dokumentation l\u00e4uft vom 15. M\u00e4rz an auf Apple TV+ und erz\u00e4hlt die Geschichte einer Gruppe von Piloten aus dem Zweiten Weltkrieg.<\/p>\n<p><div class=\"responsive-video\"><iframe loading=\"lazy\" src=\"https:\/\/www.ifun.de\/yt\/index.html?v=ZkYOtyp3hKU\" title=\"The Bloody Hundredth \u2014 Official Trailer | Apple TV+\" width=\"500\" height=\"281\" allow=\"autoplay; fullscreen; picture-in-picture; encrypted-media\" referrerpolicy=\"strict-origin-when-cross-origin\" allowfullscreen><\/iframe><\/div><\/p>\n<p><img decoding=\"async\" src=\"https:\/\/vg01.met.vgwort.de\/na\/74a091f1c56c473087d8e6cac6a04b5e\" width=\"1\" height=\"1\" no-lazy class=\"tracking\" loading=\"eager\"><\/p>\n","protected":false},"excerpt":{"rendered":"<a href=\"https:\/\/www.ifun.de\/neuromancer-kommt-als-serie-auf-apple-tv-228427\/\"><img width=\"150\" height=\"150\" src=\"https:\/\/images.ifun.de\/wp-content\/uploads\/2024\/02\/neuromancer-apple-150x150.jpg\" class=\"alignright tfe wp-post-image\" alt=\"Neuromancer Apple\" decoding=\"async\" loading=\"lazy\" \/><\/a><p>Apple hat eine Serienadaption des Klassikers \u201eNeuromancer\u201c f\u00fcr Apple TV+ angek\u00fcndigt. Die auf dem Science-Fiction-Roman von William Gibson basierende Serie soll zun\u00e4chst zehn Episoden umfassen. F\u00fcr die Produktion konnte Apple mit Graham Roland (Tom Clancy\u2019s Jack Ryan\u201c, \u201eMile 22\u201c, \u201eDark Winds\u201c) und JD Dillard (\u201eDevotion\u201c, \u201eSleight\u201c) zwei bekannte Branchengr\u00f6\u00dfen gewinnen. Im Zentrum der mehrfach preisgekr\u00f6nten [&hellip;]<\/p>\n","protected":false},"author":2,"featured_media":228431,"comment_status":"open","ping_status":"closed","sticky":false,"template":"","format":"standard","meta":{"footnotes":""},"categories":[1],"tags":[26],"class_list":["post-228427","post","type-post","status-publish","format-standard","has-post-thumbnail","hentry","category-news","tag-apple-tv"],"aioseo_notices":[],"aioseo_head":"\n\t\t<!-- All in One SEO Pro 5.0.1.1 - aioseo.com -->\n\t<meta name=\"description\" content=\"Apple hat eine Serienadaption des Klassikers \u201eNeuromancer\u201c f\u00fcr Apple TV+ angek\u00fcndigt. Die auf dem Science-Fiction-Roman von William Gibson basierende Serie soll zun\u00e4chst zehn Episoden umfassen. F\u00fcr die Produktion konnte Apple mit Graham Roland (Tom Clancy\u2019s Jack Ryan\u201c, \u201eMile 22\u201c, \u201eDark Winds\u201c) und JD Dillard (\u201eDevotion\u201c, \u201eSleight\u201c) zwei bekannte Branchengr\u00f6\u00dfen gewinnen. Im Zentrum der mehrfach preisgekr\u00f6nten\" \/>\n\t<meta name=\"robots\" content=\"max-image-preview:large\" \/>\n\t<meta name=\"author\" content=\"Chris\"\/>\n\t<meta name=\"google-site-verification\" content=\"uH_IhWlZO-QDb51DGwVoGT_GCZmfJp98klL3XmbE3ow\" \/>\n\t<link rel=\"canonical\" href=\"https:\/\/www.ifun.de\/neuromancer-kommt-als-serie-auf-apple-tv-228427\/\" \/>\n\t<meta name=\"generator\" content=\"All in One SEO Pro (AIOSEO) 5.0.1.1\" \/>\n\t\t<meta property=\"og:locale\" content=\"de_DE\" \/>\n\t\t<meta property=\"og:site_name\" content=\"ifun.de | Apple-News seit 2001\" \/>\n\t\t<meta property=\"og:type\" content=\"article\" \/>\n\t\t<meta property=\"og:title\" content=\"\u201eNeuromancer\u201c kommt als Serie auf Apple TV+ | ifun.de\" \/>\n\t\t<meta property=\"og:description\" content=\"Apple hat eine Serienadaption des Klassikers \u201eNeuromancer\u201c f\u00fcr Apple TV+ angek\u00fcndigt. Die auf dem Science-Fiction-Roman von William Gibson basierende Serie soll zun\u00e4chst zehn Episoden umfassen. F\u00fcr die Produktion konnte Apple mit Graham Roland (Tom Clancy\u2019s Jack Ryan\u201c, \u201eMile 22\u201c, \u201eDark Winds\u201c) und JD Dillard (\u201eDevotion\u201c, \u201eSleight\u201c) zwei bekannte Branchengr\u00f6\u00dfen gewinnen. Im Zentrum der mehrfach preisgekr\u00f6nten\" \/>\n\t\t<meta property=\"og:url\" content=\"https:\/\/www.ifun.de\/neuromancer-kommt-als-serie-auf-apple-tv-228427\/\" \/>\n\t\t<meta property=\"og:image\" content=\"https:\/\/images.ifun.de\/wp-content\/uploads\/2024\/02\/neuromancer-feature.jpg\" \/>\n\t\t<meta property=\"og:image:secure_url\" content=\"https:\/\/images.ifun.de\/wp-content\/uploads\/2024\/02\/neuromancer-feature.jpg\" \/>\n\t\t<meta property=\"og:image:width\" content=\"960\" \/>\n\t\t<meta property=\"og:image:height\" content=\"378\" \/>\n\t\t<meta property=\"article:published_time\" content=\"2024-02-29T06:50:55+00:00\" \/>\n\t\t<meta property=\"article:modified_time\" content=\"2024-02-29T06:50:55+00:00\" \/>\n\t\t<meta property=\"article:publisher\" content=\"https:\/\/facebook.com\/ifun.de\" \/>\n\t\t<meta name=\"twitter:card\" content=\"summary_large_image\" \/>\n\t\t<meta name=\"twitter:site\" content=\"@ifun_news\" \/>\n\t\t<meta name=\"twitter:title\" content=\"\u201eNeuromancer\u201c kommt als Serie auf Apple TV+ | ifun.de\" \/>\n\t\t<meta name=\"twitter:description\" content=\"Apple hat eine Serienadaption des Klassikers \u201eNeuromancer\u201c f\u00fcr Apple TV+ angek\u00fcndigt. Die auf dem Science-Fiction-Roman von William Gibson basierende Serie soll zun\u00e4chst zehn Episoden umfassen. F\u00fcr die Produktion konnte Apple mit Graham Roland (Tom Clancy\u2019s Jack Ryan\u201c, \u201eMile 22\u201c, \u201eDark Winds\u201c) und JD Dillard (\u201eDevotion\u201c, \u201eSleight\u201c) zwei bekannte Branchengr\u00f6\u00dfen gewinnen. Im Zentrum der mehrfach preisgekr\u00f6nten\" \/>\n\t\t<meta name=\"twitter:creator\" content=\"@ifun_news\" \/>\n\t\t<meta name=\"twitter:image\" content=\"https:\/\/images.ifun.de\/wp-content\/uploads\/2024\/02\/neuromancer-feature.jpg\" \/>\n\t\t<script type=\"application\/ld+json\" class=\"aioseo-schema\">\n\t\t\t{\"@context\":\"https:\\\/\\\/schema.org\",\"@graph\":[{\"@type\":\"Article\",\"@id\":\"https:\\\/\\\/www.ifun.de\\\/neuromancer-kommt-als-serie-auf-apple-tv-228427\\\/#article\",\"name\":\"\\u201eNeuromancer\\u201c kommt als Serie auf Apple TV+ | ifun.de\",\"headline\":\"&#8222;Neuromancer&#8220; kommt als Serie auf Apple TV+\",\"author\":{\"@id\":\"https:\\\/\\\/www.ifun.de\\\/author\\\/chris\\\/#author\"},\"publisher\":{\"@id\":\"https:\\\/\\\/www.ifun.de\\\/#organization\"},\"image\":{\"@type\":\"ImageObject\",\"url\":\"https:\\\/\\\/images.ifun.de\\\/wp-content\\\/uploads\\\/2024\\\/02\\\/neuromancer-apple.jpg\",\"width\":1000,\"height\":1492,\"caption\":\"Neuromancer Apple\"},\"datePublished\":\"2024-02-29T07:50:55+01:00\",\"dateModified\":\"2024-02-29T07:50:55+01:00\",\"inLanguage\":\"de-DE\",\"commentCount\":27,\"mainEntityOfPage\":{\"@id\":\"https:\\\/\\\/www.ifun.de\\\/neuromancer-kommt-als-serie-auf-apple-tv-228427\\\/#webpage\"},\"isPartOf\":{\"@id\":\"https:\\\/\\\/www.ifun.de\\\/neuromancer-kommt-als-serie-auf-apple-tv-228427\\\/#webpage\"},\"articleSection\":\"News, Apple TV\"},{\"@type\":\"BreadcrumbList\",\"@id\":\"https:\\\/\\\/www.ifun.de\\\/neuromancer-kommt-als-serie-auf-apple-tv-228427\\\/#breadcrumblist\",\"itemListElement\":[{\"@type\":\"ListItem\",\"@id\":\"https:\\\/\\\/www.ifun.de#listItem\",\"position\":1,\"name\":\"Home\",\"item\":\"https:\\\/\\\/www.ifun.de\",\"nextItem\":{\"@type\":\"ListItem\",\"@id\":\"https:\\\/\\\/www.ifun.de\\\/category\\\/news\\\/#listItem\",\"name\":\"News\"}},{\"@type\":\"ListItem\",\"@id\":\"https:\\\/\\\/www.ifun.de\\\/category\\\/news\\\/#listItem\",\"position\":2,\"name\":\"News\",\"item\":\"https:\\\/\\\/www.ifun.de\\\/category\\\/news\\\/\",\"nextItem\":{\"@type\":\"ListItem\",\"@id\":\"https:\\\/\\\/www.ifun.de\\\/neuromancer-kommt-als-serie-auf-apple-tv-228427\\\/#listItem\",\"name\":\"&#8222;Neuromancer&#8220; kommt als Serie auf Apple TV+\"},\"previousItem\":{\"@type\":\"ListItem\",\"@id\":\"https:\\\/\\\/www.ifun.de#listItem\",\"name\":\"Home\"}},{\"@type\":\"ListItem\",\"@id\":\"https:\\\/\\\/www.ifun.de\\\/neuromancer-kommt-als-serie-auf-apple-tv-228427\\\/#listItem\",\"position\":3,\"name\":\"&#8222;Neuromancer&#8220; kommt als Serie auf Apple TV+\",\"previousItem\":{\"@type\":\"ListItem\",\"@id\":\"https:\\\/\\\/www.ifun.de\\\/category\\\/news\\\/#listItem\",\"name\":\"News\"}}]},{\"@type\":\"Organization\",\"@id\":\"https:\\\/\\\/www.ifun.de\\\/#organization\",\"name\":\"ifun.de\",\"description\":\"Apple-News seit 2001\",\"url\":\"https:\\\/\\\/www.ifun.de\\\/\",\"telephone\":\"+493057707123\",\"logo\":{\"@type\":\"ImageObject\",\"url\":\"https:\\\/\\\/images.ifun.de\\\/wp-content\\\/uploads\\\/2026\\\/02\\\/apple-touch-icon.png\",\"@id\":\"https:\\\/\\\/www.ifun.de\\\/neuromancer-kommt-als-serie-auf-apple-tv-228427\\\/#organizationLogo\",\"width\":512,\"height\":512,\"caption\":\"Apple Touch Icon\"},\"image\":{\"@id\":\"https:\\\/\\\/www.ifun.de\\\/neuromancer-kommt-als-serie-auf-apple-tv-228427\\\/#organizationLogo\"},\"sameAs\":[\"https:\\\/\\\/facebook.com\\\/ifun.de\",\"https:\\\/\\\/x.com\\\/ifun_news\"]},{\"@type\":\"Person\",\"@id\":\"https:\\\/\\\/www.ifun.de\\\/author\\\/chris\\\/#author\",\"url\":\"https:\\\/\\\/www.ifun.de\\\/author\\\/chris\\\/\",\"name\":\"Chris\"},{\"@type\":\"WebPage\",\"@id\":\"https:\\\/\\\/www.ifun.de\\\/neuromancer-kommt-als-serie-auf-apple-tv-228427\\\/#webpage\",\"url\":\"https:\\\/\\\/www.ifun.de\\\/neuromancer-kommt-als-serie-auf-apple-tv-228427\\\/\",\"name\":\"\\u201eNeuromancer\\u201c kommt als Serie auf Apple TV+ | ifun.de\",\"description\":\"Apple hat eine Serienadaption des Klassikers \\u201eNeuromancer\\u201c f\\u00fcr Apple TV+ angek\\u00fcndigt. Die auf dem Science-Fiction-Roman von William Gibson basierende Serie soll zun\\u00e4chst zehn Episoden umfassen. F\\u00fcr die Produktion konnte Apple mit Graham Roland (Tom Clancy\\u2019s Jack Ryan\\u201c, \\u201eMile 22\\u201c, \\u201eDark Winds\\u201c) und JD Dillard (\\u201eDevotion\\u201c, \\u201eSleight\\u201c) zwei bekannte Branchengr\\u00f6\\u00dfen gewinnen. Im Zentrum der mehrfach preisgekr\\u00f6nten\",\"inLanguage\":\"de-DE\",\"isPartOf\":{\"@id\":\"https:\\\/\\\/www.ifun.de\\\/#website\"},\"breadcrumb\":{\"@id\":\"https:\\\/\\\/www.ifun.de\\\/neuromancer-kommt-als-serie-auf-apple-tv-228427\\\/#breadcrumblist\"},\"author\":{\"@id\":\"https:\\\/\\\/www.ifun.de\\\/author\\\/chris\\\/#author\"},\"creator\":{\"@id\":\"https:\\\/\\\/www.ifun.de\\\/author\\\/chris\\\/#author\"},\"image\":{\"@type\":\"ImageObject\",\"url\":\"https:\\\/\\\/images.ifun.de\\\/wp-content\\\/uploads\\\/2024\\\/02\\\/neuromancer-apple.jpg\",\"@id\":\"https:\\\/\\\/www.ifun.de\\\/neuromancer-kommt-als-serie-auf-apple-tv-228427\\\/#mainImage\",\"width\":1000,\"height\":1492,\"caption\":\"Neuromancer Apple\"},\"primaryImageOfPage\":{\"@id\":\"https:\\\/\\\/www.ifun.de\\\/neuromancer-kommt-als-serie-auf-apple-tv-228427\\\/#mainImage\"},\"datePublished\":\"2024-02-29T07:50:55+01:00\",\"dateModified\":\"2024-02-29T07:50:55+01:00\"},{\"@type\":\"WebSite\",\"@id\":\"https:\\\/\\\/www.ifun.de\\\/#website\",\"url\":\"https:\\\/\\\/www.ifun.de\\\/\",\"name\":\"ifun.de\",\"description\":\"Apple-News seit 2001\",\"inLanguage\":\"de-DE\",\"publisher\":{\"@id\":\"https:\\\/\\\/www.ifun.de\\\/#organization\"}}]}\n\t\t<\/script>\n\t\t<!-- All in One SEO Pro -->\r\n\t\t<title>\u201eNeuromancer\u201c kommt als Serie auf Apple TV+ | ifun.de<\/title>\n\n","aioseo_head_json":{"title":"\u201eNeuromancer\u201c kommt als Serie auf Apple TV+ | ifun.de","description":"Apple hat eine Serienadaption des Klassikers \u201eNeuromancer\u201c f\u00fcr Apple TV+ angek\u00fcndigt. Die auf dem Science-Fiction-Roman von William Gibson basierende Serie soll zun\u00e4chst zehn Episoden umfassen. F\u00fcr die Produktion konnte Apple mit Graham Roland (Tom Clancy\u2019s Jack Ryan\u201c, \u201eMile 22\u201c, \u201eDark Winds\u201c) und JD Dillard (\u201eDevotion\u201c, \u201eSleight\u201c) zwei bekannte Branchengr\u00f6\u00dfen gewinnen. Im Zentrum der mehrfach preisgekr\u00f6nten","canonical_url":"https:\/\/www.ifun.de\/neuromancer-kommt-als-serie-auf-apple-tv-228427\/","robots":"max-image-preview:large","keywords":"","webmasterTools":{"google-site-verification":"uH_IhWlZO-QDb51DGwVoGT_GCZmfJp98klL3XmbE3ow","miscellaneous":""},"schema":{"@context":"https:\/\/schema.org","@graph":[{"@type":"Article","@id":"https:\/\/www.ifun.de\/neuromancer-kommt-als-serie-auf-apple-tv-228427\/#article","name":"\u201eNeuromancer\u201c kommt als Serie auf Apple TV+ | ifun.de","headline":"&#8222;Neuromancer&#8220; kommt als Serie auf Apple TV+","author":{"@id":"https:\/\/www.ifun.de\/author\/chris\/#author"},"publisher":{"@id":"https:\/\/www.ifun.de\/#organization"},"image":{"@type":"ImageObject","url":"https:\/\/images.ifun.de\/wp-content\/uploads\/2024\/02\/neuromancer-apple.jpg","width":1000,"height":1492,"caption":"Neuromancer Apple"},"datePublished":"2024-02-29T07:50:55+01:00","dateModified":"2024-02-29T07:50:55+01:00","inLanguage":"de-DE","commentCount":27,"mainEntityOfPage":{"@id":"https:\/\/www.ifun.de\/neuromancer-kommt-als-serie-auf-apple-tv-228427\/#webpage"},"isPartOf":{"@id":"https:\/\/www.ifun.de\/neuromancer-kommt-als-serie-auf-apple-tv-228427\/#webpage"},"articleSection":"News, Apple TV"},{"@type":"BreadcrumbList","@id":"https:\/\/www.ifun.de\/neuromancer-kommt-als-serie-auf-apple-tv-228427\/#breadcrumblist","itemListElement":[{"@type":"ListItem","@id":"https:\/\/www.ifun.de#listItem","position":1,"name":"Home","item":"https:\/\/www.ifun.de","nextItem":{"@type":"ListItem","@id":"https:\/\/www.ifun.de\/category\/news\/#listItem","name":"News"}},{"@type":"ListItem","@id":"https:\/\/www.ifun.de\/category\/news\/#listItem","position":2,"name":"News","item":"https:\/\/www.ifun.de\/category\/news\/","nextItem":{"@type":"ListItem","@id":"https:\/\/www.ifun.de\/neuromancer-kommt-als-serie-auf-apple-tv-228427\/#listItem","name":"&#8222;Neuromancer&#8220; kommt als Serie auf Apple TV+"},"previousItem":{"@type":"ListItem","@id":"https:\/\/www.ifun.de#listItem","name":"Home"}},{"@type":"ListItem","@id":"https:\/\/www.ifun.de\/neuromancer-kommt-als-serie-auf-apple-tv-228427\/#listItem","position":3,"name":"&#8222;Neuromancer&#8220; kommt als Serie auf Apple TV+","previousItem":{"@type":"ListItem","@id":"https:\/\/www.ifun.de\/category\/news\/#listItem","name":"News"}}]},{"@type":"Organization","@id":"https:\/\/www.ifun.de\/#organization","name":"ifun.de","description":"Apple-News seit 2001","url":"https:\/\/www.ifun.de\/","telephone":"+493057707123","logo":{"@type":"ImageObject","url":"https:\/\/images.ifun.de\/wp-content\/uploads\/2026\/02\/apple-touch-icon.png","@id":"https:\/\/www.ifun.de\/neuromancer-kommt-als-serie-auf-apple-tv-228427\/#organizationLogo","width":512,"height":512,"caption":"Apple Touch Icon"},"image":{"@id":"https:\/\/www.ifun.de\/neuromancer-kommt-als-serie-auf-apple-tv-228427\/#organizationLogo"},"sameAs":["https:\/\/facebook.com\/ifun.de","https:\/\/x.com\/ifun_news"]},{"@type":"Person","@id":"https:\/\/www.ifun.de\/author\/chris\/#author","url":"https:\/\/www.ifun.de\/author\/chris\/","name":"Chris"},{"@type":"WebPage","@id":"https:\/\/www.ifun.de\/neuromancer-kommt-als-serie-auf-apple-tv-228427\/#webpage","url":"https:\/\/www.ifun.de\/neuromancer-kommt-als-serie-auf-apple-tv-228427\/","name":"\u201eNeuromancer\u201c kommt als Serie auf Apple TV+ | ifun.de","description":"Apple hat eine Serienadaption des Klassikers \u201eNeuromancer\u201c f\u00fcr Apple TV+ angek\u00fcndigt. Die auf dem Science-Fiction-Roman von William Gibson basierende Serie soll zun\u00e4chst zehn Episoden umfassen. F\u00fcr die Produktion konnte Apple mit Graham Roland (Tom Clancy\u2019s Jack Ryan\u201c, \u201eMile 22\u201c, \u201eDark Winds\u201c) und JD Dillard (\u201eDevotion\u201c, \u201eSleight\u201c) zwei bekannte Branchengr\u00f6\u00dfen gewinnen. Im Zentrum der mehrfach preisgekr\u00f6nten","inLanguage":"de-DE","isPartOf":{"@id":"https:\/\/www.ifun.de\/#website"},"breadcrumb":{"@id":"https:\/\/www.ifun.de\/neuromancer-kommt-als-serie-auf-apple-tv-228427\/#breadcrumblist"},"author":{"@id":"https:\/\/www.ifun.de\/author\/chris\/#author"},"creator":{"@id":"https:\/\/www.ifun.de\/author\/chris\/#author"},"image":{"@type":"ImageObject","url":"https:\/\/images.ifun.de\/wp-content\/uploads\/2024\/02\/neuromancer-apple.jpg","@id":"https:\/\/www.ifun.de\/neuromancer-kommt-als-serie-auf-apple-tv-228427\/#mainImage","width":1000,"height":1492,"caption":"Neuromancer Apple"},"primaryImageOfPage":{"@id":"https:\/\/www.ifun.de\/neuromancer-kommt-als-serie-auf-apple-tv-228427\/#mainImage"},"datePublished":"2024-02-29T07:50:55+01:00","dateModified":"2024-02-29T07:50:55+01:00"},{"@type":"WebSite","@id":"https:\/\/www.ifun.de\/#website","url":"https:\/\/www.ifun.de\/","name":"ifun.de","description":"Apple-News seit 2001","inLanguage":"de-DE","publisher":{"@id":"https:\/\/www.ifun.de\/#organization"}}]},"og:locale":"de_DE","og:site_name":"ifun.de | Apple-News seit 2001","og:type":"article","og:title":"\u201eNeuromancer\u201c kommt als Serie auf Apple TV+ | ifun.de","og:description":"Apple hat eine Serienadaption des Klassikers \u201eNeuromancer\u201c f\u00fcr Apple TV+ angek\u00fcndigt. Die auf dem Science-Fiction-Roman von William Gibson basierende Serie soll zun\u00e4chst zehn Episoden umfassen. F\u00fcr die Produktion konnte Apple mit Graham Roland (Tom Clancy\u2019s Jack Ryan\u201c, \u201eMile 22\u201c, \u201eDark Winds\u201c) und JD Dillard (\u201eDevotion\u201c, \u201eSleight\u201c) zwei bekannte Branchengr\u00f6\u00dfen gewinnen. Im Zentrum der mehrfach preisgekr\u00f6nten","og:url":"https:\/\/www.ifun.de\/neuromancer-kommt-als-serie-auf-apple-tv-228427\/","og:image":"https:\/\/images.ifun.de\/wp-content\/uploads\/2024\/02\/neuromancer-feature.jpg","og:image:secure_url":"https:\/\/images.ifun.de\/wp-content\/uploads\/2024\/02\/neuromancer-feature.jpg","og:image:width":960,"og:image:height":378,"article:published_time":"2024-02-29T06:50:55+00:00","article:modified_time":"2024-02-29T06:50:55+00:00","article:publisher":"https:\/\/facebook.com\/ifun.de","twitter:card":"summary_large_image","twitter:site":"@ifun_news","twitter:title":"\u201eNeuromancer\u201c kommt als Serie auf Apple TV+ | ifun.de","twitter:description":"Apple hat eine Serienadaption des Klassikers \u201eNeuromancer\u201c f\u00fcr Apple TV+ angek\u00fcndigt. Die auf dem Science-Fiction-Roman von William Gibson basierende Serie soll zun\u00e4chst zehn Episoden umfassen. F\u00fcr die Produktion konnte Apple mit Graham Roland (Tom Clancy\u2019s Jack Ryan\u201c, \u201eMile 22\u201c, \u201eDark Winds\u201c) und JD Dillard (\u201eDevotion\u201c, \u201eSleight\u201c) zwei bekannte Branchengr\u00f6\u00dfen gewinnen. Im Zentrum der mehrfach preisgekr\u00f6nten","twitter:creator":"@ifun_news","twitter:image":"https:\/\/images.ifun.de\/wp-content\/uploads\/2024\/02\/neuromancer-feature.jpg"},"aioseo_meta_data":{"post_id":"228427","title":null,"description":null,"keywords":null,"keyphrases":null,"primary_term":null,"canonical_url":null,"og_title":null,"og_description":null,"og_object_type":"default","og_image_type":"default","og_image_url":null,"og_image_width":null,"og_image_height":null,"og_image_custom_url":null,"og_image_custom_fields":null,"og_video":null,"og_custom_url":null,"og_article_section":null,"og_article_tags":null,"twitter_use_og":false,"twitter_card":"default","twitter_image_type":"default","twitter_image_url":null,"twitter_image_custom_url":null,"twitter_image_custom_fields":null,"twitter_title":null,"twitter_description":null,"schema":{"blockGraphs":[],"customGraphs":[],"default":{"data":{"Article":[],"Course":[],"Dataset":[],"FAQPage":[],"Movie":[],"Person":[],"Product":[],"ProductReview":[],"Car":[],"Recipe":[],"Service":[],"SoftwareApplication":[],"WebPage":[]},"graphName":"Article","isEnabled":true},"graphs":[]},"schema_type":"default","schema_type_options":null,"pillar_content":false,"robots_default":true,"robots_noindex":false,"robots_noarchive":false,"robots_nosnippet":false,"robots_nofollow":false,"robots_noimageindex":false,"robots_noodp":false,"robots_notranslate":false,"robots_max_snippet":null,"robots_max_videopreview":null,"robots_max_imagepreview":"large","priority":null,"frequency":null,"local_seo":null,"seo_analyzer_scan_date":null,"breadcrumb_settings":null,"limit_modified_date":false,"reviewed_by":null,"open_ai":null,"ai":null,"created":"2026-02-23 23:34:48","updated":"2026-02-23 23:34:48","focus_keyword":null,"additional_keywords":null,"truseo_locale":null},"aioseo_breadcrumb":"<div class=\"aioseo-breadcrumbs\"><span class=\"aioseo-breadcrumb\">\n\t<a href=\"https:\/\/www.ifun.de\" title=\"Home\">Home<\/a>\n<\/span><span class=\"aioseo-breadcrumb-separator\">\u00bb<\/span><span class=\"aioseo-breadcrumb\">\n\t<a href=\"https:\/\/www.ifun.de\/category\/news\/\" title=\"News\">News<\/a>\n<\/span><span class=\"aioseo-breadcrumb-separator\">\u00bb<\/span><span class=\"aioseo-breadcrumb\">\n\t\u201eNeuromancer\u201c kommt als Serie auf Apple TV+\n<\/span><\/div>","aioseo_breadcrumb_json":[{"label":"Home","link":"https:\/\/www.ifun.de"},{"label":"News","link":"https:\/\/www.ifun.de\/category\/news\/"},{"label":"&#8222;Neuromancer&#8220; kommt als Serie auf Apple TV+","link":"https:\/\/www.ifun.de\/neuromancer-kommt-als-serie-auf-apple-tv-228427\/"}],"featured_image":["https:\/\/images.ifun.de\/wp-content\/uploads\/2024\/02\/neuromancer-feature.jpg"],"subheadline":["Apple reanimiert den Cyberpunk-Klassiker"],"rest_api_enabler":{"featured_image":"https:\/\/images.ifun.de\/wp-content\/uploads\/2024\/02\/neuromancer-feature.jpg","subheadline":"Apple reanimiert den Cyberpunk-Klassiker"},"_links":{"self":[{"href":"https:\/\/www.ifun.de\/apiv2\/wp\/v2\/posts\/228427","targetHints":{"allow":["GET"]}}],"collection":[{"href":"https:\/\/www.ifun.de\/apiv2\/wp\/v2\/posts"}],"about":[{"href":"https:\/\/www.ifun.de\/apiv2\/wp\/v2\/types\/post"}],"author":[{"embeddable":true,"href":"https:\/\/www.ifun.de\/apiv2\/wp\/v2\/users\/2"}],"replies":[{"embeddable":true,"href":"https:\/\/www.ifun.de\/apiv2\/wp\/v2\/comments?post=228427"}],"version-history":[{"count":3,"href":"https:\/\/www.ifun.de\/apiv2\/wp\/v2\/posts\/228427\/revisions"}],"predecessor-version":[{"id":228433,"href":"https:\/\/www.ifun.de\/apiv2\/wp\/v2\/posts\/228427\/revisions\/228433"}],"wp:featuredmedia":[{"embeddable":true,"href":"https:\/\/www.ifun.de\/apiv2\/wp\/v2\/media\/228431"}],"wp:attachment":[{"href":"https:\/\/www.ifun.de\/apiv2\/wp\/v2\/media?parent=228427"}],"wp:term":[{"taxonomy":"category","embeddable":true,"href":"https:\/\/www.ifun.de\/apiv2\/wp\/v2\/categories?post=228427"},{"taxonomy":"post_tag","embeddable":true,"href":"https:\/\/www.ifun.de\/apiv2\/wp\/v2\/tags?post=228427"}],"curies":[{"name":"wp","href":"https:\/\/api.w.org\/{rel}","templated":true}]}}