{"id":228410,"date":"2024-02-28T19:33:37","date_gmt":"2024-02-28T18:33:37","guid":{"rendered":"https:\/\/www.ifun.de\/?p=228410"},"modified":"2024-02-28T19:34:17","modified_gmt":"2024-02-28T18:34:17","slug":"apple-vision-pro-koennte-frueher-nach-europa-kommen-als-gedacht","status":"publish","type":"post","link":"https:\/\/www.ifun.de\/apple-vision-pro-koennte-frueher-nach-europa-kommen-als-gedacht-228410\/","title":{"rendered":"Apple Vision Pro k\u00f6nnte fr\u00fcher nach Europa kommen als gedacht"},"content":{"rendered":"<p>Die Apple Vision Pro k\u00f6nnte schneller in weiteren L\u00e4ndern verf\u00fcgbar sein, als anfangs erwartet. Der Analyst <a href=\"https:\/\/medium.com\/@mingchikuo\/vision-pro%E6%9B%B4%E6%96%B0-%E7%BE%8E%E5%9C%8B%E5%B8%82%E5%A0%B4%E9%9C%80%E6%B1%82%E5%B7%B2%E5%A4%A7%E5%B9%85%E6%94%BE%E7%B7%A9-%E5%85%A8%E7%90%83%E7%99%BC%E4%BD%88%E6%99%82%E7%A8%8B%E9%A0%90%E6%B8%AC-%E4%BE%9B%E6%87%89%E9%8F%88%E6%93%B4%E7%94%A2%E8%88%87%E9%80%80%E8%B2%A8%E7%8E%87%E8%A7%A3%E8%AE%80-%E6%96%B0%E6%A9%9F%E7%A8%AE%E9%A0%90%E6%B8%AC-%E6%8A%95%E8%B3%87%E7%AD%96%E7%95%A5-vision-pro-update-us-market-demand-f12ab8423404\">Ming-Chi Kuo<\/a> macht eine einfache aber auch nicht unbedingt abwegige Rechnung auf. Eine stark r\u00fcckl\u00e4ufige Nachfrage in den USA hat seiner Meinung nach zur Folge, dass Apple fr\u00fcher als geplant auch andere M\u00e4rkte bedienen kann.<\/p>\n<p>Die Vision Pro war zwar im Anschluss an ihre Markteinf\u00fchrung kurz vergriffen, ist mittlerweile aber dauerhaft innerhalb von nur drei bis f\u00fcnf Tagen lieferbar. Kuo sieht dies als Beleg f\u00fcr eine mittlerweile eher verhaltene Nachfrage in den USA.<\/p>\n<p><a href=\"https:\/\/images.ifun.de\/wp-content\/uploads\/2024\/02\/Apple-Vision-Pro-availability-first-customer.jpg\"><img loading=\"lazy\" decoding=\"async\" src=\"https:\/\/images.ifun.de\/wp-content\/uploads\/2024\/02\/Apple-Vision-Pro-availability-first-customer-700x467.jpg\" alt=\"Apple Vision Pro Availability First Customer\" width=\"700\" height=\"467\" class=\"alignnone size-large wp-image-228414\" srcset=\"https:\/\/images.ifun.de\/wp-content\/uploads\/2024\/02\/Apple-Vision-Pro-availability-first-customer-700x467.jpg 700w, https:\/\/images.ifun.de\/wp-content\/uploads\/2024\/02\/Apple-Vision-Pro-availability-first-customer-500x333.jpg 500w, https:\/\/images.ifun.de\/wp-content\/uploads\/2024\/02\/Apple-Vision-Pro-availability-first-customer-768x512.jpg 768w, https:\/\/images.ifun.de\/wp-content\/uploads\/2024\/02\/Apple-Vision-Pro-availability-first-customer.jpg 1400w\" sizes=\"auto, (max-width: 700px) 100vw, 700px\" \/><\/a><\/p>\n<h6>Verkaufsstart der Vision Pro in den USA (Bild: Apple)<\/h6>\n<p>Dies vor Augen m\u00fcsse man inzwischen weniger die Produktionszahlen als Hemmschwelle f\u00fcr f\u00fcr die Bereitstellung der Vision Pro auf weiteren M\u00e4rkten sehen, sondern eher die an die Software der Brille gestellten Anforderungen, um die lokalen Gesetze und Vorgaben einzuhalten.<\/p>\n<p>W\u00e4hrend wir uns anfangs eher auf Wartezeiten bis in den Herbst hinein eingestellt haben, r\u00fcckt ein fr\u00fcherer Produktstart vielleicht auch in Deutschland zumindest ein St\u00fcck weit n\u00e4her. Die Wetten Kuos laufen seinen Worten zufolge auf eine Verf\u00fcgbarkeit der Apple Vision Pro auf weiteren M\u00e4rkten noch vor Apples Entwicklerkonferenz WWDC. Der Gedanke, dass zur WWDC m\u00f6glichst viele Entwickler Zugriff auf die Vision Pro haben sollten, ist nicht von der Hand zu weisen und d\u00fcrfte im gesteigerten Interesse des Herstellers sein. Gew\u00f6hnlich findet die WWDC Anfang Juni statt &#8211; also bereits in etwas mehr als drei Monaten.<\/p>\n<h2>2. Generation nicht vor 2027<\/h2>\n<p>Auf den Angaben von Zulieferern basierenden Sch\u00e4tzungen zufolge wird Apple in diesem Jahr maximal 800.000 seiner Datenbrillen in den Handel bringen. Solche Zahlen sind im Vergleich zu anderen Produkten kaum der Rede wert. Bei der Apple Vision Pro handelt es sich weiterhin um einen fr\u00fchen Testballon, bei dem man Kuo zufolge wohl nicht vor 2027 mit einem grundlegend \u00fcberarbeiteten und mit signifikanten \u00c4nderungen versehenen Modell rechnen kann.<img loading=\"lazy\" decoding=\"async\" src=\"https:\/\/vg01.met.vgwort.de\/na\/2edc86195fc94eb78cb6fd942cb436b9\" width=\"1\" height=\"1\" no-lazy class=\"tracking\"><\/p>\n","protected":false},"excerpt":{"rendered":"<a href=\"https:\/\/www.ifun.de\/apple-vision-pro-koennte-frueher-nach-europa-kommen-als-gedacht-228410\/\"><img width=\"150\" height=\"150\" src=\"https:\/\/images.ifun.de\/wp-content\/uploads\/2024\/02\/apple-vision-pro-anprobe-feature-150x150.jpg\" class=\"alignright tfe wp-post-image\" alt=\"Apple Vision Pro Anprobe Feature\" decoding=\"async\" loading=\"lazy\" \/><\/a><p>Die Apple Vision Pro k\u00f6nnte schneller in weiteren L\u00e4ndern verf\u00fcgbar sein, als anfangs erwartet. Der Analyst Ming-Chi Kuo macht eine einfache aber auch nicht unbedingt abwegige Rechnung auf. Eine stark r\u00fcckl\u00e4ufige Nachfrage in den USA hat seiner Meinung nach zur Folge, dass Apple fr\u00fcher als geplant auch andere M\u00e4rkte bedienen kann. Die Vision Pro war [&hellip;]<\/p>\n","protected":false},"author":2,"featured_media":228412,"comment_status":"open","ping_status":"closed","sticky":false,"template":"","format":"standard","meta":{"_acf_changed":false,"footnotes":""},"categories":[1],"tags":[6169],"class_list":["post-228410","post","type-post","status-publish","format-standard","has-post-thumbnail","hentry","category-news","tag-apple-vision-pro"],"acf":[],"aioseo_notices":[],"featured_image":["https:\/\/images.ifun.de\/wp-content\/uploads\/2024\/02\/apple-vision-pro-anprobe-feature.jpg"],"subheadline":["Liefersituation dauerhaft gut"],"rest_api_enabler":{"featured_image":"https:\/\/images.ifun.de\/wp-content\/uploads\/2024\/02\/apple-vision-pro-anprobe-feature.jpg","subheadline":"Liefersituation dauerhaft gut"},"_links":{"self":[{"href":"https:\/\/www.ifun.de\/apiv2\/wp\/v2\/posts\/228410","targetHints":{"allow":["GET"]}}],"collection":[{"href":"https:\/\/www.ifun.de\/apiv2\/wp\/v2\/posts"}],"about":[{"href":"https:\/\/www.ifun.de\/apiv2\/wp\/v2\/types\/post"}],"author":[{"embeddable":true,"href":"https:\/\/www.ifun.de\/apiv2\/wp\/v2\/users\/2"}],"replies":[{"embeddable":true,"href":"https:\/\/www.ifun.de\/apiv2\/wp\/v2\/comments?post=228410"}],"version-history":[{"count":4,"href":"https:\/\/www.ifun.de\/apiv2\/wp\/v2\/posts\/228410\/revisions"}],"predecessor-version":[{"id":228418,"href":"https:\/\/www.ifun.de\/apiv2\/wp\/v2\/posts\/228410\/revisions\/228418"}],"wp:featuredmedia":[{"embeddable":true,"href":"https:\/\/www.ifun.de\/apiv2\/wp\/v2\/media\/228412"}],"wp:attachment":[{"href":"https:\/\/www.ifun.de\/apiv2\/wp\/v2\/media?parent=228410"}],"wp:term":[{"taxonomy":"category","embeddable":true,"href":"https:\/\/www.ifun.de\/apiv2\/wp\/v2\/categories?post=228410"},{"taxonomy":"post_tag","embeddable":true,"href":"https:\/\/www.ifun.de\/apiv2\/wp\/v2\/tags?post=228410"}],"curies":[{"name":"wp","href":"https:\/\/api.w.org\/{rel}","templated":true}]}}