{"id":228137,"date":"2024-02-23T18:54:14","date_gmt":"2024-02-23T17:54:14","guid":{"rendered":"https:\/\/www.ifun.de\/?p=228137"},"modified":"2024-03-01T18:42:36","modified_gmt":"2024-03-01T17:42:36","slug":"apple-vision-pro-nutzer-berichten-ueber-gesprungenes-frontglas","status":"publish","type":"post","link":"https:\/\/www.ifun.de\/apple-vision-pro-nutzer-berichten-ueber-gesprungenes-frontglas-228137\/","title":{"rendered":"Apple Vision Pro: Nutzer berichten \u00fcber gesprungenes Frontglas"},"content":{"rendered":"<p>In den USA wird gerade dar\u00fcber diskutiert, ob das Frontglas der Apple Vision Pro dazu neigt, zu springen. Das Blog <a href=\"https:\/\/appleinsider.com\/articles\/24\/02\/22\/reports-are-spreading-about-a-very-specific-apple-vision-pro-front-glass-crack\">AppleInsider<\/a> hat mehrere Berichte von Besitzern der Apple-Brille zusammengetragen, die alle \u00fcber nahezu identische Besch\u00e4digungen berichten.<\/p>\n<blockquote class=\"twitter-tweet\">\n<p lang=\"en\" dir=\"ltr\">Skimming Reddit &amp; MacRumors I found 7 posts with pics showing the same Vision Pro hairline crack (aka Crack Gate) forming near the bridge of the device. Most of the posts are from the past 48-72 hours, though one (u\/Wohinbistdu on Reddit) was posted 18 days ago. <a href=\"https:\/\/t.co\/OXOayDnrc6\">pic.twitter.com\/OXOayDnrc6<\/a><\/p>\n<p>&mdash; Basic Apple Guy (@BasicAppleGuy) <a href=\"https:\/\/twitter.com\/BasicAppleGuy\/status\/1761128851273580923?ref_src=twsrc%5Etfw\">February 23, 2024<\/a><\/p><\/blockquote>\n<p> <script async src=\"https:\/\/platform.twitter.com\/widgets.js\" charset=\"utf-8\"><\/script><\/p>\n<p>Die Risse im Glas machen den Eindruck, als w\u00fcrde sich die gew\u00f6lbte Front der Brille in der Mitte spalten. Die Besch\u00e4digungen sind den Berichten zufolge jeweils ohne mechanischen Einfluss aufgetreten, teils sei das Glas \u00fcber Nacht und w\u00e4hrend die Brille in ihrer Schutzh\u00fclle war gebrochen. Das Ma\u00df der Besch\u00e4digung ist dabei unterschiedlich, mal handelt es sich nur um einen kurzen Riss im Glas, bei einem Nutzer scheint sich dieser jedoch nahezu \u00fcber die komplette Front zu ziehen.<\/p>\n<p><a href=\"https:\/\/images.ifun.de\/wp-content\/uploads\/2024\/02\/apple-vision-pro-frontglas-defekt.jpg\"><img loading=\"lazy\" decoding=\"async\" src=\"https:\/\/images.ifun.de\/wp-content\/uploads\/2024\/02\/apple-vision-pro-frontglas-defekt-700x408.jpg\" alt=\"Apple Vision Pro Frontglas Defekt\" width=\"700\" height=\"408\" class=\"alignnone size-large wp-image-228139\" srcset=\"https:\/\/images.ifun.de\/wp-content\/uploads\/2024\/02\/apple-vision-pro-frontglas-defekt-700x408.jpg 700w, https:\/\/images.ifun.de\/wp-content\/uploads\/2024\/02\/apple-vision-pro-frontglas-defekt-500x291.jpg 500w, https:\/\/images.ifun.de\/wp-content\/uploads\/2024\/02\/apple-vision-pro-frontglas-defekt-768x448.jpg 768w, https:\/\/images.ifun.de\/wp-content\/uploads\/2024\/02\/apple-vision-pro-frontglas-defekt.jpg 1400w\" sizes=\"auto, (max-width: 700px) 100vw, 700px\" \/><\/a><\/p>\n<p>Nutzerberichte mit den hier gezeigten und weiteren Bildern gibt es hier:<\/p>\n<ul>\n<li> <a href=\"https:\/\/www.reddit.com\/r\/VisionPro\/comments\/1ajl51r\/3_days_in_and_we_have_a_crack_on_the_outer_glass\/\">3 days in and we have a crack on the outer glass already<\/a><\/li>\n<li><a href=\"https:\/\/www.reddit.com\/r\/VisionPro\/comments\/1awr2di\/cracked_but_not_dropped\/\">Cracked! But Not Dropped<\/a><\/li>\n<li><a href=\"https:\/\/www.reddit.com\/r\/VisionPro\/comments\/1axc3bo\/sudden_random_crack_in_the_front_glass\/\">Sudden, random crack in the front glass?<\/a><\/li>\n<li><a href=\"https:\/\/www.reddit.com\/r\/VisionPro\/comments\/1axdm39\/another_cracked_vision_pro\/\">Another Cracked Vision Pro<\/a><\/li>\n<\/ul>\n<p>W\u00e4hrend die \u00c4hnlichkeit der Besch\u00e4digungen auf ein generelles oder zumindest eine bestimmte Produktionscharge betreffendes Problem hindeuten, h\u00e4lt sich die Zahl der Nutzer, die \u00fcber einen entsprechende Besch\u00e4digung berichten, noch stark in Grenzen. Dennoch darf man davon ausgehen, dass Apple die Berichte zum Anlass f\u00fcr eine tiefergehende Untersuchung nimmt.<\/p>\n<h2>Trotz AppleCare+ 299 Dollar<\/h2>\n<p>Die ersten Reaktionen von Apple-Mitarbeitern wirken allerdings irritierend. Ein Nutzer berichtet, dass man ihm mitgeteilt habe, dass er selbst f\u00fcr den Schaden aufkommen oder \u00fcber einen AppleCare-Vertrag verf\u00fcgen m\u00fcsse. G\u00fcnstig wird der Spa\u00df in beiden F\u00e4llen nicht. F\u00fcr den Austausch des besch\u00e4digten Frontglases fallen ohne die Zusatzversicherung von Apple 799 Dollar an. Wer f\u00fcr seine Vision Pro AppleCare+ abgeschlossen hat, wird immer noch mit 299 Dollar zur Kasse gebeten.<\/p>\n<p>Diese Aussicht sorgt bei den Betroffenen zun\u00e4chst mal daf\u00fcr, mit dem Riss im Frontglas zu leben. Die Funktion der Brille wird dadurch nicht beeintr\u00e4chtigt, vielmehr kann man solange sich nicht mehr daraus entwickelt noch von einem &#8211; allerdings sehr \u00e4rgerlichen &#8211; Sch\u00f6nheitsfehler sprechen.<img loading=\"lazy\" decoding=\"async\" src=\"https:\/\/vg01.met.vgwort.de\/na\/927c3de1554e4487ba46cc7b7934e8c7\" width=\"1\" height=\"1\" no-lazy class=\"tracking\"><\/p>\n","protected":false},"excerpt":{"rendered":"<a href=\"https:\/\/www.ifun.de\/apple-vision-pro-nutzer-berichten-ueber-gesprungenes-frontglas-228137\/\"><img width=\"150\" height=\"150\" src=\"https:\/\/images.ifun.de\/wp-content\/uploads\/2024\/02\/apple-vision-pro-frontglas-defekt-feature-150x150.jpg\" class=\"alignright tfe wp-post-image\" alt=\"Apple Vision Pro Frontglas Defekt Feature\" decoding=\"async\" loading=\"lazy\" \/><\/a><p>In den USA wird gerade dar\u00fcber diskutiert, ob das Frontglas der Apple Vision Pro dazu neigt, zu springen. Das Blog AppleInsider hat mehrere Berichte von Besitzern der Apple-Brille zusammengetragen, die alle \u00fcber nahezu identische Besch\u00e4digungen berichten. Skimming Reddit &amp; MacRumors I found 7 posts with pics showing the same Vision Pro hairline crack (aka Crack [&hellip;]<\/p>\n","protected":false},"author":2,"featured_media":228140,"comment_status":"open","ping_status":"closed","sticky":false,"template":"","format":"standard","meta":{"_acf_changed":false,"footnotes":""},"categories":[1,1783],"tags":[6169],"class_list":["post-228137","post","type-post","status-publish","format-standard","has-post-thumbnail","hentry","category-news","category-feature","tag-apple-vision-pro"],"acf":[],"aioseo_notices":[],"featured_image":["https:\/\/images.ifun.de\/wp-content\/uploads\/2024\/02\/vision-pro-defekt.jpg"],"subheadline":["Selten aber einheitliches Muster"],"rest_api_enabler":{"featured_image":"https:\/\/images.ifun.de\/wp-content\/uploads\/2024\/02\/vision-pro-defekt.jpg","subheadline":"Selten aber einheitliches Muster"},"_links":{"self":[{"href":"https:\/\/www.ifun.de\/apiv2\/wp\/v2\/posts\/228137","targetHints":{"allow":["GET"]}}],"collection":[{"href":"https:\/\/www.ifun.de\/apiv2\/wp\/v2\/posts"}],"about":[{"href":"https:\/\/www.ifun.de\/apiv2\/wp\/v2\/types\/post"}],"author":[{"embeddable":true,"href":"https:\/\/www.ifun.de\/apiv2\/wp\/v2\/users\/2"}],"replies":[{"embeddable":true,"href":"https:\/\/www.ifun.de\/apiv2\/wp\/v2\/comments?post=228137"}],"version-history":[{"count":7,"href":"https:\/\/www.ifun.de\/apiv2\/wp\/v2\/posts\/228137\/revisions"}],"predecessor-version":[{"id":228561,"href":"https:\/\/www.ifun.de\/apiv2\/wp\/v2\/posts\/228137\/revisions\/228561"}],"wp:featuredmedia":[{"embeddable":true,"href":"https:\/\/www.ifun.de\/apiv2\/wp\/v2\/media\/228140"}],"wp:attachment":[{"href":"https:\/\/www.ifun.de\/apiv2\/wp\/v2\/media?parent=228137"}],"wp:term":[{"taxonomy":"category","embeddable":true,"href":"https:\/\/www.ifun.de\/apiv2\/wp\/v2\/categories?post=228137"},{"taxonomy":"post_tag","embeddable":true,"href":"https:\/\/www.ifun.de\/apiv2\/wp\/v2\/tags?post=228137"}],"curies":[{"name":"wp","href":"https:\/\/api.w.org\/{rel}","templated":true}]}}