{"id":227531,"date":"2024-02-14T10:09:15","date_gmt":"2024-02-14T09:09:15","guid":{"rendered":"https:\/\/www.ifun.de\/?p=227531"},"modified":"2024-02-22T08:48:29","modified_gmt":"2024-02-22T07:48:29","slug":"hass-im-netz-umfangreichste-studie-zeichnet-duesteres-bild","status":"publish","type":"post","link":"https:\/\/www.ifun.de\/hass-im-netz-umfangreichste-studie-zeichnet-duesteres-bild-227531\/","title":{"rendered":"Hass im Netz: Umfangreichste Studie bislang zeichnet d\u00fcsteres Bild"},"content":{"rendered":"<p>Unter der \u00dcberschrift &#8222;Lauter Hass \u2013 leiser R\u00fcckzug&#8220; hat die Gesellschaft f\u00fcr Medienp\u00e4dagogik und Kommunikationskultur (GMK) die Ergebnisse einer bundesweiten Studie vorgelegt, die sich mit der Zunahme von Hassbotschaften im Netz auseinandersetzt.<\/p>\n<p><a href=\"https:\/\/images.ifun.de\/wp-content\/uploads\/2024\/02\/hass-studie-titel.jpg\"><img loading=\"lazy\" decoding=\"async\" class=\"aligncenter size-medium wp-image-227532\" src=\"https:\/\/images.ifun.de\/wp-content\/uploads\/2024\/02\/hass-studie-titel-500x308.jpg\" alt=\"Hass Studie Titel\" width=\"500\" height=\"308\" srcset=\"https:\/\/images.ifun.de\/wp-content\/uploads\/2024\/02\/hass-studie-titel-500x308.jpg 500w, https:\/\/images.ifun.de\/wp-content\/uploads\/2024\/02\/hass-studie-titel-700x431.jpg 700w, https:\/\/images.ifun.de\/wp-content\/uploads\/2024\/02\/hass-studie-titel-768x473.jpg 768w, https:\/\/images.ifun.de\/wp-content\/uploads\/2024\/02\/hass-studie-titel.jpg 1256w\" sizes=\"auto, (max-width: 500px) 100vw, 500px\" \/><\/a><\/p>\n<p>Im Rahmen der Erhebung, die f\u00fcr sich beansprucht, die umfangreichste Untersuchung zum Themenkomplex bislang anzubieten, wurden 3.000 Online-Nutzer ab 16 Jahren zu ihrer Wahrnehmung von Hass im Netz befragt.<\/p>\n<ul>\n<li><strong>PDF-Download:<\/strong> <a href=\"https:\/\/kompetenznetzwerk-hass-im-netz.de\/wp-content\/uploads\/2024\/02\/Studie_Lauter-Hass-leiser-Rueckzug.pdf\">Studie &#8222;Lauter Hass \u2013 Leiser R\u00fcckzug&#8220;<\/a><\/li>\n<\/ul>\n<p>Dabei ging es sowohl um die Betroffenheit einzelner Nutzergruppen als auch um die Folgen von Anfeindungen, Beleidigungen und Hasskommentaren. Etwa die H\u00e4lfte der Befragten Personen hat dabei angegeben, Hass im Internet bereits wahrgenommen zu haben.<\/p>\n<h2>Jeder zweite selbst betroffen<\/h2>\n<p>Zu den wichtigsten Erkenntnissen der Studie geh\u00f6ren die folgenden Beobachtungen:<\/p>\n<ul>\n<li>Fast 50 Prozent wurden schon mal online beleidigt, 25 Prozent wurden mit k\u00f6rperlicher Gewalt bedroht.<\/li>\n<li>Eine Mehrheit bemerkt eine Zunahme von Hass im Internet in den letzten Jahren.<\/li>\n<li>Rassistische Beleidigungen und solche aufgrund sexueller Orientierung, des Geschlechts oder der Geschlechtsidentit\u00e4t sind verbreitete Hassformen im Netz.<\/li>\n<li>Die politische Einstellung beeinflusst die Wahrnehmung von Hass im Netz stark; Personen mit (eher) linker Einstellung nehmen diese h\u00e4ufiger wahr.<\/li>\n<li>Politische Ansichten sind ein Hauptgrund f\u00fcr Hasskommentare: 41 Prozent der Betroffenen wurden wegen ihrer politischen Meinung angegriffen, besonders h\u00e4ufig betroffen sind hier W\u00e4hlerinnen und W\u00e4hler der Gr\u00fcnen, Politiker und Gefl\u00fcchtete.<\/li>\n<\/ul>\n<p><a href=\"https:\/\/images.ifun.de\/wp-content\/uploads\/2024\/02\/hassbotschaften-politisch.jpg\"><img loading=\"lazy\" decoding=\"async\" src=\"https:\/\/images.ifun.de\/wp-content\/uploads\/2024\/02\/hassbotschaften-politisch-700x700.jpg\" alt=\"Hassbotschaften Politisch\" width=\"700\" height=\"700\" class=\"aligncenter size-large wp-image-227537\" srcset=\"https:\/\/images.ifun.de\/wp-content\/uploads\/2024\/02\/hassbotschaften-politisch-700x700.jpg 700w, https:\/\/images.ifun.de\/wp-content\/uploads\/2024\/02\/hassbotschaften-politisch-500x500.jpg 500w, https:\/\/images.ifun.de\/wp-content\/uploads\/2024\/02\/hassbotschaften-politisch-150x150.jpg 150w, https:\/\/images.ifun.de\/wp-content\/uploads\/2024\/02\/hassbotschaften-politisch-768x768.jpg 768w, https:\/\/images.ifun.de\/wp-content\/uploads\/2024\/02\/hassbotschaften-politisch-1536x1536.jpg 1536w, https:\/\/images.ifun.de\/wp-content\/uploads\/2024\/02\/hassbotschaften-politisch.jpg 1696w\" sizes=\"auto, (max-width: 700px) 100vw, 700px\" \/><\/a><\/p>\n<ul>\n<li>Soziodemografische Faktoren wie Alter, Geschlecht, Bildung oder Wohnort haben weniger Einfluss auf die Wahrnehmung von Hass im Netz.<\/li>\n<li>15 Prozent der Befragten geben an, selbst von Hass im Netz betroffen gewesen zu sein. Dies gilt besonders f\u00fcr junge Frauen, f\u00fcr Personen mit Migrationshintergrund und f\u00fcr Menschen mit homo- oder bisexueller Orientierung.<\/li>\n<li>Hass im Netz hat f\u00fcr Frauen oft eine zus\u00e4tzlich sexistische Dimension: Fast jede zweite junge Frau erhielt ungefragt Nacktfotos, jede F\u00fcnfte wurde sexuell bel\u00e4stigt.<\/li>\n<\/ul>\n<p><a href=\"https:\/\/images.ifun.de\/wp-content\/uploads\/2024\/02\/Studie-LauterHassLeiserRueckzug-Abb19-Auswahl.png\"><img loading=\"lazy\" decoding=\"async\" class=\"aligncenter size-large wp-image-227533\" src=\"https:\/\/images.ifun.de\/wp-content\/uploads\/2024\/02\/Studie-LauterHassLeiserRueckzug-Abb19-Auswahl-700x700.png\" alt=\"Studie LauterHassLeiserRueckzug Abb19 Auswahl\" width=\"700\" height=\"700\" srcset=\"https:\/\/images.ifun.de\/wp-content\/uploads\/2024\/02\/Studie-LauterHassLeiserRueckzug-Abb19-Auswahl-700x700.png 700w, https:\/\/images.ifun.de\/wp-content\/uploads\/2024\/02\/Studie-LauterHassLeiserRueckzug-Abb19-Auswahl-500x500.png 500w, https:\/\/images.ifun.de\/wp-content\/uploads\/2024\/02\/Studie-LauterHassLeiserRueckzug-Abb19-Auswahl-150x150.png 150w, https:\/\/images.ifun.de\/wp-content\/uploads\/2024\/02\/Studie-LauterHassLeiserRueckzug-Abb19-Auswahl-768x768.png 768w, https:\/\/images.ifun.de\/wp-content\/uploads\/2024\/02\/Studie-LauterHassLeiserRueckzug-Abb19-Auswahl.png 1500w\" sizes=\"auto, (max-width: 700px) 100vw, 700px\" \/><\/a><\/p>\n<h2>Forderungen an die Politik<\/h2>\n<p>Die Studienmacher haben die Politik zum Handeln aufgefordert und mehrere konkrete Vorschl\u00e4ge formuliert, wie auf die Erkenntnisse der Untersuchung reagiert werden k\u00f6nnte. Neben dem Aufbau eines bundesweiten Netzwerks von spezialisierten Beratungsstellen wird eine finanzielle Beteiligung der gro\u00dfen Social-\u00adMedia\u00ad-Plattformen an den Kosten f\u00fcr die gesellschaftlichen Sch\u00e4den gefordert, die diese mit ihren hassbeg\u00fcnstigenden Gesch\u00e4ftsmodellen verst\u00e4rken w\u00fcrden.<\/p>\n<p>Ebenfalls w\u00fcnschenswert: Eine nationale &#8222;Bildungsoffensive Medienkompetenz&#8220; deren Budget mindestens auf H\u00f6he des Digitalpakts liegen sollte. F\u00fcr diesen hat die Bundesregierung <a href=\"https:\/\/www.bmbf.de\/bmbf\/de\/bildung\/digitalisierung-und-mint-bildung\/digitalpakt-schule\/digitalpakt-schule_node.html\">bekanntlich<\/a> 6,5 Milliarden Euro veranschlagt.<\/p>\n<p><a href=\"https:\/\/images.ifun.de\/wp-content\/uploads\/2024\/02\/hass-im-netz-folgen.png\"><img loading=\"lazy\" decoding=\"async\" class=\"aligncenter size-large wp-image-227535\" src=\"https:\/\/images.ifun.de\/wp-content\/uploads\/2024\/02\/hass-im-netz-folgen-667x700.png\" alt=\"Hass Im Netz Folgen\" width=\"667\" height=\"700\" srcset=\"https:\/\/images.ifun.de\/wp-content\/uploads\/2024\/02\/hass-im-netz-folgen-667x700.png 667w, https:\/\/images.ifun.de\/wp-content\/uploads\/2024\/02\/hass-im-netz-folgen-476x500.png 476w, https:\/\/images.ifun.de\/wp-content\/uploads\/2024\/02\/hass-im-netz-folgen-768x806.png 768w, https:\/\/images.ifun.de\/wp-content\/uploads\/2024\/02\/hass-im-netz-folgen.png 1172w\" sizes=\"auto, (max-width: 667px) 100vw, 667px\" \/><\/a><\/p>\n<p><img loading=\"lazy\" decoding=\"async\" src=\"https:\/\/vg07.met.vgwort.de\/na\/7941e5a6bf0d4d9eb040651be8bd0140\" width=\"1\" height=\"1\" no-lazy class=\"tracking\"><\/p>\n","protected":false},"excerpt":{"rendered":"<a href=\"https:\/\/www.ifun.de\/hass-im-netz-umfangreichste-studie-zeichnet-duesteres-bild-227531\/\"><img width=\"150\" height=\"150\" src=\"https:\/\/images.ifun.de\/wp-content\/uploads\/2024\/02\/hassbotschaften-politisch-150x150.jpg\" class=\"alignright tfe wp-post-image\" alt=\"Hassbotschaften Politisch\" decoding=\"async\" loading=\"lazy\" srcset=\"https:\/\/images.ifun.de\/wp-content\/uploads\/2024\/02\/hassbotschaften-politisch-150x150.jpg 150w, https:\/\/images.ifun.de\/wp-content\/uploads\/2024\/02\/hassbotschaften-politisch-500x500.jpg 500w, https:\/\/images.ifun.de\/wp-content\/uploads\/2024\/02\/hassbotschaften-politisch-700x700.jpg 700w, https:\/\/images.ifun.de\/wp-content\/uploads\/2024\/02\/hassbotschaften-politisch-768x768.jpg 768w, https:\/\/images.ifun.de\/wp-content\/uploads\/2024\/02\/hassbotschaften-politisch-1536x1536.jpg 1536w, https:\/\/images.ifun.de\/wp-content\/uploads\/2024\/02\/hassbotschaften-politisch.jpg 1696w\" sizes=\"auto, (max-width: 150px) 100vw, 150px\" \/><\/a><p>Unter der \u00dcberschrift &#8222;Lauter Hass \u2013 leiser R\u00fcckzug&#8220; hat die Gesellschaft f\u00fcr Medienp\u00e4dagogik und Kommunikationskultur (GMK) die Ergebnisse einer bundesweiten Studie vorgelegt, die sich mit der Zunahme von Hassbotschaften im Netz auseinandersetzt. Im Rahmen der Erhebung, die f\u00fcr sich beansprucht, die umfangreichste Untersuchung zum Themenkomplex bislang anzubieten, wurden 3.000 Online-Nutzer ab 16 Jahren zu ihrer [&hellip;]<\/p>\n","protected":false},"author":1,"featured_media":227537,"comment_status":"open","ping_status":"closed","sticky":false,"template":"","format":"standard","meta":{"_acf_changed":false,"footnotes":""},"categories":[1,1783],"tags":[5876,919,225],"class_list":["post-227531","post","type-post","status-publish","format-standard","has-post-thumbnail","hentry","category-news","category-feature","tag-hass","tag-studie","tag-zahlen"],"acf":[],"aioseo_notices":[],"featured_image":["https:\/\/images.ifun.de\/wp-content\/uploads\/2024\/02\/hass-im-netz-studie.jpg"],"subheadline":["\"Lauter Hass \u2013 leiser R\u00fcckzug\""],"rest_api_enabler":{"featured_image":"https:\/\/images.ifun.de\/wp-content\/uploads\/2024\/02\/hass-im-netz-studie.jpg","subheadline":"\"Lauter Hass \u2013 leiser R\u00fcckzug\""},"_links":{"self":[{"href":"https:\/\/www.ifun.de\/apiv2\/wp\/v2\/posts\/227531","targetHints":{"allow":["GET"]}}],"collection":[{"href":"https:\/\/www.ifun.de\/apiv2\/wp\/v2\/posts"}],"about":[{"href":"https:\/\/www.ifun.de\/apiv2\/wp\/v2\/types\/post"}],"author":[{"embeddable":true,"href":"https:\/\/www.ifun.de\/apiv2\/wp\/v2\/users\/1"}],"replies":[{"embeddable":true,"href":"https:\/\/www.ifun.de\/apiv2\/wp\/v2\/comments?post=227531"}],"version-history":[{"count":7,"href":"https:\/\/www.ifun.de\/apiv2\/wp\/v2\/posts\/227531\/revisions"}],"predecessor-version":[{"id":227551,"href":"https:\/\/www.ifun.de\/apiv2\/wp\/v2\/posts\/227531\/revisions\/227551"}],"wp:featuredmedia":[{"embeddable":true,"href":"https:\/\/www.ifun.de\/apiv2\/wp\/v2\/media\/227537"}],"wp:attachment":[{"href":"https:\/\/www.ifun.de\/apiv2\/wp\/v2\/media?parent=227531"}],"wp:term":[{"taxonomy":"category","embeddable":true,"href":"https:\/\/www.ifun.de\/apiv2\/wp\/v2\/categories?post=227531"},{"taxonomy":"post_tag","embeddable":true,"href":"https:\/\/www.ifun.de\/apiv2\/wp\/v2\/tags?post=227531"}],"curies":[{"name":"wp","href":"https:\/\/api.w.org\/{rel}","templated":true}]}}