{"id":227408,"date":"2024-02-12T17:24:46","date_gmt":"2024-02-12T16:24:46","guid":{"rendered":"https:\/\/www.ifun.de\/?p=227408"},"modified":"2024-02-12T17:24:46","modified_gmt":"2024-02-12T16:24:46","slug":"apple-vision-pro-apple-muss-die-idealform-erst-noch-finden","status":"publish","type":"post","link":"https:\/\/www.ifun.de\/apple-vision-pro-apple-muss-die-idealform-erst-noch-finden-227408\/","title":{"rendered":"Apple Vision Pro: Apple muss die Idealform erst noch finden"},"content":{"rendered":"<p>Auch wenn Apple inoffiziellen Berichten zufolge den Anspruch hat, die Apple Vision Pro noch in diesem Jahr \u00fcber die USA hinaus in einer Reihe von weiteren L\u00e4ndern anzubieten, darunter auch Deutschland, f\u00fcr den Massenmarkt ist die neue Datenbrille definitiv noch nicht gemacht. Daf\u00fcr wird allein schon der Preis f\u00fcr das neueste Apple-Ger\u00e4t sorgen. Die 3.500 Dollar aus den USA werden hierzulande auf mindestens 3.999 Euro hinauslaufen, wenn Apple beim Preis f\u00fcr die Brille nicht sogar die 4.000-Euro-Marke knackt.<\/p>\n<p>Anders als bei den vergangenen Produkteinf\u00fchrungen von Apple muss man sich beim Blick auf die Apple Vision Pro wohl ohnehin doppelt und dreifach \u00fcberlegen, ob man sein Geld in eine fr\u00fche Version der Brille investiert. Der f\u00fcr Bloomberg t\u00e4tigte und auf Apple-Themen spezialisierte Journalist Mark Gurman <a href=\"https:\/\/www.bloomberg.com\/news\/newsletters\/2024-02-11\/apple-vision-pro-review-3-499-headset-will-eventually-replace-the-ipad-lshk59z\">zitiert<\/a> Mitarbeiter aus Apples Produktteam um die Vision Pro dahingehend, dass sie damit rechnen, dass bis zu vier Generationen der Brille ben\u00f6tigt werden, bis deren ideale Form gefunden ist.<\/p>\n<h2>Standardband zu unbequem<\/h2>\n<p>Gurman untermauert diese These mit seinen eigenen, im Lauf der vergangenen Woche mit der Apple Vision Pro gemachten Erfahrungen. Zum einen stehen hier der Tragekomfort und die Akku-Laufzeit der Brille im Fokus. Apple bewerbe die Brille aus Marketinggr\u00fcnden mit dem deutlich cooler aussehenden Solo Knit Band, welches allerdings keinerlei Gewichtsverteilung erm\u00f6gliche und entsprechend unkomfortabel sei, im schlimmsten Fall gar schnell zu Kopfweh f\u00fchre. Das mit einem zus\u00e4tzlich \u00fcber den Kopf laufenden Band ausgestattete Dual Loop Band ist mit Blick auf den Gewichtsaspekt wesentlich komfortabler, vertr\u00e4gt sich allerdings nicht sonderlich gut mit den optischen Anspr\u00fcchen oder auch konkret den Frisuren der meisten Nutzer.<\/p>\n<p><a href=\"https:\/\/images.ifun.de\/wp-content\/uploads\/2024\/02\/apple-vision-pro-dual-loop-band.jpg\"><img loading=\"lazy\" decoding=\"async\" src=\"https:\/\/images.ifun.de\/wp-content\/uploads\/2024\/02\/apple-vision-pro-dual-loop-band-700x445.jpg\" alt=\"Apple Vision Pro Dual Loop Band\" width=\"700\" height=\"445\" class=\"alignnone size-large wp-image-227411\" srcset=\"https:\/\/images.ifun.de\/wp-content\/uploads\/2024\/02\/apple-vision-pro-dual-loop-band-700x445.jpg 700w, https:\/\/images.ifun.de\/wp-content\/uploads\/2024\/02\/apple-vision-pro-dual-loop-band-500x318.jpg 500w, https:\/\/images.ifun.de\/wp-content\/uploads\/2024\/02\/apple-vision-pro-dual-loop-band-768x488.jpg 768w, https:\/\/images.ifun.de\/wp-content\/uploads\/2024\/02\/apple-vision-pro-dual-loop-band.jpg 1130w\" sizes=\"auto, (max-width: 700px) 100vw, 700px\" \/><\/a><\/p>\n<p>Gurman urteilt hart und sagt, Apple d\u00fcrfe das Solo Knit Band eigentlich gar nicht erst anbieten, bis das Gewicht der Vision Pro um ein Drittel oder so reduziert wurde. Ebenso sei die Akku-Laufzeit von zweieinhalb Stunden schlichtweg zu wenig, und Apple m\u00fcsse hier dringend nachbessern.<\/p>\n<p>W\u00e4hrend Apple an beispielsweise die Darstellung oder Bedienung der Vision Pro betreffenden Kritikpunkten zweifellos auch noch softwareseitig drehen kann, betrifft vor allem die Kritik am Tragekomfort Einschr\u00e4nkungen, mit denen ein K\u00e4ufer der Apple Vision Pro dauerhaft klar kommen muss. Es steht jetzt schon au\u00dfer Frage, dass Apple hier und bei der Akku-Leistung bereits mit der n\u00e4chsten Generation der Brille nennenswerte Verbesserungen bringen wird &#8211; fragt sich nur, wann dies der Fall sein wird. Je sp\u00e4ter der Verkauf der Vision Pro in Deutschland beginnt, desto k\u00fcrzer ist die Wartezeit, bis Apple mit einer ersten \u00dcberarbeitung der Brille auf den Markt geht.<img loading=\"lazy\" decoding=\"async\" src=\"https:\/\/vg06.met.vgwort.de\/na\/1fab042f408b429380eec4e7b47dcc1d\" width=\"1\" height=\"1\" no-lazy class=\"tracking\"><\/p>\n","protected":false},"excerpt":{"rendered":"<a href=\"https:\/\/www.ifun.de\/apple-vision-pro-apple-muss-die-idealform-erst-noch-finden-227408\/\"><img width=\"150\" height=\"150\" src=\"https:\/\/images.ifun.de\/wp-content\/uploads\/2024\/02\/apple-vision-pro-dual-loop-band-150x150.jpg\" class=\"alignright tfe wp-post-image\" alt=\"Apple Vision Pro Dual Loop Band\" decoding=\"async\" loading=\"lazy\" \/><\/a><p>Auch wenn Apple inoffiziellen Berichten zufolge den Anspruch hat, die Apple Vision Pro noch in diesem Jahr \u00fcber die USA hinaus in einer Reihe von weiteren L\u00e4ndern anzubieten, darunter auch Deutschland, f\u00fcr den Massenmarkt ist die neue Datenbrille definitiv noch nicht gemacht. Daf\u00fcr wird allein schon der Preis f\u00fcr das neueste Apple-Ger\u00e4t sorgen. Die 3.500 [&hellip;]<\/p>\n","protected":false},"author":2,"featured_media":227411,"comment_status":"open","ping_status":"closed","sticky":false,"template":"","format":"standard","meta":{"_acf_changed":false,"footnotes":""},"categories":[1],"tags":[6169],"class_list":["post-227408","post","type-post","status-publish","format-standard","has-post-thumbnail","hentry","category-news","tag-apple-vision-pro"],"acf":[],"aioseo_notices":[],"featured_image":["https:\/\/images.ifun.de\/wp-content\/uploads\/2023\/12\/apple-vision-pro-feature-2.jpg"],"subheadline":["Gewicht und Akku in der Kritik"],"rest_api_enabler":{"featured_image":"https:\/\/images.ifun.de\/wp-content\/uploads\/2023\/12\/apple-vision-pro-feature-2.jpg","subheadline":"Gewicht und Akku in der Kritik"},"_links":{"self":[{"href":"https:\/\/www.ifun.de\/apiv2\/wp\/v2\/posts\/227408","targetHints":{"allow":["GET"]}}],"collection":[{"href":"https:\/\/www.ifun.de\/apiv2\/wp\/v2\/posts"}],"about":[{"href":"https:\/\/www.ifun.de\/apiv2\/wp\/v2\/types\/post"}],"author":[{"embeddable":true,"href":"https:\/\/www.ifun.de\/apiv2\/wp\/v2\/users\/2"}],"replies":[{"embeddable":true,"href":"https:\/\/www.ifun.de\/apiv2\/wp\/v2\/comments?post=227408"}],"version-history":[{"count":5,"href":"https:\/\/www.ifun.de\/apiv2\/wp\/v2\/posts\/227408\/revisions"}],"predecessor-version":[{"id":227415,"href":"https:\/\/www.ifun.de\/apiv2\/wp\/v2\/posts\/227408\/revisions\/227415"}],"wp:featuredmedia":[{"embeddable":true,"href":"https:\/\/www.ifun.de\/apiv2\/wp\/v2\/media\/227411"}],"wp:attachment":[{"href":"https:\/\/www.ifun.de\/apiv2\/wp\/v2\/media?parent=227408"}],"wp:term":[{"taxonomy":"category","embeddable":true,"href":"https:\/\/www.ifun.de\/apiv2\/wp\/v2\/categories?post=227408"},{"taxonomy":"post_tag","embeddable":true,"href":"https:\/\/www.ifun.de\/apiv2\/wp\/v2\/tags?post=227408"}],"curies":[{"name":"wp","href":"https:\/\/api.w.org\/{rel}","templated":true}]}}