{"id":227379,"date":"2024-02-12T09:59:12","date_gmt":"2024-02-12T08:59:12","guid":{"rendered":"https:\/\/www.ifun.de\/?p=227379"},"modified":"2024-02-19T19:20:40","modified_gmt":"2024-02-19T18:20:40","slug":"wegen-einfuhrumsatzsteuer-zoll-kassiert-apple-vision-pro-ein","status":"publish","type":"post","link":"https:\/\/www.ifun.de\/wegen-einfuhrumsatzsteuer-zoll-kassiert-apple-vision-pro-ein-227379\/","title":{"rendered":"Wegen Einfuhrumsatzsteuer: Zoll kassiert Apple Vision Pro ein"},"content":{"rendered":"<p>Apple selbst verkauft die Apple Vision Pro offiziell nicht nur ausschlie\u00dflich in den Vereinigten Staaten, der Konzern erschwert Importk\u00e4ufern auch <a href=\"https:\/\/www.ifun.de\/apple-vision-pro-sieben-einsteiger-videos-zum-verkaufsstart-226963\/\">die Inbetriebnahme der Datenbrille<\/a>, wie im Kleingedruckten auf der Produktseite des neuen Headsets angegeben wird. Zur Nutzung wird zwingend eine amerikanische Apple-ID ben\u00f6tigt, zudem pr\u00fcft das Headset die aktuelle Region und bietet einige ihrer Kernfunktionen unter Umst\u00e4nden nicht beim Einsatz im Ausland an.<\/p>\n<p><a href=\"https:\/\/images.ifun.de\/wp-content\/uploads\/2024\/02\/zoll-unsplash.jpg\"><img loading=\"lazy\" decoding=\"async\" class=\"aligncenter size-medium wp-image-227381\" src=\"https:\/\/images.ifun.de\/wp-content\/uploads\/2024\/02\/zoll-unsplash-500x352.jpg\" alt=\"Zoll Unsplash\" width=\"500\" height=\"352\" srcset=\"https:\/\/images.ifun.de\/wp-content\/uploads\/2024\/02\/zoll-unsplash-500x352.jpg 500w, https:\/\/images.ifun.de\/wp-content\/uploads\/2024\/02\/zoll-unsplash-700x493.jpg 700w, https:\/\/images.ifun.de\/wp-content\/uploads\/2024\/02\/zoll-unsplash-768x540.jpg 768w, https:\/\/images.ifun.de\/wp-content\/uploads\/2024\/02\/zoll-unsplash-1536x1081.jpg 1536w, https:\/\/images.ifun.de\/wp-content\/uploads\/2024\/02\/zoll-unsplash-2048x1441.jpg 2048w\" sizes=\"auto, (max-width: 500px) 100vw, 500px\" \/><\/a><\/p>\n<p>Dies h\u00e4lt deutsche Apple-Enthusiasten allerdings nicht davon ab, w\u00e4hrend eines US-Aufenthaltes zuzugreifen und die Apple Vision Pro mit ins Reisegep\u00e4ck und damit auch mit in den Flieger zu nehmen.<\/p>\n<h2>Einfuhrumsatzsteuer im H\u00f6he von 660 Euro<\/h2>\n<p>Was einige Anwender hier jedoch offenbar nicht auf dem Radar haben: f\u00fcr die Apple Vision Pro f\u00e4llt eine Einfuhrumsatzsteuer in H\u00f6he von 19 Prozent an, liegt die Datenbrille doch deutlich jenseits der <a href=\"https:\/\/www.zoll.de\/DE\/Privatpersonen\/Reisen\/Rueckkehr-aus-einem-Nicht-EU-Staat\/Zoll-und-Steuern\/Reisefreimengen\/reisefreimengen_node.html\">Freigrenze von 430 Euro<\/a> f\u00fcr Flug- bzw. Seereisende.<\/p>\n<p>Nimmt man den aktuellen Wechselkurs von 1 Dollar zu einem 0,93 Euro als Grundlage und ignoriert die in vielen US-Bundesstaaten zus\u00e4tzlich berechnete Sales-Tax, dann kommt man grob auf eine Einfuhrumsatzsteuer in H\u00f6he von 660 Euro, die bei der Einfuhr der Apple Vision Pro in die Bundesrepublik direkt am Flughafen beglichen werden kann.<\/p>\n<ul>\n<li><strong>PDF-Download<\/strong>: <a href=\"https:\/\/www.zoll.de\/SharedDocs\/Downloads\/DE\/Publikation\/Broschuere\/Reise-Post\/flyer_reisezeit_ihr_weg_durch_den_zoll.pdf?__blob=publicationFile&amp;v=16\">Reisezeit &#8211; Ihr Weg durch den Zoll<\/a><\/li>\n<\/ul>\n<p>Voraussetzung ist, dass Anwender den h\u00e4ufig rot markierten Zollbereich aufsuchen und die Ankunftshalle nicht durch die gr\u00fcne T\u00fcr verlassen, die f\u00fcr Reisende ohne zu verzollende Ware vorgesehen ist.<\/p>\n<h2>Bereits acht F\u00e4lle vereitelt<\/h2>\n<p>Dies passiert in den ersten Tagen der Marktverf\u00fcgbarkeit der Apple Vision Pro jedoch offenbar erstaunlich oft. Zwar f\u00fchrt die Generalzolldirektion in Bonn keine deutschlandweite Statistik \u00fcber das Auftauchen einzelner Ger\u00e4tetypen, wie <a href=\"https:\/\/www.heise.de\/\">der Heise-Verlag<\/a> beim Berliner Gro\u00dfflughafen BER in Erfahrung bringen konnte, sollen hier schon acht Importversuche seit Anfang des Monats vereitelt worden sein.<\/p>\n<p>Vor allem f\u00fcr Anwender, die sich um die Abgabe dr\u00fccken wollen, kann dies unangenehme Konsequenzen haben. So darf der Zoll entsprechende Ger\u00e4te bis zur Kl\u00e4rung des Falles einziehen. Mit Blick auf die aktuellen R\u00fcckst\u00e4nde k\u00f6nnen hier dann Wartezeiten von bis zu 12 Monaten anfallen, ehe die Apple Vision Pro (unter Zahlung einer zus\u00e4tzlichen Geldbu\u00dfe) wieder ausgel\u00f6st werden kann.<\/p>\n<p>Damit k\u00f6nnen sich Reisende entscheiden, die Gesamtkosten der Apple Vision Pro entweder aktiv um 660 Euro zu verteuern, daf\u00fcr aber sicher zu sein, diese auch im ersten Anlauf mit \u00fcber die Landesgrenze nehmen zu k\u00f6nnen, oder aber es auf eine Stichproben-Kontrolle ankommen zu lassen. Diese geht im Zweifelsfall mit Mehrkosten, langen Wartezeiten und einem unangenehmen Gef\u00fchl am Flughafen einher.<\/p>\n<p><img loading=\"lazy\" decoding=\"async\" src=\"https:\/\/vg01.met.vgwort.de\/na\/fce227e09e504c94b5276be23689c4ee\" width=\"1\" height=\"1\" no-lazy class=\"tracking\"><\/p>\n","protected":false},"excerpt":{"rendered":"<a href=\"https:\/\/www.ifun.de\/wegen-einfuhrumsatzsteuer-zoll-kassiert-apple-vision-pro-ein-227379\/\"><img width=\"150\" height=\"150\" src=\"https:\/\/images.ifun.de\/wp-content\/uploads\/2024\/02\/zoll-unsplash-150x150.jpg\" class=\"alignright tfe wp-post-image\" alt=\"Zoll Unsplash\" decoding=\"async\" loading=\"lazy\" \/><\/a><p>Apple selbst verkauft die Apple Vision Pro offiziell nicht nur ausschlie\u00dflich in den Vereinigten Staaten, der Konzern erschwert Importk\u00e4ufern auch die Inbetriebnahme der Datenbrille, wie im Kleingedruckten auf der Produktseite des neuen Headsets angegeben wird. Zur Nutzung wird zwingend eine amerikanische Apple-ID ben\u00f6tigt, zudem pr\u00fcft das Headset die aktuelle Region und bietet einige ihrer Kernfunktionen [&hellip;]<\/p>\n","protected":false},"author":1,"featured_media":227381,"comment_status":"open","ping_status":"closed","sticky":false,"template":"","format":"standard","meta":{"_acf_changed":false,"footnotes":""},"categories":[1,1783],"tags":[6169,115,1778],"class_list":["post-227379","post","type-post","status-publish","format-standard","has-post-thumbnail","hentry","category-news","category-feature","tag-apple-vision-pro","tag-geld","tag-zoll"],"acf":[],"aioseo_notices":[],"featured_image":["https:\/\/images.ifun.de\/wp-content\/uploads\/2024\/02\/zoll-apple-vision-pro.jpg"],"subheadline":["Bereits acht F\u00e4lle vereitelt"],"rest_api_enabler":{"featured_image":"https:\/\/images.ifun.de\/wp-content\/uploads\/2024\/02\/zoll-apple-vision-pro.jpg","subheadline":"Bereits acht F\u00e4lle vereitelt"},"_links":{"self":[{"href":"https:\/\/www.ifun.de\/apiv2\/wp\/v2\/posts\/227379","targetHints":{"allow":["GET"]}}],"collection":[{"href":"https:\/\/www.ifun.de\/apiv2\/wp\/v2\/posts"}],"about":[{"href":"https:\/\/www.ifun.de\/apiv2\/wp\/v2\/types\/post"}],"author":[{"embeddable":true,"href":"https:\/\/www.ifun.de\/apiv2\/wp\/v2\/users\/1"}],"replies":[{"embeddable":true,"href":"https:\/\/www.ifun.de\/apiv2\/wp\/v2\/comments?post=227379"}],"version-history":[{"count":2,"href":"https:\/\/www.ifun.de\/apiv2\/wp\/v2\/posts\/227379\/revisions"}],"predecessor-version":[{"id":227385,"href":"https:\/\/www.ifun.de\/apiv2\/wp\/v2\/posts\/227379\/revisions\/227385"}],"wp:featuredmedia":[{"embeddable":true,"href":"https:\/\/www.ifun.de\/apiv2\/wp\/v2\/media\/227381"}],"wp:attachment":[{"href":"https:\/\/www.ifun.de\/apiv2\/wp\/v2\/media?parent=227379"}],"wp:term":[{"taxonomy":"category","embeddable":true,"href":"https:\/\/www.ifun.de\/apiv2\/wp\/v2\/categories?post=227379"},{"taxonomy":"post_tag","embeddable":true,"href":"https:\/\/www.ifun.de\/apiv2\/wp\/v2\/tags?post=227379"}],"curies":[{"name":"wp","href":"https:\/\/api.w.org\/{rel}","templated":true}]}}