{"id":22737,"date":"2012-03-06T07:22:29","date_gmt":"2012-03-06T06:22:29","guid":{"rendered":"http:\/\/www.ifun.de\/?p=22737"},"modified":"2012-03-06T14:07:02","modified_gmt":"2012-03-06T13:07:02","slug":"apple-tv-hd-am-mittwoch-wahrscheinlich","status":"publish","type":"post","link":"https:\/\/www.ifun.de\/apple-tv-hd-am-mittwoch-wahrscheinlich-22737\/","title":{"rendered":"Update f\u00fcr Apple TV scheint best\u00e4tigt: Verf\u00fcgbarkeit im Apple Store auf 1 &#8211; 2 Tage zur\u00fcckgesetzt"},"content":{"rendered":"<p><img loading=\"lazy\" decoding=\"async\" src=\"http:\/\/images.ifun.de\/wp-content\/uploads\/2012\/03\/apple-tv.jpg\" alt=\"\" title=\"apple-tv\" width=\"200\" height=\"97\" class=\"alignright size-full wp-image-22738\" \/>Im Apple Store wurde die angezeigte Verf\u00fcgbarkeit f\u00fcr das <a href=\"http:\/\/clk.tradedoubler.com\/click?p=3469&#038;a=747172&#038;g=17982018&#038;url=http:\/\/store.apple.com\/de\/go\/appletv\">Apple TV<\/a> \u00fcber Nacht von &#8222;Lieferbar&#8220; auf &#8222;Versandfertig in 1 &#8211; 2 Gesch\u00e4ftstagen&#8220; ge\u00e4ndert. Damit sehen wir ein Update f\u00fcr Apples Set-Top-Box am morgigen Mittwoch als endg\u00fcltig best\u00e4tigt.<\/p>\n<p>Wie bereits beschrieben, d\u00fcrfte die kleine schwarze Kiste zusammen mit einem schnelleren Prozessor auch f\u00fcr die Ausgabe von 1080p Full HD aufger\u00fcstet werden, m\u00f6glicherweise bringt uns ein Software-Update auch nette neue Funktionen, insbesondere im Zusammenspiel mit anderen iOS-Ger\u00e4ten als Fernbedienung oder Inhaltslieferant.<\/p>\n<p>Unseren Tipp f\u00fcr einen neue Namensgebung haben wir bereits <a href=\"http:\/\/www.ifun.de\/name-fuer-naechste-ipad-generation-ipad-hd-22725\/\">abgegeben<\/a>, ein &#8222;Apple TV HD&#8220; w\u00fcrde das neue Modell deutlich von der Vorg\u00e4ngergeneration unterscheidbar machen.<\/p>\n","protected":false},"excerpt":{"rendered":"<a href=\"https:\/\/www.ifun.de\/apple-tv-hd-am-mittwoch-wahrscheinlich-22737\/\"><img width=\"150\" height=\"97\" src=\"https:\/\/images.ifun.de\/wp-content\/uploads\/2012\/03\/apple-tv-150x97.jpg\" class=\"alignright tfe wp-post-image\" alt=\"\" decoding=\"async\" loading=\"lazy\" \/><\/a><p>Apple TV:<br \/>\nNeue Version scheint<br \/>\nbest\u00e4tigt, im Apple Store nur eingeschr\u00e4nkt verf\u00fcgbar.<\/p>\n","protected":false},"author":2,"featured_media":22738,"comment_status":"open","ping_status":"closed","sticky":false,"template":"","format":"standard","meta":{"_acf_changed":false,"footnotes":""},"categories":[4,19],"tags":[26,3910,6322],"class_list":["post-22737","post","type-post","status-publish","format-standard","has-post-thumbnail","hentry","category-appletv","category-topnews","tag-apple-tv","tag-geruechte","tag-rumors"],"acf":[],"aioseo_notices":[],"rest_api_enabler":[],"_links":{"self":[{"href":"https:\/\/www.ifun.de\/apiv2\/wp\/v2\/posts\/22737","targetHints":{"allow":["GET"]}}],"collection":[{"href":"https:\/\/www.ifun.de\/apiv2\/wp\/v2\/posts"}],"about":[{"href":"https:\/\/www.ifun.de\/apiv2\/wp\/v2\/types\/post"}],"author":[{"embeddable":true,"href":"https:\/\/www.ifun.de\/apiv2\/wp\/v2\/users\/2"}],"replies":[{"embeddable":true,"href":"https:\/\/www.ifun.de\/apiv2\/wp\/v2\/comments?post=22737"}],"version-history":[{"count":5,"href":"https:\/\/www.ifun.de\/apiv2\/wp\/v2\/posts\/22737\/revisions"}],"predecessor-version":[{"id":22757,"href":"https:\/\/www.ifun.de\/apiv2\/wp\/v2\/posts\/22737\/revisions\/22757"}],"wp:featuredmedia":[{"embeddable":true,"href":"https:\/\/www.ifun.de\/apiv2\/wp\/v2\/media\/22738"}],"wp:attachment":[{"href":"https:\/\/www.ifun.de\/apiv2\/wp\/v2\/media?parent=22737"}],"wp:term":[{"taxonomy":"category","embeddable":true,"href":"https:\/\/www.ifun.de\/apiv2\/wp\/v2\/categories?post=22737"},{"taxonomy":"post_tag","embeddable":true,"href":"https:\/\/www.ifun.de\/apiv2\/wp\/v2\/tags?post=22737"}],"curies":[{"name":"wp","href":"https:\/\/api.w.org\/{rel}","templated":true}]}}