{"id":226975,"date":"2024-02-05T06:54:41","date_gmt":"2024-02-05T05:54:41","guid":{"rendered":"https:\/\/www.ifun.de\/?p=226975"},"modified":"2024-02-10T12:24:36","modified_gmt":"2024-02-10T11:24:36","slug":"apple-vision-pro-unter-messer-die-leistung-eines-mac-auf-der-nase","status":"publish","type":"post","link":"https:\/\/www.ifun.de\/apple-vision-pro-unter-messer-die-leistung-eines-mac-auf-der-nase-226975\/","title":{"rendered":"Apple Vision Pro unterm Messer: &#8222;Die Leistung eines Mac auf der Nase&#8220;"},"content":{"rendered":"<p>Die Reparaturspezialisten von <a href=\"https:\/\/de.ifixit.com\/\">ifixit<\/a> haben sich die Apple Vision Pro vorgenommen. Die seit Freitag erh\u00e4ltliche Apple-Brille mag zwar von ihrer grunds\u00e4tzlichen Idee und dem damit verbundenen Blick auf die Zukunft umstritten sein, aus technischer Sicht handelt es sich ohne Frage jedoch um ein bemerkenswertes Produkt, das eine eingehende Betrachtung verdient.<\/p>\n<p><a href=\"https:\/\/images.ifun.de\/wp-content\/uploads\/2024\/02\/apple-vision-pro-ifixit-2.jpg\"><img loading=\"lazy\" decoding=\"async\" src=\"https:\/\/images.ifun.de\/wp-content\/uploads\/2024\/02\/apple-vision-pro-ifixit-2-500x333.jpg\" alt=\"Apple Vision Pro Ifixit 2\" width=\"500\" height=\"333\" class=\"alignnone size-medium wp-image-226980\" srcset=\"https:\/\/images.ifun.de\/wp-content\/uploads\/2024\/02\/apple-vision-pro-ifixit-2-500x333.jpg 500w, https:\/\/images.ifun.de\/wp-content\/uploads\/2024\/02\/apple-vision-pro-ifixit-2-700x467.jpg 700w, https:\/\/images.ifun.de\/wp-content\/uploads\/2024\/02\/apple-vision-pro-ifixit-2-768x512.jpg 768w, https:\/\/images.ifun.de\/wp-content\/uploads\/2024\/02\/apple-vision-pro-ifixit-2.jpg 1200w\" sizes=\"auto, (max-width: 500px) 100vw, 500px\" \/><\/a><\/p>\n<p>Die Komplexit\u00e4t der Apple Vision Pro ist dann auch der Grund daf\u00fcr, dass ifixit mehr Zeit f\u00fcr eine ausf\u00fchrliche Auseinandersetzung mit der Datenbrille ben\u00f6tigt. Im jetzt verf\u00fcgbaren ersten Teil der Analyse liegt der Fokus auf der Zusammensetzung der einzelnen Komponenten. In den kommenden Tagen d\u00fcrft ihr dann eine weitere Ver\u00f6ffentlichung erwarten, in deren Rahmen ifixit weitere Details rund um das optische System und die verbauten Prozessoren verspricht. Schlie\u00dflich tr\u00e4gt man hier einen kleinen Computer auf der Nase, der neben Apples M2-Prozessor auch noch einen weiteren, neuen Prozessor mit Namen R1 an Bord hat, der speziell auf die Verarbeitung der Kamera- und Sensordaten der Vision Pro ausgerichtet ist.<\/p>\n<p><a href=\"https:\/\/images.ifun.de\/wp-content\/uploads\/2024\/02\/apple-vision-pro-ifixit-3.jpg\"><img loading=\"lazy\" decoding=\"async\" src=\"https:\/\/images.ifun.de\/wp-content\/uploads\/2024\/02\/apple-vision-pro-ifixit-3-700x393.jpg\" alt=\"Apple Vision Pro Ifixit 3\" width=\"700\" height=\"393\" class=\"alignnone size-large wp-image-226979\" srcset=\"https:\/\/images.ifun.de\/wp-content\/uploads\/2024\/02\/apple-vision-pro-ifixit-3-700x393.jpg 700w, https:\/\/images.ifun.de\/wp-content\/uploads\/2024\/02\/apple-vision-pro-ifixit-3-500x281.jpg 500w, https:\/\/images.ifun.de\/wp-content\/uploads\/2024\/02\/apple-vision-pro-ifixit-3-768x431.jpg 768w, https:\/\/images.ifun.de\/wp-content\/uploads\/2024\/02\/apple-vision-pro-ifixit-3.jpg 1400w\" sizes=\"auto, (max-width: 700px) 100vw, 700px\" \/><\/a><\/p>\n<p>\u00dcber den mit der Apple-Brille gelieferten externen Akku wurde ja bereits einiges gesagt. Dessen sattes Gewicht von 353 Gramm d\u00fcrfte der Hauptgrund daf\u00fcr sein, dass Apple sich daf\u00fcr entschieden hat, den Tr\u00e4gern der Brille die Stromversorgung nicht auch noch mit auf den Kopf zu schnallen. Mit 35,9 Wattstunden liefert dieser Akku die doppelte Leistung eines iPhone 15 Pro (17,3 Wh).<\/p>\n<h2>Kritik am Akku und der &#8222;EyeSight&#8220;-Darstellung<\/h2>\n<p>Apple konnte bislang allerdings nicht begr\u00fcnden, warum der Akku nicht mit einer USB-C-Buchse ausgestattet ist, sondern auf eine propriet\u00e4re, an den Lightning-Standard erinnernde Steckverbindung setzt. So kann man die Vision Pro nicht mit eventuell schon vorhandenen Zusatzakkus betreiben, sondern muss zwingend das von Apple im Einzelkauf f\u00fcr stolze 199 Dollar angebotene Apple-Zubeh\u00f6r verwenden.<\/p>\n<p><a href=\"https:\/\/images.ifun.de\/wp-content\/uploads\/2024\/02\/apple-vision-pro-ifixit.jpg\"><img loading=\"lazy\" decoding=\"async\" src=\"https:\/\/images.ifun.de\/wp-content\/uploads\/2024\/02\/apple-vision-pro-ifixit-700x394.jpg\" alt=\"Apple Vision Pro Ifixit\" width=\"700\" height=\"394\" class=\"alignnone size-large wp-image-226981\" srcset=\"https:\/\/images.ifun.de\/wp-content\/uploads\/2024\/02\/apple-vision-pro-ifixit-700x394.jpg 700w, https:\/\/images.ifun.de\/wp-content\/uploads\/2024\/02\/apple-vision-pro-ifixit-500x281.jpg 500w, https:\/\/images.ifun.de\/wp-content\/uploads\/2024\/02\/apple-vision-pro-ifixit-768x432.jpg 768w, https:\/\/images.ifun.de\/wp-content\/uploads\/2024\/02\/apple-vision-pro-ifixit.jpg 1400w\" sizes=\"auto, (max-width: 700px) 100vw, 700px\" \/><\/a><\/p>\n<p>Bei Apples nach au\u00dfen gerichtetem \u201eEyeSight-Display\u201c der Vision Pro schlie\u00dft sich ifixit der Kritik an, die auch schon von einem Teil der ersten Tester der Brille zu h\u00f6ren war. Das Bild der nach au\u00dfen projizierten Augen des Tr\u00e4gers wirkt unwirklich und wie durch Rauchglas betrachtet, zudem sorge dieses Feature f\u00fcr einen erheblichen Mehraufwand und entsprechend auch mehr potenziellen Fehlerquellen.<\/p>\n<h2>&#8222;Wahnsinnig ehrgeiziges Projekt&#8220;<\/h2>\n<p>Alles in allem sei die Apple Vision Pro allerdings ein wahnsinnig ehrgeiziges Produkt, das trotz aller berechtigten Skepsis und Kritik einen Meilenstein in diesem Produktbereich darstelle.<img loading=\"lazy\" decoding=\"async\" src=\"https:\/\/vg01.met.vgwort.de\/na\/378783260f0d4de6a06aba6d0674b100\" width=\"1\" height=\"1\" no-lazy class=\"tracking\"><\/p>\n<p><div class=\"responsive-video\"><iframe loading=\"lazy\" title=\"Vision Pro Teardown: Behind the Complex and Creepy Tech\" width=\"500\" height=\"281\" src=\"https:\/\/www.youtube-nocookie.com\/embed\/JVJPAYwY8Us?feature=oembed\" frameborder=\"0\" allow=\"accelerometer; autoplay; clipboard-write; encrypted-media; gyroscope; picture-in-picture; web-share\" referrerpolicy=\"strict-origin-when-cross-origin\" allowfullscreen><\/iframe><\/div><\/p>\n","protected":false},"excerpt":{"rendered":"<a href=\"https:\/\/www.ifun.de\/apple-vision-pro-unter-messer-die-leistung-eines-mac-auf-der-nase-226975\/\"><img width=\"150\" height=\"150\" src=\"https:\/\/images.ifun.de\/wp-content\/uploads\/2024\/02\/apple-vision-pro-ifixit-feature-150x150.jpg\" class=\"alignright tfe wp-post-image\" alt=\"Apple Vision Pro Ifixit Feature\" decoding=\"async\" loading=\"lazy\" \/><\/a><p>Die Reparaturspezialisten von ifixit haben sich die Apple Vision Pro vorgenommen. Die seit Freitag erh\u00e4ltliche Apple-Brille mag zwar von ihrer grunds\u00e4tzlichen Idee und dem damit verbundenen Blick auf die Zukunft umstritten sein, aus technischer Sicht handelt es sich ohne Frage jedoch um ein bemerkenswertes Produkt, das eine eingehende Betrachtung verdient. Die Komplexit\u00e4t der Apple Vision [&hellip;]<\/p>\n","protected":false},"author":2,"featured_media":226983,"comment_status":"open","ping_status":"closed","sticky":false,"template":"","format":"standard","meta":{"_acf_changed":false,"footnotes":""},"categories":[1,1783],"tags":[6169],"class_list":["post-226975","post","type-post","status-publish","format-standard","has-post-thumbnail","hentry","category-news","category-feature","tag-apple-vision-pro"],"acf":[],"aioseo_notices":[],"featured_image":["https:\/\/images.ifun.de\/wp-content\/uploads\/2024\/02\/apple-vision-pro-ifixit-feature.jpg"],"subheadline":["ifixit zerlegt die Apple-Brille"],"rest_api_enabler":{"featured_image":"https:\/\/images.ifun.de\/wp-content\/uploads\/2024\/02\/apple-vision-pro-ifixit-feature.jpg","subheadline":"ifixit zerlegt die Apple-Brille"},"_links":{"self":[{"href":"https:\/\/www.ifun.de\/apiv2\/wp\/v2\/posts\/226975","targetHints":{"allow":["GET"]}}],"collection":[{"href":"https:\/\/www.ifun.de\/apiv2\/wp\/v2\/posts"}],"about":[{"href":"https:\/\/www.ifun.de\/apiv2\/wp\/v2\/types\/post"}],"author":[{"embeddable":true,"href":"https:\/\/www.ifun.de\/apiv2\/wp\/v2\/users\/2"}],"replies":[{"embeddable":true,"href":"https:\/\/www.ifun.de\/apiv2\/wp\/v2\/comments?post=226975"}],"version-history":[{"count":8,"href":"https:\/\/www.ifun.de\/apiv2\/wp\/v2\/posts\/226975\/revisions"}],"predecessor-version":[{"id":226989,"href":"https:\/\/www.ifun.de\/apiv2\/wp\/v2\/posts\/226975\/revisions\/226989"}],"wp:featuredmedia":[{"embeddable":true,"href":"https:\/\/www.ifun.de\/apiv2\/wp\/v2\/media\/226983"}],"wp:attachment":[{"href":"https:\/\/www.ifun.de\/apiv2\/wp\/v2\/media?parent=226975"}],"wp:term":[{"taxonomy":"category","embeddable":true,"href":"https:\/\/www.ifun.de\/apiv2\/wp\/v2\/categories?post=226975"},{"taxonomy":"post_tag","embeddable":true,"href":"https:\/\/www.ifun.de\/apiv2\/wp\/v2\/tags?post=226975"}],"curies":[{"name":"wp","href":"https:\/\/api.w.org\/{rel}","templated":true}]}}