{"id":226729,"date":"2024-01-30T16:08:18","date_gmt":"2024-01-30T15:08:18","guid":{"rendered":"https:\/\/www.ifun.de\/?p=226729"},"modified":"2024-02-07T07:38:54","modified_gmt":"2024-02-07T06:38:54","slug":"apple-vision-pro-erste-video-rezensionen-erste-pressestimmen","status":"publish","type":"post","link":"https:\/\/www.ifun.de\/apple-vision-pro-erste-video-rezensionen-erste-pressestimmen-226729\/","title":{"rendered":"Apple Vision Pro: Erste Video-Rezensionen, erste Pressestimmen"},"content":{"rendered":"<p>Erwartbar summt Apples Marketing-Maschine in den letzten Tagen vor dem Marktstart der Apple Vision Pro, wie das sprichw\u00f6rtliche Schweizer Uhrwerk. Vor wenigen Minuten hat Cupertino die Sperrfrist f\u00fcr die Ver\u00f6ffentlichung der an ausgew\u00e4hlte US-Medienvertreter ausgeh\u00e4ndigten Exemplare der neuen Datenbrille fallen lassen und sorgt damit f\u00fcr eine Flut von Berichten, die teils erstaunlich verhalten ausfallen.<\/p>\n<p>Vor allem scheinen die ersten Tester darin \u00fcbereinzustimmen, dass die Apple Vision Pro zwar ein verhei\u00dfungsvolles Versprechen an die Zukunft formuliert, dieses in der aktuellen Form jedoch noch nicht einl\u00f6st und ihren Nutzern stattdessen eine gro\u00dfe Kompromissbereitschaft abverlangt.<\/p>\n<p><div class=\"responsive-video\"><iframe loading=\"lazy\" title=\"Apple Vision Pro review: magic, until it\u2019s not\" width=\"500\" height=\"281\" src=\"https:\/\/www.youtube-nocookie.com\/embed\/hdwaWxY11jQ?feature=oembed\" frameborder=\"0\" allow=\"accelerometer; autoplay; clipboard-write; encrypted-media; gyroscope; picture-in-picture; web-share\" referrerpolicy=\"strict-origin-when-cross-origin\" allowfullscreen><\/iframe><\/div><\/p>\n<p>Dabei steht nicht nur das Gewicht der Apple Vision Pro in der Kritik, auch die Tatsache, dass die Datenbrille bei jedem Einsatz Haare und Make-up in Mitleidenschaft zieht, keine traditionellen Videoeing\u00e4nge besitzt, Schwierigkeiten mit dunklen R\u00e4umen hat und keinen schnellen Wechsel des externen Akkus zul\u00e4sst, entt\u00e4uschen erste Tester.<\/p>\n<p><div class=\"responsive-video\"><iframe loading=\"lazy\" title=\"I Spent 24 Hours Wearing Apple\u2019s Vision Pro Headset | WSJ\" width=\"500\" height=\"281\" src=\"https:\/\/www.youtube-nocookie.com\/embed\/8xI10SFgzQ8?feature=oembed\" frameborder=\"0\" allow=\"accelerometer; autoplay; clipboard-write; encrypted-media; gyroscope; picture-in-picture; web-share\" referrerpolicy=\"strict-origin-when-cross-origin\" allowfullscreen><\/iframe><\/div><\/p>\n<h2>&#8222;such a lonely experience&#8220;<\/h2>\n<p>Kritik, mit der viele der grunds\u00e4tzlich interessierten Anwender gerechnet haben d\u00fcrften. Das Fazit des &#8222;The Verge&#8220;-Chefredakteurs <a href=\"https:\/\/www.theverge.com\/24054862\/apple-vision-pro-review-vr-ar-headset-features-price\">Nilay Patel hingegen, \u00fcberrascht<\/a>.<\/p>\n<p>Dieser beschreibt ein Gef\u00fchl der Isolation, das man als Nutzer beim Einsatz der Apple Vision Pro erf\u00e4hrt. Trotz der virtuellen Augen auf der Ger\u00e4tefront sei die Nutzung der Vision Pro eine einsame Erfahrung, bei der man als Anwender allein in einer eigenen Welt verweilt, die f\u00fcr andere nicht zug\u00e4nglich ist.<\/p>\n<p><div class=\"responsive-video\"><iframe loading=\"lazy\" title=\"Apple Vision Pro Hands-On Review\" width=\"500\" height=\"281\" src=\"https:\/\/www.youtube-nocookie.com\/embed\/DQoU4dPig5E?feature=oembed\" frameborder=\"0\" allow=\"accelerometer; autoplay; clipboard-write; encrypted-media; gyroscope; picture-in-picture; web-share\" referrerpolicy=\"strict-origin-when-cross-origin\" allowfullscreen><\/iframe><\/div><\/p>\n<p>Eine Eigenschaft, die die Vision Pro zwar mit anderen VR-Headsets teilt, allerdings handelt es sich bei vielen Wettbewerbern um Ger\u00e4te, die haupts\u00e4chlich zum Spielen eingesetzt werden. Der Anspruch der Vision Pro sei ein anderer, und eben hier wirkt die Isolation, die mit der Nutzung der Vision Pro einhergeht, sehr befremdlich.<\/p>\n<p><div class=\"responsive-video\"><iframe loading=\"lazy\" title=\"Apple Vision Pro Unboxing!\" width=\"500\" height=\"281\" src=\"https:\/\/www.youtube-nocookie.com\/embed\/SaneSRqePVY?feature=oembed\" frameborder=\"0\" allow=\"accelerometer; autoplay; clipboard-write; encrypted-media; gyroscope; picture-in-picture; web-share\" referrerpolicy=\"strict-origin-when-cross-origin\" allowfullscreen><\/iframe><\/div><\/p>\n<h2>Zum Nachlesen:<\/h2>\n<ul>\n<li><a href=\"https:\/\/www.theverge.com\/24054862\/apple-vision-pro-review-vr-ar-headset-features-price\">Apple Vision Pro review: magic, until it\u2019s not<\/a><\/li>\n<li><a href=\"https:\/\/www.tomsguide.com\/computing\/smart-glasses\/apple-vision-pro-review\">Apple Vision Pro review: A revolution in progress<\/a><\/li>\n<li><a href=\"https:\/\/www.wsj.com\/tech\/apple-vision-pro-review-39f2d82e\">The Best Headset Yet Is Just a Glimpse of the Future<\/a><\/li>\n<li><a href=\"https:\/\/www.cnet.com\/tech\/computing\/apple-vision-pro-review-a-mind-blowing-look-at-an-unfinished-future\/\">A Mind-Blowing Look at an Unfinished Future<\/a><\/li>\n<\/ul>\n<p><img loading=\"lazy\" decoding=\"async\" src=\"https:\/\/vg01.met.vgwort.de\/na\/83088314fa0c47e29c6b1ac78b38f911\" width=\"1\" height=\"1\" no-lazy class=\"tracking\"><\/p>\n","protected":false},"excerpt":{"rendered":"<a href=\"https:\/\/www.ifun.de\/apple-vision-pro-erste-video-rezensionen-erste-pressestimmen-226729\/\"><img width=\"150\" height=\"150\" src=\"https:\/\/images.ifun.de\/wp-content\/uploads\/2024\/01\/apple-vision-pro-review-150x150.jpg\" class=\"alignright tfe wp-post-image\" alt=\"Apple Vision Pro Review\" decoding=\"async\" loading=\"lazy\" \/><\/a><p>Erwartbar summt Apples Marketing-Maschine in den letzten Tagen vor dem Marktstart der Apple Vision Pro, wie das sprichw\u00f6rtliche Schweizer Uhrwerk. Vor wenigen Minuten hat Cupertino die Sperrfrist f\u00fcr die Ver\u00f6ffentlichung der an ausgew\u00e4hlte US-Medienvertreter ausgeh\u00e4ndigten Exemplare der neuen Datenbrille fallen lassen und sorgt damit f\u00fcr eine Flut von Berichten, die teils erstaunlich verhalten ausfallen. Vor [&hellip;]<\/p>\n","protected":false},"author":1,"featured_media":226730,"comment_status":"open","ping_status":"closed","sticky":false,"template":"","format":"standard","meta":{"_acf_changed":false,"footnotes":""},"categories":[3,1783],"tags":[6169,6323],"class_list":["post-226729","post","type-post","status-publish","format-standard","has-post-thumbnail","hentry","category-apple","category-feature","tag-apple-vision-pro","tag-videos"],"acf":[],"aioseo_notices":[],"featured_image":["https:\/\/images.ifun.de\/wp-content\/uploads\/2024\/01\/apple-vision-pro-review.jpg"],"subheadline":["\"such a lonely experience\""],"rest_api_enabler":{"featured_image":"https:\/\/images.ifun.de\/wp-content\/uploads\/2024\/01\/apple-vision-pro-review.jpg","subheadline":"\"such a lonely experience\""},"_links":{"self":[{"href":"https:\/\/www.ifun.de\/apiv2\/wp\/v2\/posts\/226729","targetHints":{"allow":["GET"]}}],"collection":[{"href":"https:\/\/www.ifun.de\/apiv2\/wp\/v2\/posts"}],"about":[{"href":"https:\/\/www.ifun.de\/apiv2\/wp\/v2\/types\/post"}],"author":[{"embeddable":true,"href":"https:\/\/www.ifun.de\/apiv2\/wp\/v2\/users\/1"}],"replies":[{"embeddable":true,"href":"https:\/\/www.ifun.de\/apiv2\/wp\/v2\/comments?post=226729"}],"version-history":[{"count":2,"href":"https:\/\/www.ifun.de\/apiv2\/wp\/v2\/posts\/226729\/revisions"}],"predecessor-version":[{"id":226734,"href":"https:\/\/www.ifun.de\/apiv2\/wp\/v2\/posts\/226729\/revisions\/226734"}],"wp:featuredmedia":[{"embeddable":true,"href":"https:\/\/www.ifun.de\/apiv2\/wp\/v2\/media\/226730"}],"wp:attachment":[{"href":"https:\/\/www.ifun.de\/apiv2\/wp\/v2\/media?parent=226729"}],"wp:term":[{"taxonomy":"category","embeddable":true,"href":"https:\/\/www.ifun.de\/apiv2\/wp\/v2\/categories?post=226729"},{"taxonomy":"post_tag","embeddable":true,"href":"https:\/\/www.ifun.de\/apiv2\/wp\/v2\/tags?post=226729"}],"curies":[{"name":"wp","href":"https:\/\/api.w.org\/{rel}","templated":true}]}}