{"id":226670,"date":"2024-01-30T06:59:34","date_gmt":"2024-01-30T05:59:34","guid":{"rendered":"https:\/\/www.ifun.de\/?p=226670"},"modified":"2024-01-30T07:09:55","modified_gmt":"2024-01-30T06:09:55","slug":"homepod-neuer-hinweis-auf-weiterentwicklung-und-preisabzug-bei-apple-refurb","status":"publish","type":"post","link":"https:\/\/www.ifun.de\/homepod-neuer-hinweis-auf-weiterentwicklung-und-preisabzug-bei-apple-refurb-226670\/","title":{"rendered":"HomePod: Hinweis auf Weiterentwicklung &#8211; Preisabzug bei Apple Refurb"},"content":{"rendered":"<p>Bei Apple habt ihr momentan wieder die seltene Gelegenheit, den HomePod der zweiten Generation ein ganzes St\u00fcck g\u00fcnstiger zu erhalten. <a href=\"https:\/\/apple.sjv.io\/LX36J0\">Im Apple Refurb Store<\/a> wird die gro\u00dfe Version des Siri-Lautsprechers gerade f\u00fcr 299 Euro angeboten. <a href=\"https:\/\/apple.sjv.io\/5B6Dn\">Regul\u00e4r<\/a> muss man f\u00fcr den HomePod 349 Euro investieren.<\/p>\n<p>Im Apple Refurb Store ist der HomePod mit Preisnachlass in den beiden Farbvarianten \u201eMitternacht\u201c und \u201eWei\u00df\u201c erh\u00e4ltlich. Bei den Refurbished-Produkten von Apple handelt es sich um general\u00fcberholte Ware mit Herstellergarantie und 14-t\u00e4gigem R\u00fcckgaberecht, die sich in der Regel nicht von Neuware unterscheiden l\u00e4sst. Einzig die Verpackung unterscheidet sich von den von Apple angebotenen Neuger\u00e4ten, um einen Weiterverkauf als Neuware zu verhindern.<\/p>\n<p><a href=\"https:\/\/images.ifun.de\/wp-content\/uploads\/2024\/01\/homepod-refurb.jpg\"><img loading=\"lazy\" decoding=\"async\" src=\"https:\/\/images.ifun.de\/wp-content\/uploads\/2024\/01\/homepod-refurb-700x442.jpg\" alt=\"Homepod Refurb\" width=\"700\" height=\"442\" class=\"alignnone size-large wp-image-226673\" srcset=\"https:\/\/images.ifun.de\/wp-content\/uploads\/2024\/01\/homepod-refurb-700x442.jpg 700w, https:\/\/images.ifun.de\/wp-content\/uploads\/2024\/01\/homepod-refurb-500x316.jpg 500w, https:\/\/images.ifun.de\/wp-content\/uploads\/2024\/01\/homepod-refurb-768x485.jpg 768w, https:\/\/images.ifun.de\/wp-content\/uploads\/2024\/01\/homepod-refurb.jpg 1400w\" sizes=\"auto, (max-width: 700px) 100vw, 700px\" \/><\/a><\/p>\n<p>Der gro\u00dfe HomePod der 2. Generation wurde vor knapp einem Jahr \u00fcberraschend von Apple vorgestellt. Den Vorg\u00e4nger hatte der Hersteller zwei Jahre zuvor aus dem Verkauf genommen und damit verbunden angek\u00fcndigt, sich fortan ausschlie\u00dflich auf den HomePod mini zu konzentrieren.<\/p>\n<h2>homeOS und der HomePod mit Display<\/h2>\n<p>Die Ger\u00fcchte \u00fcber die Weiterentwicklung der HomePod-Linie haben eben erst im Zusammenhang mit der Bereitstellung der ersten Beta-Version von tvOS 17.4 neue Nahrung erhalten. Im Programmcode der zun\u00e4chst nur an Entwickler ausgegebenen neuen Testversion findet sich dem Apple-Blog <a href=\"https:\/\/www.macrumors.com\/2024\/01\/29\/tvos-17-4-homeos-mention\/\">MacRumors<\/a> zufolge eine Erw\u00e4hnung von \u201ehomeOS\u201c.<\/p>\n<p>Der HomePod arbeitet grunds\u00e4tzlich mit einer Variante von Apples tvOS als Betriebssystem. Im Zusammenhang mit einer Erweiterung der Smarthome-Funktionalit\u00e4t des Lautsprechers ist aber schon in der Vergangenheit immer mal das Stichwort \u201ehomeOS\u201c gefallen.<\/p>\n<p><a href=\"https:\/\/images.ifun.de\/wp-content\/uploads\/2024\/01\/echo-show-10.jpg\"><img loading=\"lazy\" decoding=\"async\" src=\"https:\/\/images.ifun.de\/wp-content\/uploads\/2024\/01\/echo-show-10-700x469.jpg\" alt=\"Echo Show 10\" width=\"700\" height=\"469\" class=\"alignnone size-large wp-image-226677\" srcset=\"https:\/\/images.ifun.de\/wp-content\/uploads\/2024\/01\/echo-show-10-700x469.jpg 700w, https:\/\/images.ifun.de\/wp-content\/uploads\/2024\/01\/echo-show-10-500x335.jpg 500w, https:\/\/images.ifun.de\/wp-content\/uploads\/2024\/01\/echo-show-10-768x515.jpg 768w, https:\/\/images.ifun.de\/wp-content\/uploads\/2024\/01\/echo-show-10.jpg 900w\" sizes=\"auto, (max-width: 700px) 100vw, 700px\" \/><\/a><\/p>\n<h6>Echo Show 10 von Amazon als Vorlage f\u00fcr den HomePod mit Display?<\/h6>\n<p>Wenn Apple den HomePod tats\u00e4chlich dahingehend weiterentwickelt, dass der Lautsprecher \u00e4hnlich wie die Echo-Show-Modelle von Amazon auch \u00fcber einen Bildschirm verf\u00fcgt, f\u00fchrt an einem auf diese Produktreihe spezialisierten Betriebssystem &#8211; also homeOS &#8211; wohl kein Weg vorbei.<\/p>\n<p>Ger\u00fcchte um eine entsprechende Weiterentwicklung des HomePod begleitet uns inzwischen auch schon wieder geraume Zeit. Zuletzt war von Apple-Tests mit einem <a href=\"https:\/\/www.ifun.de\/wieder-im-gespraech-ein-homepod-mit-display-221022\/\" title=\"Wieder im Gespr\u00e4ch: Ein HomePod mit Display\">HomePod mit in die Oberseite integriertem Display<\/a> die Rede. Uns erscheint dergleichen allerdings wenig praktisch. Im Alltagseinsatz d\u00fcrfte da eher ein Design in Richtung des oben abgebildeten <a rel=\"noindex, nofollow\" href=\"http:\/\/www.ifun.de\/amzn\/B084P3KP2S\">Echo Show 10<\/a> brauchbar sein.<img loading=\"lazy\" decoding=\"async\" src=\"https:\/\/vg01.met.vgwort.de\/na\/51002d47bd1848dcb04c8dcc272dc3f3\" width=\"1\" height=\"1\" no-lazy class=\"tracking\"><\/p>\n","protected":false},"excerpt":{"rendered":"<a href=\"https:\/\/www.ifun.de\/homepod-neuer-hinweis-auf-weiterentwicklung-und-preisabzug-bei-apple-refurb-226670\/\"><img width=\"150\" height=\"150\" src=\"https:\/\/images.ifun.de\/wp-content\/uploads\/2024\/01\/apple-homepod-homeos-feature-150x150.jpg\" class=\"alignright tfe wp-post-image\" alt=\"Apple Homepod Homeos Feature\" decoding=\"async\" loading=\"lazy\" \/><\/a><p>Bei Apple habt ihr momentan wieder die seltene Gelegenheit, den HomePod der zweiten Generation ein ganzes St\u00fcck g\u00fcnstiger zu erhalten. Im Apple Refurb Store wird die gro\u00dfe Version des Siri-Lautsprechers gerade f\u00fcr 299 Euro angeboten. Regul\u00e4r muss man f\u00fcr den HomePod 349 Euro investieren. Im Apple Refurb Store ist der HomePod mit Preisnachlass in den [&hellip;]<\/p>\n","protected":false},"author":2,"featured_media":226675,"comment_status":"open","ping_status":"closed","sticky":false,"template":"","format":"standard","meta":{"_acf_changed":false,"footnotes":""},"categories":[1],"tags":[4736,3714],"class_list":["post-226670","post","type-post","status-publish","format-standard","has-post-thumbnail","hentry","category-news","tag-apple","tag-homepod"],"acf":[],"aioseo_notices":[],"featured_image":["https:\/\/images.ifun.de\/wp-content\/uploads\/2024\/01\/apple-homepod-homeos-feature.jpg"],"subheadline":["tvOS 17.4 referenziert \"homeOS\""],"rest_api_enabler":{"featured_image":"https:\/\/images.ifun.de\/wp-content\/uploads\/2024\/01\/apple-homepod-homeos-feature.jpg","subheadline":"tvOS 17.4 referenziert \"homeOS\""},"_links":{"self":[{"href":"https:\/\/www.ifun.de\/apiv2\/wp\/v2\/posts\/226670","targetHints":{"allow":["GET"]}}],"collection":[{"href":"https:\/\/www.ifun.de\/apiv2\/wp\/v2\/posts"}],"about":[{"href":"https:\/\/www.ifun.de\/apiv2\/wp\/v2\/types\/post"}],"author":[{"embeddable":true,"href":"https:\/\/www.ifun.de\/apiv2\/wp\/v2\/users\/2"}],"replies":[{"embeddable":true,"href":"https:\/\/www.ifun.de\/apiv2\/wp\/v2\/comments?post=226670"}],"version-history":[{"count":8,"href":"https:\/\/www.ifun.de\/apiv2\/wp\/v2\/posts\/226670\/revisions"}],"predecessor-version":[{"id":226684,"href":"https:\/\/www.ifun.de\/apiv2\/wp\/v2\/posts\/226670\/revisions\/226684"}],"wp:featuredmedia":[{"embeddable":true,"href":"https:\/\/www.ifun.de\/apiv2\/wp\/v2\/media\/226675"}],"wp:attachment":[{"href":"https:\/\/www.ifun.de\/apiv2\/wp\/v2\/media?parent=226670"}],"wp:term":[{"taxonomy":"category","embeddable":true,"href":"https:\/\/www.ifun.de\/apiv2\/wp\/v2\/categories?post=226670"},{"taxonomy":"post_tag","embeddable":true,"href":"https:\/\/www.ifun.de\/apiv2\/wp\/v2\/tags?post=226670"}],"curies":[{"name":"wp","href":"https:\/\/api.w.org\/{rel}","templated":true}]}}