{"id":226653,"date":"2024-01-29T17:32:26","date_gmt":"2024-01-29T16:32:26","guid":{"rendered":"https:\/\/www.ifun.de\/?p=226653"},"modified":"2024-01-29T17:32:26","modified_gmt":"2024-01-29T16:32:26","slug":"apple-vision-pro-vor-dem-start-werbevideo-und-neue-app-ankuendigungen","status":"publish","type":"post","link":"https:\/\/www.ifun.de\/apple-vision-pro-vor-dem-start-werbevideo-und-neue-app-ankuendigungen-226653\/","title":{"rendered":"Apple Vision Pro vor dem Start: Werbevideo und neue App-Ank\u00fcndigungen"},"content":{"rendered":"<p>Diese Woche d\u00fcrfte vor allem in den USA zu weiten Teilen im Zeichen der <a href=\"https:\/\/www.apple.com\/apple-vision-pro\/\">Apple Vision Pro<\/a> stehen. Am Freitag kommt die Datenbrille und damit das erste Produkt in einer brandneuen Produktkategorie in den Handel. Im Vorfeld d\u00fcrfen d\u00fcrfen wohl bereits morgen die ersten, sorgf\u00e4ltig von Apple ausgew\u00e4hlten Berichterstatter \u00fcber ihre ersten Erfahrungen mit der Brille berichten.<\/p>\n<p><a href=\"https:\/\/images.ifun.de\/wp-content\/uploads\/2024\/01\/apple-vision-pro-kinderbetreuung.jpg\"><img loading=\"lazy\" decoding=\"async\" src=\"https:\/\/images.ifun.de\/wp-content\/uploads\/2024\/01\/apple-vision-pro-kinderbetreuung-500x341.jpg\" alt=\"Apple Vision Pro Kinderbetreuung\" width=\"500\" height=\"341\" class=\"alignnone size-medium wp-image-226658\" srcset=\"https:\/\/images.ifun.de\/wp-content\/uploads\/2024\/01\/apple-vision-pro-kinderbetreuung-500x341.jpg 500w, https:\/\/images.ifun.de\/wp-content\/uploads\/2024\/01\/apple-vision-pro-kinderbetreuung-700x477.jpg 700w, https:\/\/images.ifun.de\/wp-content\/uploads\/2024\/01\/apple-vision-pro-kinderbetreuung-768x523.jpg 768w, https:\/\/images.ifun.de\/wp-content\/uploads\/2024\/01\/apple-vision-pro-kinderbetreuung.jpg 1000w\" sizes=\"auto, (max-width: 500px) 100vw, 500px\" \/><\/a><\/p>\n<h6>Screenshot aus Apples neuem Werbevideo f\u00fcr die Vision Pro<\/h6>\n<p>Wir haben ja bereits zu Monatsbeginn dar\u00fcber <a href=\"https:\/\/www.ifun.de\/vision-pro-markteinfuehrung-apple-ueberlaesst-nichts-dem-zufall-225464\/\" title=\"Vision-Pro-Markteinf\u00fchrung: Apple \u00fcberl\u00e4sst nichts dem Zufall\">berichtet<\/a>, dass Apple im Zusammenhang mit dem Start der Brille nichts dem Zufall \u00fcberlassen will. Das betrifft auch die ersten Produktberichte. Apple will hier dem Vernehmen nach mit intensiven Produktschulungen daf\u00fcr sorgen, dass bei den Vorabtestern alles wie gew\u00fcnscht funktioniert. Auf die daraus resultierenden Erfahrungen sind wir in jedem Fall gespannt.<\/p>\n<p><div class=\"responsive-video\"><iframe loading=\"lazy\" title=\"Hello Apple Vision Pro\" width=\"500\" height=\"281\" src=\"https:\/\/www.youtube-nocookie.com\/embed\/IY4x85zqoJM?feature=oembed\" frameborder=\"0\" allow=\"accelerometer; autoplay; clipboard-write; encrypted-media; gyroscope; picture-in-picture; web-share\" referrerpolicy=\"strict-origin-when-cross-origin\" allowfullscreen><\/iframe><\/div><\/p>\n<p>Apple hat auch seine Werbema\u00dfnahmen f\u00fcr die Brille intensiviert und unter anderem einen neuen Werbespot f\u00fcr die Vision Pro ver\u00f6ffentlicht. Ein St\u00fcck weit bezeichnend war bei all dem, dass der Hersteller in der vergangenen Woche zwischen Brille, iPhone und seinen Film- und Serienangeboten nicht mal den Platz gefunden hat, an den 40. Geburtstag des Mac zu erinner. Vor zehn Jahren war das Unternehmen hier noch mit mehreren Sonderseiten am Start.<\/p>\n<h2>Zoom k\u00fcndigt umfassende Vision-Pro-App an<\/h2>\n<p>Der Erfolg der Apple Vision Pro d\u00fcrfte zu weiten Teilen auch an der Qualit\u00e4t der f\u00fcr die Brille verf\u00fcgbaren Apps von Drittanbietern h\u00e4ngen. W\u00e4hrend sich unter anderem Netflix, YouTube und Spotify hier erstmal <a href=\"https:\/\/www.ifun.de\/apple-vision-pro-auch-youtube-und-spotify-fehlen-zum-start-226089\/\" title=\"Apple Vision Pro: Auch YouTube und Spotify fehlen zum Start\">zur\u00fcckhalten<\/a>, hat Apple mit Disney+ und Prime Video sowie den vor allem in den USA bekannten Videodiensten HBO Max, Peacock und ESPN bereits ein paar namhafte Partner pr\u00e4sentiert. Als Schwergewicht im Bereich Video-Conferencing hat jetzt auch Zoom seine App f\u00fcr die Apple Vision Pro <a href=\"https:\/\/news.zoom.us\/zoom-launches-new-app-for-apple-vision-pro-to-make-hybrid-collaboration-more-immersive\/\">angek\u00fcndigt<\/a>.<\/p>\n<p><a href=\"https:\/\/images.ifun.de\/wp-content\/uploads\/2024\/01\/zoom-apple-vison-pro.jpg\"><img loading=\"lazy\" decoding=\"async\" src=\"https:\/\/images.ifun.de\/wp-content\/uploads\/2024\/01\/zoom-apple-vison-pro-700x394.jpg\" alt=\"Zoom Apple Vison Pro\" width=\"700\" height=\"394\" class=\"alignnone size-large wp-image-226655\" srcset=\"https:\/\/images.ifun.de\/wp-content\/uploads\/2024\/01\/zoom-apple-vison-pro-700x394.jpg 700w, https:\/\/images.ifun.de\/wp-content\/uploads\/2024\/01\/zoom-apple-vison-pro-500x281.jpg 500w, https:\/\/images.ifun.de\/wp-content\/uploads\/2024\/01\/zoom-apple-vison-pro-768x432.jpg 768w, https:\/\/images.ifun.de\/wp-content\/uploads\/2024\/01\/zoom-apple-vison-pro.jpg 1024w\" sizes=\"auto, (max-width: 700px) 100vw, 700px\" \/><\/a><\/p>\n<p>Bei Zoom will man mithilfe der Apple Vision Pro \u201edie Zukunft der Arbeit st\u00e4rken\u201c und seinen Nutzern in Meetings ein natives Erlebnis mit au\u00dfergew\u00f6hnlicher Audio- und Videoqualit\u00e4t bieten. Dabei soll man auch verschiedene Sonderfunktionen der Apple Vision Pro nutzen k\u00f6nnen, darunter die von Apple sogenannten \u201ePersonas\u201c, bei denen die Nutzer der Brille durch ein r\u00e4umliches Abbild von sich selbst dargestellt werden, um es anderen Besprechungsteilnehmern zu erm\u00f6glichen, ihre Gesichts- und Handbewegungen zu sehen.<img loading=\"lazy\" decoding=\"async\" src=\"https:\/\/vg01.met.vgwort.de\/na\/764aadf14a8346efb2f0693dbcf02818\" width=\"1\" height=\"1\" no-lazy class=\"tracking\"><\/p>\n","protected":false},"excerpt":{"rendered":"<a href=\"https:\/\/www.ifun.de\/apple-vision-pro-vor-dem-start-werbevideo-und-neue-app-ankuendigungen-226653\/\"><img width=\"150\" height=\"150\" src=\"https:\/\/images.ifun.de\/wp-content\/uploads\/2024\/01\/zoom-apple-vison-pro-150x150.jpg\" class=\"alignright tfe wp-post-image\" alt=\"Zoom Apple Vison Pro\" decoding=\"async\" loading=\"lazy\" \/><\/a><p>Diese Woche d\u00fcrfte vor allem in den USA zu weiten Teilen im Zeichen der Apple Vision Pro stehen. Am Freitag kommt die Datenbrille und damit das erste Produkt in einer brandneuen Produktkategorie in den Handel. Im Vorfeld d\u00fcrfen d\u00fcrfen wohl bereits morgen die ersten, sorgf\u00e4ltig von Apple ausgew\u00e4hlten Berichterstatter \u00fcber ihre ersten Erfahrungen mit der [&hellip;]<\/p>\n","protected":false},"author":2,"featured_media":226655,"comment_status":"open","ping_status":"closed","sticky":false,"template":"","format":"standard","meta":{"_acf_changed":false,"footnotes":""},"categories":[1],"tags":[6169],"class_list":["post-226653","post","type-post","status-publish","format-standard","has-post-thumbnail","hentry","category-news","tag-apple-vision-pro"],"acf":[],"aioseo_notices":[],"featured_image":["https:\/\/images.ifun.de\/wp-content\/uploads\/2024\/01\/apple-vison-pro-mann-mit-bart-feature.jpg"],"subheadline":["Ab Freitag erh\u00e4ltlich"],"rest_api_enabler":{"featured_image":"https:\/\/images.ifun.de\/wp-content\/uploads\/2024\/01\/apple-vison-pro-mann-mit-bart-feature.jpg","subheadline":"Ab Freitag erh\u00e4ltlich"},"_links":{"self":[{"href":"https:\/\/www.ifun.de\/apiv2\/wp\/v2\/posts\/226653","targetHints":{"allow":["GET"]}}],"collection":[{"href":"https:\/\/www.ifun.de\/apiv2\/wp\/v2\/posts"}],"about":[{"href":"https:\/\/www.ifun.de\/apiv2\/wp\/v2\/types\/post"}],"author":[{"embeddable":true,"href":"https:\/\/www.ifun.de\/apiv2\/wp\/v2\/users\/2"}],"replies":[{"embeddable":true,"href":"https:\/\/www.ifun.de\/apiv2\/wp\/v2\/comments?post=226653"}],"version-history":[{"count":3,"href":"https:\/\/www.ifun.de\/apiv2\/wp\/v2\/posts\/226653\/revisions"}],"predecessor-version":[{"id":226660,"href":"https:\/\/www.ifun.de\/apiv2\/wp\/v2\/posts\/226653\/revisions\/226660"}],"wp:featuredmedia":[{"embeddable":true,"href":"https:\/\/www.ifun.de\/apiv2\/wp\/v2\/media\/226655"}],"wp:attachment":[{"href":"https:\/\/www.ifun.de\/apiv2\/wp\/v2\/media?parent=226653"}],"wp:term":[{"taxonomy":"category","embeddable":true,"href":"https:\/\/www.ifun.de\/apiv2\/wp\/v2\/categories?post=226653"},{"taxonomy":"post_tag","embeddable":true,"href":"https:\/\/www.ifun.de\/apiv2\/wp\/v2\/tags?post=226653"}],"curies":[{"name":"wp","href":"https:\/\/api.w.org\/{rel}","templated":true}]}}