{"id":226540,"date":"2024-01-26T07:34:05","date_gmt":"2024-01-26T06:34:05","guid":{"rendered":"https:\/\/www.ifun.de\/?p=226540"},"modified":"2024-02-05T12:11:37","modified_gmt":"2024-02-05T11:11:37","slug":"app-store-oeffnung-apple-warnt-vor-risiken-schweiz-bleibt-aussen-vor","status":"publish","type":"post","link":"https:\/\/www.ifun.de\/app-store-oeffnung-apple-warnt-vor-risiken-schweiz-bleibt-aussen-vor-226540\/","title":{"rendered":"App-Store-\u00d6ffnung: Apple warnt vor Risiken &#8211; Schweiz bleibt au\u00dfen vor"},"content":{"rendered":"<p>Apple hat den gr\u00f6\u00dften Teil der <a href=\"https:\/\/www.iphone-ticker.de\/apple-passt-ios-safari-und-den-app-store-in-der-eu-an-228943\/\" title=\"Apple passt iOS, Safari und den App Store in der EU an\">f\u00fcr M\u00e4rz angek\u00fcndigten Neuerungen<\/a> auf die Mitgliedsstaaten der Europ\u00e4ischen Union beschr\u00e4nkt. Die Anpassungen an die Betriebssysteme und vor allem die den App Store betreffenden \u00c4nderungen erfolgen auf Druck der neuen Gesetzgebung hin. Apple wurde mit Blick auf diese Angebote von der EU als sogenannter \u201eTorw\u00e4chter\u201c klassifiziert, iOS, Safari und der App Store werden dabei als \u201ezentrale Plattformdienste\u201c eingestuft. Apple muss daher die im <a href=\"https:\/\/www.ifun.de\/gesetz-ueber-digitale-maerkte-apple-muss-auflagen-innerhalb-von-6-monaten-umsetzen-217702\/\" title=\"Gesetzes \u00fcber digitale M\u00e4rkte\">Gesetz \u00fcber digitale M\u00e4rkte<\/a> genannten Auflagen somit bis sp\u00e4testens 7. M\u00e4rz umgesetzt haben.<\/p>\n<p><a href=\"https:\/\/images.ifun.de\/wp-content\/uploads\/2024\/01\/app-store-kauf.jpg\"><img loading=\"lazy\" decoding=\"async\" src=\"https:\/\/images.ifun.de\/wp-content\/uploads\/2024\/01\/app-store-kauf-500x356.jpg\" alt=\"App Store Kauf\" width=\"500\" height=\"356\" class=\"alignnone size-medium wp-image-226544\" srcset=\"https:\/\/images.ifun.de\/wp-content\/uploads\/2024\/01\/app-store-kauf-500x356.jpg 500w, https:\/\/images.ifun.de\/wp-content\/uploads\/2024\/01\/app-store-kauf-700x499.jpg 700w, https:\/\/images.ifun.de\/wp-content\/uploads\/2024\/01\/app-store-kauf-768x547.jpg 768w, https:\/\/images.ifun.de\/wp-content\/uploads\/2024\/01\/app-store-kauf.jpg 800w\" sizes=\"auto, (max-width: 500px) 100vw, 500px\" \/><\/a><\/p>\n<p>Die wesentlichen Punkte drehen sich hierbei um die M\u00f6glichkeit zur Installation von iOS-Apps aus anderen Quellen wie Apples App Store und die in den App Stores m\u00f6glichen Bezahlm\u00f6glichkeiten. Die Vorgaben die App-Installation betreffend wirken sich in erster Linie auf das Angebot f\u00fcr iPhone und iPad aus, wo sich Software bislang nur \u00fcber die offiziellen Apple-Kan\u00e4le installieren l\u00e4sst. Die Auflage, k\u00fcnftig auch andere Abrechnungsformen als Apples \u201eApp-Store-W\u00e4hrung\u201c f\u00fcr die Abrechnung von In-App-K\u00e4ufen zuzulassen, wird auf allen Apple-Plattformen f\u00fcr \u00c4nderungen sorgen und betrifft neben iOS auch den Kauf von Apps und Inhalten auf dem Mac, dem iPad, der Apple Watch und Apple TV.<\/p>\n<h2>Apple warnt vor den Risiken<\/h2>\n<p>Apple wird nicht m\u00fcde zu betonen, dass die von der EU geforderten Anpassungen mit gravierenden Risiken f\u00fcr seine Kunden verbunden sind. Die Regulierung der EU habe die Datenschutz- und Sicherheitsbedrohungen seiner Kunden unvermeidlich erh\u00f6ht. Daher stelle man es Entwicklern frei, bei den bisher geltenden Gesch\u00e4ftsbedingungen zu bleiben.<\/p>\n<blockquote>\n<p>Die \u00c4nderungen, die wir heute ank\u00fcndigen, erf\u00fcllen die Anforderungen des Gesetzes \u00fcber digitale M\u00e4rkte in der Europ\u00e4ischen Union und tragen gleichzeitig dazu bei, die Nutzer in der EU vor den unvermeidlichen erh\u00f6hten Datenschutz- und Sicherheitsbedrohungen zu sch\u00fctzen, die diese Regulierung mit sich bringt. Unsere Priorit\u00e4t bleibt es, unseren Nutzern in der EU und auf der ganzen Welt die bestm\u00f6gliche und sicherste Erfahrung zu bieten.<br \/>-Phil Schiller, Apple Fellow<\/p>\n<\/blockquote>\n<p>Apple hat zudem angek\u00fcndigt, im M\u00e4rz neue Ressourcen zur Verf\u00fcgung zu stellen, die EU-Nutzern dabei helfen sollen, die zu erwartenden \u00c4nderungen zu verstehen. Der Duktus wird hier wohl insbesondere auf einer Auflistung der damit verbundenen Risiken und Gefahren liegen.<\/p>\n<h2>Keine App-Store-\u00d6ffnung in der Schweiz<\/h2>\n<p>Und weil hier schon von Leserseite nachgefragt wurde: Die Schweiz bleibt bei all dem erstmal au\u00dfen vor. Apple hat angek\u00fcndigt, dass die \u00c4nderungen ausschlie\u00dflich in den 27 EU-Mitgliedsl\u00e4ndern verf\u00fcgbar sein werden, und das sind neben Deutschland noch Belgien, Bulgarien, D\u00e4nemark, Estland, Finnland, Frankreich, Griechenland, Irland, Italien, Kroatien, Lettland, Litauen, Luxemburg, Malta, die Niederlande, \u00d6sterreich, Polen, Portugal, Rum\u00e4nien, Schweden, die Slowakei, Slowenien, Spanien, die Tschechische Republik, Ungarn und Zypern.<img loading=\"lazy\" decoding=\"async\" src=\"https:\/\/vg07.met.vgwort.de\/na\/d28b46d8941c47c68eb2f1ce1a9c3383\" width=\"1\" height=\"1\" no-lazy class=\"tracking\"><\/p>\n","protected":false},"excerpt":{"rendered":"<a href=\"https:\/\/www.ifun.de\/app-store-oeffnung-apple-warnt-vor-risiken-schweiz-bleibt-aussen-vor-226540\/\"><img width=\"150\" height=\"150\" src=\"https:\/\/images.ifun.de\/wp-content\/uploads\/2024\/01\/app-store-europa-feature-150x150.jpg\" class=\"alignright tfe wp-post-image\" alt=\"App Store Europa Feature\" decoding=\"async\" loading=\"lazy\" \/><\/a><p>Apple hat den gr\u00f6\u00dften Teil der f\u00fcr M\u00e4rz angek\u00fcndigten Neuerungen auf die Mitgliedsstaaten der Europ\u00e4ischen Union beschr\u00e4nkt. Die Anpassungen an die Betriebssysteme und vor allem die den App Store betreffenden \u00c4nderungen erfolgen auf Druck der neuen Gesetzgebung hin. Apple wurde mit Blick auf diese Angebote von der EU als sogenannter \u201eTorw\u00e4chter\u201c klassifiziert, iOS, Safari und [&hellip;]<\/p>\n","protected":false},"author":2,"featured_media":226546,"comment_status":"open","ping_status":"closed","sticky":false,"template":"","format":"standard","meta":{"_acf_changed":false,"footnotes":""},"categories":[3,1783],"tags":[23,4736,2791],"class_list":["post-226540","post","type-post","status-publish","format-standard","has-post-thumbnail","hentry","category-apple","category-feature","tag-app-store","tag-apple","tag-europaeische-union"],"acf":[],"aioseo_notices":[],"featured_image":["https:\/\/images.ifun.de\/wp-content\/uploads\/2024\/01\/app-store-europa-feature.jpg"],"subheadline":["Alle Plattformen betroffen"],"rest_api_enabler":{"featured_image":"https:\/\/images.ifun.de\/wp-content\/uploads\/2024\/01\/app-store-europa-feature.jpg","subheadline":"Alle Plattformen betroffen"},"_links":{"self":[{"href":"https:\/\/www.ifun.de\/apiv2\/wp\/v2\/posts\/226540","targetHints":{"allow":["GET"]}}],"collection":[{"href":"https:\/\/www.ifun.de\/apiv2\/wp\/v2\/posts"}],"about":[{"href":"https:\/\/www.ifun.de\/apiv2\/wp\/v2\/types\/post"}],"author":[{"embeddable":true,"href":"https:\/\/www.ifun.de\/apiv2\/wp\/v2\/users\/2"}],"replies":[{"embeddable":true,"href":"https:\/\/www.ifun.de\/apiv2\/wp\/v2\/comments?post=226540"}],"version-history":[{"count":6,"href":"https:\/\/www.ifun.de\/apiv2\/wp\/v2\/posts\/226540\/revisions"}],"predecessor-version":[{"id":226550,"href":"https:\/\/www.ifun.de\/apiv2\/wp\/v2\/posts\/226540\/revisions\/226550"}],"wp:featuredmedia":[{"embeddable":true,"href":"https:\/\/www.ifun.de\/apiv2\/wp\/v2\/media\/226546"}],"wp:attachment":[{"href":"https:\/\/www.ifun.de\/apiv2\/wp\/v2\/media?parent=226540"}],"wp:term":[{"taxonomy":"category","embeddable":true,"href":"https:\/\/www.ifun.de\/apiv2\/wp\/v2\/categories?post=226540"},{"taxonomy":"post_tag","embeddable":true,"href":"https:\/\/www.ifun.de\/apiv2\/wp\/v2\/tags?post=226540"}],"curies":[{"name":"wp","href":"https:\/\/api.w.org\/{rel}","templated":true}]}}