{"id":226516,"date":"2024-01-25T17:51:30","date_gmt":"2024-01-25T16:51:30","guid":{"rendered":"https:\/\/www.ifun.de\/?p=226516"},"modified":"2024-01-25T17:51:30","modified_gmt":"2024-01-25T16:51:30","slug":"neu-bei-disney-im-februar-2024","status":"publish","type":"post","link":"https:\/\/www.ifun.de\/neu-bei-disney-im-februar-2024-226516\/","title":{"rendered":"Neu bei Disney+ im Februar 2024"},"content":{"rendered":"<p><a href=\"https:\/\/clk.tradedoubler.com\/click?p=304625&amp;a=747172&amp;g=24738826\" title=\"Disney+\">Disney+<\/a> informiert \u00fcber die f\u00fcr den kommenden Monat Februar geplanten Neuzug\u00e4nge im Programm. Abonnenten des Streaming-Dienstes d\u00fcrfen sich auf 20 neue Filme und Serienstaffeln freuen. Zu den Highlights geh\u00f6ren diesmal die Romanverfilmung \u201eSh\u014dgun\u201c und eine neue Staffel von \u201eStar Wars: The Bad Batch\u201c.<\/p>\n<p>Gestern schon hatten wir ja die \u00dcbersicht mit den im Februar neu zu Prime Video kommenden Filmen und Serien <a href=\"https:\/\/www.ifun.de\/prime-video-der-februar-bringt-werbung-und-diese-neuzugaenge-226395\/\" title=\"Prime Video: Der Februar bringt Werbung und diese Neuzug\u00e4nge\">ver\u00f6ffentlicht<\/a>.<\/p>\n<h2>FX&#39;s \u201eSh\u014dgun\u201c<\/h2>\n<p>Ab 27. Februar exklusiv auf Disney+ (Star)<\/p>\n<p><div class=\"responsive-video\"><iframe loading=\"lazy\" title=\"Shogun - Trailer - Jetzt exklusiv auf Disney+ streamen | Disney+\" width=\"500\" height=\"281\" src=\"https:\/\/www.youtube-nocookie.com\/embed\/Dthv8dq2TlM?feature=oembed\" frameborder=\"0\" allow=\"accelerometer; autoplay; clipboard-write; encrypted-media; gyroscope; picture-in-picture; web-share\" referrerpolicy=\"strict-origin-when-cross-origin\" allowfullscreen><\/iframe><\/div><\/p>\n<p>FX\u2019s \u201eSh\u014dgun\u201c, eine Originaladaption des Bestseller Romans von James Clavell, spielt in Japan im Jahre 1600 zu Beginn eines jahrhundertelangen B\u00fcrgerkriegs. Produzent Hiroyuki Sanada spielt die Hauptrolle des Lords Yoshii Toranaga, der um sein Leben k\u00e4mpft, nachdem sich seine Feinde gegen ihn verb\u00fcndet haben. Als ein mysteri\u00f6ses europ\u00e4isches Schiff in einem nahegelegenen Fischerdorf gestrandet ist, verf\u00fcgt dessen englischer Lotse, John Blackthorne \u00fcber Geheimnisse, die Toranaga helfen k\u00f6nnten, die Waage der Macht zu kippen und den gewaltigen Einfluss von Blackthornes eigenen Feinden \u2013 den Jesuitenpriestern und portugiesischen Kaufleuten \u2013 zu zerst\u00f6ren. Toranagas und Blackthornes Schicksal ist untrennbar mit der Dolmetscherin Toda Mariko verbunden, einer geheimnisvollen christlichen Adligen und die letzte Vertreterin eines in Ungnade gefallenen Geschlechts. W\u00e4hrend sie ihrem Lord inmitten dieser angespannten politischen Landschaft dient, muss Mariko ihre neu gefundene Freundschaft mit Blackthorne, ihre Verpflichtung gegen\u00fcber dem Glauben, der sie gerettet hat, und ihre Pflicht gegen\u00fcber ihrem verstorbenen Vater unter einen Hut bringen. <\/p>\n<h2>Selbst<\/h2>\n<p>Ab 2. Februar exklusiv auf Disney+ (Pixar)<\/p>\n<p><a href=\"https:\/\/images.ifun.de\/wp-content\/uploads\/2024\/01\/pixar-self.jpg\"><img loading=\"lazy\" decoding=\"async\" src=\"https:\/\/images.ifun.de\/wp-content\/uploads\/2024\/01\/pixar-self-700x390.jpg\" alt=\"Pixar Self\" width=\"700\" height=\"390\" class=\"alignnone size-large wp-image-226518\" srcset=\"https:\/\/images.ifun.de\/wp-content\/uploads\/2024\/01\/pixar-self-700x390.jpg 700w, https:\/\/images.ifun.de\/wp-content\/uploads\/2024\/01\/pixar-self-500x279.jpg 500w, https:\/\/images.ifun.de\/wp-content\/uploads\/2024\/01\/pixar-self-768x428.jpg 768w, https:\/\/images.ifun.de\/wp-content\/uploads\/2024\/01\/pixar-self.jpg 1400w\" sizes=\"auto, (max-width: 700px) 100vw, 700px\" \/><\/a><\/p>\n<p>Eine h\u00f6lzerne Puppe, die nichts sehnlicher will als dazuzugeh\u00f6ren, schickt einen verh\u00e4ngnisvollen Wunsch an den Nachthimmel und begibt sich auf eine Reise zur Selbstfindung. Ihre Sehnsucht nach Zugeh\u00f6rigkeit f\u00fchrt sie auf einen riskanten Pfad \u2013 sie muss herausfinden, wer sie ist und wo sie hingeh\u00f6rt. Unter der Regie von Searit Huluf und produziert von Eric Rosales ist \u201eSelbst\u201c der neueste Kurzfilm aus Pixars preisgekr\u00f6nter SparkShorts-Reihe.<\/p>\n<h2>The Marvels<\/h2>\n<p>Ab 7. Februar auf Disney+ (Marvel Studios)<\/p>\n<p><div class=\"responsive-video\"><iframe loading=\"lazy\" title=\"The Marvels | Streaming February 7 on Disney+\" width=\"500\" height=\"281\" src=\"https:\/\/www.youtube-nocookie.com\/embed\/ZaTUatY-UoU?feature=oembed\" frameborder=\"0\" allow=\"accelerometer; autoplay; clipboard-write; encrypted-media; gyroscope; picture-in-picture; web-share\" referrerpolicy=\"strict-origin-when-cross-origin\" allowfullscreen><\/iframe><\/div><\/p>\n<p>Carol Danvers alias Captain Marvel hat in Marvel Studios \u201eThe Marvels\u201c ihre Identit\u00e4t von den tyrannischen Kree zur\u00fcckerobert und Rache an der Obersten Intelligenz genommen. Die unbeabsichtigte Folge ihrer Tat ist jedoch, dass Carol die Last eines instabilen Universums auf sich nehmen muss. Sie wird mit einem mysteri\u00f6sen Wurmloch konfrontiert, das mit einem Kree-Revolution\u00e4r in Verbindung steht, und ihre Kr\u00e4fte verweben sich pl\u00f6tzlich mit denen von Super-Fan Kamala Khan aus Jersey City aka Ms. Marvel, und von Carols entfremdeter Nichte, der jetzigen S.A.B.E.R. Astronautin Captain Monica Rambeau. Das ungleiche Trio muss ein Team bilden und lernen, an einem Strang zu ziehen, denn nur gemeinsam als \u201eThe Marvels\u201c k\u00f6nnen sie das Universum retten. Auch mit Samuel L. Jackson, Zawe Ashton und Seo-Jun Park. Nia DaCosta f\u00fchrt bei &quot;The Marvels&quot; Regie nach einem Drehbuch von Nia DaCosta, Megan McDonnell und Elissa Karasik. Kevin Feige zeichnet als Produzent verantwortlich. Louis D&#39;Esposito, Victoria Alonso, Mary Livanos, Jonathan Schwartz und Matthew Jenkins fungieren als ausf\u00fchrende Produzenten.<\/p>\n<h2>Star Wars: The Bad Batch (Staffel 3)<\/h2>\n<p>Ab 21. Februar exklusiv auf Disney+ (Star Wars)<\/p>\n<p><div class=\"responsive-video\"><iframe loading=\"lazy\" title=\"The Bad Batch | The Final Season Official Trailer | Disney+\" width=\"500\" height=\"281\" src=\"https:\/\/www.youtube-nocookie.com\/embed\/Oa5zeHdSwdQ?feature=oembed\" frameborder=\"0\" allow=\"accelerometer; autoplay; clipboard-write; encrypted-media; gyroscope; picture-in-picture; web-share\" referrerpolicy=\"strict-origin-when-cross-origin\" allowfullscreen><\/iframe><\/div><\/p>\n<p>Der Kampf von Kloneinheit 99 gegen das neugegr\u00fcndete Imperium findet seinen epischen Abschluss.<\/p>\n<h2>Alle Februar-Neuzug\u00e4nge bei Disney+<\/h2>\n<h3>Ab 2. Februar<\/h3>\n<ul>\n<li><strong>Selbst<\/strong> (Pixar)<\/li>\n<\/ul>\n<h3>Ab 7. Februar<\/h3>\n<ul>\n<li><strong>The Marvels<\/strong> (Marvel)<\/li>\n<li><strong>American Dad<\/strong> \u2013 Staffel 19 (Star)<\/li>\n<li><strong>Die 2000er \u2013 Die Welt mit anderen Augen sehen<\/strong> \u2013 Staffel 1 (National Geographic)<\/li>\n<li><strong>Die 80er \u2013 Ein Jahrzehnt ver\u00e4ndert die Welt<\/strong> \u2013 Staffel 1 (National Geographic)<\/li>\n<li><strong>Animal Fight Club<\/strong> \u2013 Staffel 3 bis 6 (National Geographic)<\/li>\n<li><strong>Apokalypse: Der Kalte Krieg<\/strong> \u2013 Staffel 1 (National Geographic)<\/li>\n<li><strong>Drogen im Visier<\/strong> \u2013 Staffel 6 bis 7 (National Geographic)<\/li>\n<li><strong>Dr. Joya \u2013 Haut\u00e4rztin der Tiere<\/strong> \u2013 Staffel 1 (National Geographic)<\/li>\n<\/ul>\n<h3>Ab 9. Februar<\/h3>\n<ul>\n<li><strong>Suncoast<\/strong> (Star)<\/li>\n<\/ul>\n<h3>Ab 14. Februar<\/h3>\n<ul>\n<li><strong>Daughters of the Cult<\/strong> (Star)<\/li>\n<li><strong>Star Wars: Die Abenteuer der jungen Jedi<\/strong> \u2013 Neue Folgen der 1. Staffel (Star Wars)<\/li>\n<li><strong>Micky Maus: Spielhaus<\/strong> \u2013 Neue Episoden der 2. Staffel (Disney)<\/li>\n<li><strong>Geschichte mal anders<\/strong>! \u2013 Staffel 1 (National Geographic)<\/li>\n<li><strong>What\u2019s up, Dad<\/strong>? \u2013 Staffel 1 bis 5 (Star)<\/li>\n<\/ul>\n<h3>Ab 21. Februar<\/h3>\n<ul>\n<li><strong>Star Wars: The Bad Batch<\/strong> &#8211; Staffel 3 (Star Wars)<\/li>\n<li><strong>Wildes Indien<\/strong> \u2013 Staffel 1 (National Geographic)<\/li>\n<li><strong>Haileys Mission<\/strong> \u2013 Staffel 1 (Disney)<\/li>\n<\/ul>\n<h3>Ab 27. Februar<\/h3>\n<ul>\n<li><strong>FX&#39;s \u201eSh\u014dgun\u201c<\/strong> (Star)<\/li>\n<\/ul>\n<h3>Ab 28. Februar<\/h3>\n<ul>\n<li><strong>We Live Here: The Midwest<\/strong> (Star)<\/li>\n<\/ul>\n","protected":false},"excerpt":{"rendered":"<a href=\"https:\/\/www.ifun.de\/neu-bei-disney-im-februar-2024-226516\/\"><img width=\"150\" height=\"150\" src=\"https:\/\/images.ifun.de\/wp-content\/uploads\/2024\/01\/disney-plus-shogun-feature-150x150.jpg\" class=\"alignright tfe wp-post-image\" alt=\"Disney Plus Shogun Feature\" decoding=\"async\" loading=\"lazy\" \/><\/a><p>Disney+ informiert \u00fcber die f\u00fcr den kommenden Monat Februar geplanten Neuzug\u00e4nge im Programm. Abonnenten des Streaming-Dienstes d\u00fcrfen sich auf 20 neue Filme und Serienstaffeln freuen. Zu den Highlights geh\u00f6ren diesmal die Romanverfilmung \u201eSh\u014dgun\u201c und eine neue Staffel von \u201eStar Wars: The Bad Batch\u201c. Gestern schon hatten wir ja die \u00dcbersicht mit den im Februar neu [&hellip;]<\/p>\n","protected":false},"author":2,"featured_media":226520,"comment_status":"open","ping_status":"closed","sticky":false,"template":"","format":"standard","meta":{"_acf_changed":false,"footnotes":""},"categories":[1],"tags":[324,60],"class_list":["post-226516","post","type-post","status-publish","format-standard","has-post-thumbnail","hentry","category-news","tag-disney","tag-streaming"],"acf":[],"aioseo_notices":[],"featured_image":["https:\/\/images.ifun.de\/wp-content\/uploads\/2024\/01\/disney-plus-shogun-feature.jpg"],"subheadline":["20 Filme und Serienstaffeln"],"rest_api_enabler":{"featured_image":"https:\/\/images.ifun.de\/wp-content\/uploads\/2024\/01\/disney-plus-shogun-feature.jpg","subheadline":"20 Filme und Serienstaffeln"},"_links":{"self":[{"href":"https:\/\/www.ifun.de\/apiv2\/wp\/v2\/posts\/226516","targetHints":{"allow":["GET"]}}],"collection":[{"href":"https:\/\/www.ifun.de\/apiv2\/wp\/v2\/posts"}],"about":[{"href":"https:\/\/www.ifun.de\/apiv2\/wp\/v2\/types\/post"}],"author":[{"embeddable":true,"href":"https:\/\/www.ifun.de\/apiv2\/wp\/v2\/users\/2"}],"replies":[{"embeddable":true,"href":"https:\/\/www.ifun.de\/apiv2\/wp\/v2\/comments?post=226516"}],"version-history":[{"count":3,"href":"https:\/\/www.ifun.de\/apiv2\/wp\/v2\/posts\/226516\/revisions"}],"predecessor-version":[{"id":226522,"href":"https:\/\/www.ifun.de\/apiv2\/wp\/v2\/posts\/226516\/revisions\/226522"}],"wp:featuredmedia":[{"embeddable":true,"href":"https:\/\/www.ifun.de\/apiv2\/wp\/v2\/media\/226520"}],"wp:attachment":[{"href":"https:\/\/www.ifun.de\/apiv2\/wp\/v2\/media?parent=226516"}],"wp:term":[{"taxonomy":"category","embeddable":true,"href":"https:\/\/www.ifun.de\/apiv2\/wp\/v2\/categories?post=226516"},{"taxonomy":"post_tag","embeddable":true,"href":"https:\/\/www.ifun.de\/apiv2\/wp\/v2\/tags?post=226516"}],"curies":[{"name":"wp","href":"https:\/\/api.w.org\/{rel}","templated":true}]}}