{"id":225464,"date":"2024-01-09T20:46:26","date_gmt":"2024-01-09T19:46:26","guid":{"rendered":"https:\/\/www.ifun.de\/?p=225464"},"modified":"2024-01-16T08:23:49","modified_gmt":"2024-01-16T07:23:49","slug":"vision-pro-markteinfuehrung-apple-ueberlaesst-nichts-dem-zufall","status":"publish","type":"post","link":"https:\/\/www.ifun.de\/vision-pro-markteinfuehrung-apple-ueberlaesst-nichts-dem-zufall-225464\/","title":{"rendered":"Vision-Pro-Markteinf\u00fchrung: Apple \u00fcberl\u00e4sst nichts dem Zufall"},"content":{"rendered":"<p>Lassen wir den Umstieg auf eigene Mac-Prozessoren au\u00dfen vor, steht Apple mit der Apple Vision Pro ohne jede Frage vor seiner wichtigsten Produkteinf\u00fchrung seit dem Start der Apple Watch im Jahr 2015. Anders als bei den Premieren von iPhone, iPad und eben der Apple Watch handelt es sich bei der Apple Vision Pro jedoch um ein extrem komplexes Produkt.<\/p>\n<p><a href=\"https:\/\/images.ifun.de\/wp-content\/uploads\/2024\/01\/apple-vision-pro-detail.jpg\"><img loading=\"lazy\" decoding=\"async\" src=\"https:\/\/images.ifun.de\/wp-content\/uploads\/2024\/01\/apple-vision-pro-detail-500x327.jpg\" alt=\"Apple Vision Pro Detail\" width=\"500\" height=\"327\" class=\"alignnone size-medium wp-image-225468\" srcset=\"https:\/\/images.ifun.de\/wp-content\/uploads\/2024\/01\/apple-vision-pro-detail-500x327.jpg 500w, https:\/\/images.ifun.de\/wp-content\/uploads\/2024\/01\/apple-vision-pro-detail-700x458.jpg 700w, https:\/\/images.ifun.de\/wp-content\/uploads\/2024\/01\/apple-vision-pro-detail-768x502.jpg 768w, https:\/\/images.ifun.de\/wp-content\/uploads\/2024\/01\/apple-vision-pro-detail.jpg 1400w\" sizes=\"auto, (max-width: 500px) 100vw, 500px\" \/><\/a><\/p>\n<p>Apple will im Zusammenhang mit dem Marktstart der Apple Vision Pro offenbar nichts dem Zufall \u00fcberlassen. Der Bloomberg-Autor <a href=\"https:\/\/twitter.com\/markgurman\/status\/1744774909262483693\" title=\"1h\">Mark Gurman<\/a> ist offenbar mit der Planung f\u00fcr die initialen Reviews der Apple Vision Pro vertraut. Demnach weicht Apple auch hier von der \u00fcblichen Vorgehensweise ab. Die von Apple ausgew\u00e4hlten Journalisten sollen die Brille in einer Woche zun\u00e4chst im Rahmen einer Hands-on-Veranstaltung bei Apple kennenlernen, bevor sie sich eine Woche darauf am 23. Januar erneut bei Apple einfinden, um das Produkt detaillierter kennenzulernen. Erst im Anschluss daran sollen sie die Testger\u00e4te tats\u00e4chlich auch erhalten.<\/p>\n<p>Mit der Ver\u00f6ffentlichung der ersten Reviews ist dann Ende des Monats zu rechnen. Apple bietet die Brille vom Freitag, dem 2. Februar an \u00fcber die eigenen Ladengesch\u00e4fte und seinen Onlineshop an. Die Freigabe f\u00fcr die Ver\u00f6ffentlichung der Produktbesprechungen d\u00fcrfte dann auf den Dienstag oder Mittwoch in dieser Woche, also den 30. oder 31. Januar fallen.<\/p>\n<h2>Erste Reviews kommen Ende Januar<\/h2>\n<p>Wir sind gespannt, wie gut die Apple Vision Pro bei den von Apple ausgew\u00e4hlten Testern und vor allem auch bei den ersten K\u00e4ufern ankommt. Letztere m\u00fcssen ja mindestens 3.499 Dollar investieren, wenn sie sich das neueste Apple-Produkt vor die Augen klemmen wollen. Apropos Augen: Die Brille l\u00e4sst sich auch mit optischen Gl\u00e4sern ausstatten, hierf\u00fcr werden dann entweder 99 oder 149 Dollar zus\u00e4tzlich, abh\u00e4ngig davon, ob man eine einfache, magnetisch befestigte Sehhilfe oder angepasste Gl\u00e4ser w\u00e4hlt.<img loading=\"lazy\" decoding=\"async\" src=\"https:\/\/vg06.met.vgwort.de\/na\/214a7a5ae3634613b6823e6ed8c85695\" width=\"1\" height=\"1\" no-lazy class=\"tracking\"><\/p>\n<p><a href=\"https:\/\/images.ifun.de\/wp-content\/uploads\/2024\/01\/apple-vision-pro-handhabung.jpg\"><img loading=\"lazy\" decoding=\"async\" src=\"https:\/\/images.ifun.de\/wp-content\/uploads\/2024\/01\/apple-vision-pro-handhabung-700x439.jpg\" alt=\"Apple Vision Pro Handhabung\" width=\"700\" height=\"439\" class=\"alignnone size-large wp-image-225469\" srcset=\"https:\/\/images.ifun.de\/wp-content\/uploads\/2024\/01\/apple-vision-pro-handhabung-700x439.jpg 700w, https:\/\/images.ifun.de\/wp-content\/uploads\/2024\/01\/apple-vision-pro-handhabung-500x314.jpg 500w, https:\/\/images.ifun.de\/wp-content\/uploads\/2024\/01\/apple-vision-pro-handhabung-768x482.jpg 768w, https:\/\/images.ifun.de\/wp-content\/uploads\/2024\/01\/apple-vision-pro-handhabung.jpg 1400w\" sizes=\"auto, (max-width: 700px) 100vw, 700px\" \/><\/a><\/p>\n<h3>Links zum Thema:<\/h3>\n<ul>\n<li><a href=\"https:\/\/www.ifun.de\/apple-vision-pro-verkaufsstart-am-2-februar-225321\/\" title=\"Apple Vision Pro: Verkaufsstart am 2. Februar, Basismodell mit 256 GB\">Apple Vision Pro: Verkaufsstart am 2. Februar, Basismodell mit 256 GB<\/a><\/li>\n<li><a href=\"https:\/\/www.ifun.de\/apple-vision-pro-neuer-spot-zubehoer-details-anprobe-225378\/\" title=\"Apple Vision Pro: Neuer Spot, Zubeh\u00f6r-Details, Anprobe\">Apple Vision Pro: Neuer Spot, Zubeh\u00f6r-Details, Anprobe<\/a><\/li>\n<\/ul>\n","protected":false},"excerpt":{"rendered":"<a href=\"https:\/\/www.ifun.de\/vision-pro-markteinfuehrung-apple-ueberlaesst-nichts-dem-zufall-225464\/\"><img width=\"150\" height=\"150\" src=\"https:\/\/images.ifun.de\/wp-content\/uploads\/2024\/01\/apple-vision-pro-feature-150x150.jpg\" class=\"alignright tfe wp-post-image\" alt=\"Apple Vision Pro Feature\" decoding=\"async\" loading=\"lazy\" \/><\/a><p>Lassen wir den Umstieg auf eigene Mac-Prozessoren au\u00dfen vor, steht Apple mit der Apple Vision Pro ohne jede Frage vor seiner wichtigsten Produkteinf\u00fchrung seit dem Start der Apple Watch im Jahr 2015. Anders als bei den Premieren von iPhone, iPad und eben der Apple Watch handelt es sich bei der Apple Vision Pro jedoch um [&hellip;]<\/p>\n","protected":false},"author":2,"featured_media":225470,"comment_status":"open","ping_status":"closed","sticky":false,"template":"","format":"standard","meta":{"_acf_changed":false,"footnotes":""},"categories":[3,1783],"tags":[6169],"class_list":["post-225464","post","type-post","status-publish","format-standard","has-post-thumbnail","hentry","category-apple","category-feature","tag-apple-vision-pro"],"acf":[],"aioseo_notices":[],"featured_image":["https:\/\/images.ifun.de\/wp-content\/uploads\/2024\/01\/apple-vision-pro-feature.jpg"],"subheadline":["Reviews aufw\u00e4ndig orchestriert"],"rest_api_enabler":{"featured_image":"https:\/\/images.ifun.de\/wp-content\/uploads\/2024\/01\/apple-vision-pro-feature.jpg","subheadline":"Reviews aufw\u00e4ndig orchestriert"},"_links":{"self":[{"href":"https:\/\/www.ifun.de\/apiv2\/wp\/v2\/posts\/225464","targetHints":{"allow":["GET"]}}],"collection":[{"href":"https:\/\/www.ifun.de\/apiv2\/wp\/v2\/posts"}],"about":[{"href":"https:\/\/www.ifun.de\/apiv2\/wp\/v2\/types\/post"}],"author":[{"embeddable":true,"href":"https:\/\/www.ifun.de\/apiv2\/wp\/v2\/users\/2"}],"replies":[{"embeddable":true,"href":"https:\/\/www.ifun.de\/apiv2\/wp\/v2\/comments?post=225464"}],"version-history":[{"count":6,"href":"https:\/\/www.ifun.de\/apiv2\/wp\/v2\/posts\/225464\/revisions"}],"predecessor-version":[{"id":225476,"href":"https:\/\/www.ifun.de\/apiv2\/wp\/v2\/posts\/225464\/revisions\/225476"}],"wp:featuredmedia":[{"embeddable":true,"href":"https:\/\/www.ifun.de\/apiv2\/wp\/v2\/media\/225470"}],"wp:attachment":[{"href":"https:\/\/www.ifun.de\/apiv2\/wp\/v2\/media?parent=225464"}],"wp:term":[{"taxonomy":"category","embeddable":true,"href":"https:\/\/www.ifun.de\/apiv2\/wp\/v2\/categories?post=225464"},{"taxonomy":"post_tag","embeddable":true,"href":"https:\/\/www.ifun.de\/apiv2\/wp\/v2\/tags?post=225464"}],"curies":[{"name":"wp","href":"https:\/\/api.w.org\/{rel}","templated":true}]}}