{"id":225378,"date":"2024-01-09T07:28:20","date_gmt":"2024-01-09T06:28:20","guid":{"rendered":"https:\/\/www.ifun.de\/?p=225378"},"modified":"2024-01-09T07:30:36","modified_gmt":"2024-01-09T06:30:36","slug":"apple-vision-pro-neuer-spot-zubehoer-details-anprobe","status":"publish","type":"post","link":"https:\/\/www.ifun.de\/apple-vision-pro-neuer-spot-zubehoer-details-anprobe-225378\/","title":{"rendered":"Apple Vision Pro: Neuer Spot, Zubeh\u00f6r-Details, Anprobe"},"content":{"rendered":"<p>Die Apple Vision Pro steht kurz vor ihrem Marktstart. Zum Wochenauftakt hat Apple gestern erstmals \u00fcber die Termine f\u00fcr <a href=\"https:\/\/www.ifun.de\/apple-vision-pro-verkaufsstart-am-2-februar-225321\/\">Vorbestellung und Verkaufsstart<\/a> informiert. Ab dem 19. Januar werden sich Termine zur Anprobe in ausgew\u00e4hlten, amerikanischen Apple Filialgesch\u00e4ften vereinbaren lassen. Zwei Wochen sp\u00e4ter, ab dem 2. Februar wird sich die 3.499 Dollar teure Datenbrille dann auch kaufen und mit nach Hause beziehungsweise mit ins Flugzeug nehmen lassen.<\/p>\n<p><a href=\"https:\/\/images.ifun.de\/wp-content\/uploads\/2024\/01\/vision-pro-band-1-2000.jpg\"><img loading=\"lazy\" decoding=\"async\" class=\"aligncenter size-medium wp-image-225380\" src=\"https:\/\/images.ifun.de\/wp-content\/uploads\/2024\/01\/vision-pro-band-1-2000-500x500.jpg\" alt=\"Vision Pro Band 1 2000\" width=\"500\" height=\"500\" srcset=\"https:\/\/images.ifun.de\/wp-content\/uploads\/2024\/01\/vision-pro-band-1-2000-500x500.jpg 500w, https:\/\/images.ifun.de\/wp-content\/uploads\/2024\/01\/vision-pro-band-1-2000-700x700.jpg 700w, https:\/\/images.ifun.de\/wp-content\/uploads\/2024\/01\/vision-pro-band-1-2000-150x150.jpg 150w, https:\/\/images.ifun.de\/wp-content\/uploads\/2024\/01\/vision-pro-band-1-2000-768x768.jpg 768w, https:\/\/images.ifun.de\/wp-content\/uploads\/2024\/01\/vision-pro-band-1-2000-1536x1536.jpg 1536w, https:\/\/images.ifun.de\/wp-content\/uploads\/2024\/01\/vision-pro-band-1-2000.jpg 2000w\" sizes=\"auto, (max-width: 500px) 100vw, 500px\" \/><\/a><\/p>\n<h6>Apple Vision Pro mit Solo Knit Band<\/h6>\n<h2>Zubeh\u00f6r-Details<\/h2>\n<p>Zur Bekanntgabe der Terminplanung ist Apple erstmals auch genauer auf das begleitende Zubeh\u00f6r der Apple Vision Pro eingegangen. So wird die Brille mit zwei unterschiedlichen Kopfb\u00e4ndern ausgeliefert. Neben dem sogenannten Solo Knit Band bietet Apple mit dem Dual Loop Band noch eine zweite Option an, die auf den Produktbildern deutlich weniger attraktiv wirkt, das Gewicht der Apple Vision Pro jedoch besser verteilen d\u00fcrfte und f\u00fcr viele Anwender wohl die erste Wahl im Alltagseinsatz sein wird.<\/p>\n<p><a href=\"https:\/\/images.ifun.de\/wp-content\/uploads\/2024\/01\/vision-pro-band-scaled.jpg\"><img loading=\"lazy\" decoding=\"async\" class=\"aligncenter size-large wp-image-225379\" src=\"https:\/\/images.ifun.de\/wp-content\/uploads\/2024\/01\/vision-pro-band-700x434.jpg\" alt=\"Vision Pro Band\" width=\"700\" height=\"434\" srcset=\"https:\/\/images.ifun.de\/wp-content\/uploads\/2024\/01\/vision-pro-band-700x434.jpg 700w, https:\/\/images.ifun.de\/wp-content\/uploads\/2024\/01\/vision-pro-band-500x310.jpg 500w, https:\/\/images.ifun.de\/wp-content\/uploads\/2024\/01\/vision-pro-band-768x476.jpg 768w, https:\/\/images.ifun.de\/wp-content\/uploads\/2024\/01\/vision-pro-band-1536x952.jpg 1536w, https:\/\/images.ifun.de\/wp-content\/uploads\/2024\/01\/vision-pro-band-2048x1269.jpg 2048w\" sizes=\"auto, (max-width: 700px) 100vw, 700px\" \/><\/a><\/p>\n<h6>Apple Vision Pro mit Dual Loop Band<\/h6>\n<p>Ausgeliefert wird die Apple Vision Pro mit<\/p>\n<ul>\n<li>dem Dual Loop Band,<\/li>\n<li>dem Solo Knit Band,<\/li>\n<li>einem Lichtsiegel,<\/li>\n<li>zwei Lichtsiegel-Kissen,<\/li>\n<li>dem Apple Vision Pro Cover,<\/li>\n<li>einem Poliertuch,<\/li>\n<li>einem externen Akku,<\/li>\n<li>einem USB-C-Kabel<\/li>\n<li>und einem USB-C-Netzteil.<\/li>\n<\/ul>\n<p>Die Apple Vision Pro l\u00e4sst sich zudem durch Einsatzgl\u00e4ser mit Sehst\u00e4rke personalisieren. Einfache Lese-Gl\u00e4ser kosten 99 Dollar, f\u00fcr angepasste zum Ausgleich vorhandener Sehschw\u00e4chen werden 149 Dollar verlangt.<\/p>\n<p><video autoplay loop playsinline muted poster=\"\" preload=\"auto\" controls=\"controls\" width=\"100%\" ><source src=\"https:\/\/www.apple.com\/105\/media\/us\/apple-vision-pro\/2024\/6e1432b2-fe09-4113-a1af-f20987bcfeee\/anim\/drawer-design-zeiss-lenses\/large.mp4\" \/><\/video><\/p>\n<h6>Die Einsatzgl\u00e4ser der Apple Vision Pro<\/h6>\n<h2>Neuer Spot<\/h2>\n<p>Apple hat auf seinem offiziellen YouTube-Kanal einen ersten Werbespot zum Verkaufsstart der Apple Vision Pro ver\u00f6ffentlicht:<\/p>\n<p><div class=\"responsive-video\"><iframe loading=\"lazy\" title=\"Get Ready | Apple Vision Pro\" width=\"500\" height=\"281\" src=\"https:\/\/www.youtube-nocookie.com\/embed\/aqTIB_q40bo?feature=oembed\" frameborder=\"0\" allow=\"accelerometer; autoplay; clipboard-write; encrypted-media; gyroscope; picture-in-picture; web-share\" referrerpolicy=\"strict-origin-when-cross-origin\" allowfullscreen><\/iframe><\/div><\/p>\n<h2>Anprobe<\/h2>\n<p>Zudem hat der Konzern erste Details zur Anprobe der Apple Vision Pro bekannt gegeben, die mit einer Akkuladung bis zu 120 Minuten durchhalten und eine reine Videowiedergabe von bis zu 150 Minuten  anbieten k\u00f6nnen soll.<\/p>\n<p>Demo-Sessions werden in amerikanischen Apple-Filialen ab 2. Februar, ab 8:00 Uhr morgens angeboten und in Reihenfolge des Erscheinens vergeben. Damit d\u00fcrften Schlangen vor den Filialgesch\u00e4ften garantiert sein.  <\/p>\n<p><img loading=\"lazy\" decoding=\"async\" src=\"https:\/\/vg02.met.vgwort.de\/na\/66f6ad9efbfd4d4d823507d6f22452c1\" width=\"1\" height=\"1\" no-lazy class=\"tracking\"><\/p>\n","protected":false},"excerpt":{"rendered":"<a href=\"https:\/\/www.ifun.de\/apple-vision-pro-neuer-spot-zubehoer-details-anprobe-225378\/\"><img width=\"150\" height=\"150\" src=\"https:\/\/images.ifun.de\/wp-content\/uploads\/2024\/01\/apple-vision-pro-kopfband-150x150.jpg\" class=\"alignright tfe wp-post-image\" alt=\"Apple Vision Pro Kopfband\" decoding=\"async\" loading=\"lazy\" \/><\/a><p>Die Apple Vision Pro steht kurz vor ihrem Marktstart. Zum Wochenauftakt hat Apple gestern erstmals \u00fcber die Termine f\u00fcr Vorbestellung und Verkaufsstart informiert. Ab dem 19. Januar werden sich Termine zur Anprobe in ausgew\u00e4hlten, amerikanischen Apple Filialgesch\u00e4ften vereinbaren lassen. Zwei Wochen sp\u00e4ter, ab dem 2. Februar wird sich die 3.499 Dollar teure Datenbrille dann auch [&hellip;]<\/p>\n","protected":false},"author":1,"featured_media":225381,"comment_status":"open","ping_status":"closed","sticky":false,"template":"","format":"standard","meta":{"_acf_changed":false,"footnotes":""},"categories":[3],"tags":[6169],"class_list":["post-225378","post","type-post","status-publish","format-standard","has-post-thumbnail","hentry","category-apple","tag-apple-vision-pro"],"acf":[],"aioseo_notices":[],"featured_image":["https:\/\/images.ifun.de\/wp-content\/uploads\/2024\/01\/apple-vision-pro-kopfband.jpg"],"subheadline":["WIeder Schlangen vor den Filialgesch\u00e4ften"],"rest_api_enabler":{"featured_image":"https:\/\/images.ifun.de\/wp-content\/uploads\/2024\/01\/apple-vision-pro-kopfband.jpg","subheadline":"WIeder Schlangen vor den Filialgesch\u00e4ften"},"_links":{"self":[{"href":"https:\/\/www.ifun.de\/apiv2\/wp\/v2\/posts\/225378","targetHints":{"allow":["GET"]}}],"collection":[{"href":"https:\/\/www.ifun.de\/apiv2\/wp\/v2\/posts"}],"about":[{"href":"https:\/\/www.ifun.de\/apiv2\/wp\/v2\/types\/post"}],"author":[{"embeddable":true,"href":"https:\/\/www.ifun.de\/apiv2\/wp\/v2\/users\/1"}],"replies":[{"embeddable":true,"href":"https:\/\/www.ifun.de\/apiv2\/wp\/v2\/comments?post=225378"}],"version-history":[{"count":3,"href":"https:\/\/www.ifun.de\/apiv2\/wp\/v2\/posts\/225378\/revisions"}],"predecessor-version":[{"id":225387,"href":"https:\/\/www.ifun.de\/apiv2\/wp\/v2\/posts\/225378\/revisions\/225387"}],"wp:featuredmedia":[{"embeddable":true,"href":"https:\/\/www.ifun.de\/apiv2\/wp\/v2\/media\/225381"}],"wp:attachment":[{"href":"https:\/\/www.ifun.de\/apiv2\/wp\/v2\/media?parent=225378"}],"wp:term":[{"taxonomy":"category","embeddable":true,"href":"https:\/\/www.ifun.de\/apiv2\/wp\/v2\/categories?post=225378"},{"taxonomy":"post_tag","embeddable":true,"href":"https:\/\/www.ifun.de\/apiv2\/wp\/v2\/tags?post=225378"}],"curies":[{"name":"wp","href":"https:\/\/api.w.org\/{rel}","templated":true}]}}