{"id":225297,"date":"2024-01-08T11:44:21","date_gmt":"2024-01-08T10:44:21","guid":{"rendered":"https:\/\/www.ifun.de\/?p=225297"},"modified":"2024-01-08T11:44:21","modified_gmt":"2024-01-08T10:44:21","slug":"mac-pro-rack-version-im-apple-refurb-store-satte-15-guenstiger","status":"publish","type":"post","link":"https:\/\/www.ifun.de\/mac-pro-rack-version-im-apple-refurb-store-satte-15-guenstiger-225297\/","title":{"rendered":"Mac Pro: Rack-Version im Apple Refurb Store satte 15% g\u00fcnstiger"},"content":{"rendered":"<p>Auch wenn die Zielgruppe f\u00fcr dieses Mac-Modell vermutlich \u00fcberschaubar ist. F\u00fcrs Protokoll wollen wir hier erw\u00e4hnen, dass mittlerweile auch das neueste Modell des Mac Pro im <a href=\"https:\/\/apple.sjv.io\/50Pmn\">Apple Refurb Store<\/a> erh\u00e4ltlich ist.<\/p>\n<p>Bei dem aktuell von Apple verg\u00fcnstigt angebotenen Modell handelt es sich um einen <a href=\"https:\/\/apple.sjv.io\/DKdbqn\">Mac Pro Rack Apple M2 Ultra mit 24\u2011Core CPU und 60\u2011Core GPU<\/a> in der Rack-Variante. Als Neuware wird dieser Rechner von Apple f\u00fcr stolze 8.999 Euro angeboten. Kauft man das Ger\u00e4t im Refurb-Store des Herstellers, kann man auf diesen Preis immerhin 1.350 Euro sparen.<\/p>\n<p><a href=\"https:\/\/images.ifun.de\/wp-content\/uploads\/2024\/01\/mac-pro-refurbished.jpg\"><img loading=\"lazy\" decoding=\"async\" src=\"https:\/\/images.ifun.de\/wp-content\/uploads\/2024\/01\/mac-pro-refurbished-700x519.jpg\" alt=\"Mac Pro Refurbished\" width=\"700\" height=\"519\" class=\"alignnone size-large wp-image-225300\" srcset=\"https:\/\/images.ifun.de\/wp-content\/uploads\/2024\/01\/mac-pro-refurbished-700x519.jpg 700w, https:\/\/images.ifun.de\/wp-content\/uploads\/2024\/01\/mac-pro-refurbished-500x371.jpg 500w, https:\/\/images.ifun.de\/wp-content\/uploads\/2024\/01\/mac-pro-refurbished-768x569.jpg 768w, https:\/\/images.ifun.de\/wp-content\/uploads\/2024\/01\/mac-pro-refurbished.jpg 1400w\" sizes=\"auto, (max-width: 700px) 100vw, 700px\" \/><\/a><\/p>\n<p>Apple wirbt f\u00fcr die im hauseigenen Refurb Store angebotenen Ger\u00e4te mit dem Slogan \u201eQualit\u00e4tsprodukte zu tollen Preisen\u201c. Eine eingehende General\u00fcberholung vor dem Kauf soll sicherstellen, dass der Kunde die Ger\u00e4te in mit Neuware vergleichbarem Zustand erh\u00e4lt. Damit verbunden sind die im Apple Refurb Store angebotenen Ger\u00e4te mit der von Apple grunds\u00e4tzlich angebotenen einj\u00e4hrigen Herstellergarantie abgedeckt, erg\u00e4nzend kann der Ger\u00e4teschutz um Apples Zusatzversicherung AppleCare+ erweitert werden. Bei im Apple Refurb Store erworbenen Ger\u00e4ten profitiert man zudem wie bei gew\u00f6hnlichen Bestellungen von der standardm\u00e4\u00dfigen 14-t\u00e4gigen R\u00fcckgabefrist.<\/p>\n<h2>iPad-Pro-Angebote besser noch links liegen lassen<\/h2>\n<p>Wer im <a href=\"https:\/\/apple.sjv.io\/50Pmn\">Apple Refurb Store<\/a> nach g\u00fcnstigen iPads sucht, findet dort aktuell lediglich verschiedene \u00e4ltere Modelle des iPad Pro mit 11 und mit 12,9 Zoll Bildschirmgr\u00f6\u00dfe. Bei diesen Angeboten ist, sofern man noch ein wenig warten kann, unserer Meinung nach derzeit generell Zur\u00fcckhaltung empfohlen &#8211; ganz egal, ob ihr bei Apple direkt oder bei einem anderen H\u00e4ndler kaufen wollt. Apple wird aller Wahrscheinlichkeit nach sp\u00e4testens im M\u00e4rz mit neuen iPads auf der Matte stehen und das iPad Pro steht neben dem iPad Air ganz oben auf der Erwartungsliste.<\/p>\n<p>Wir haben es ja bereits in unserem Jahresr\u00fcckblick erw\u00e4hnt: 2023 war das erste Jahr seit der Vorstellung des ersten iPad 2010, in dem Apple kein neues Modell seiner Tablets vorgestellt hat. Da gibt es 2024 vermutlich einiges nachzuholen.<img loading=\"lazy\" decoding=\"async\" src=\"https:\/\/vg06.met.vgwort.de\/na\/c38d4c44922b4c13a5c415aa6f1485de\" width=\"1\" height=\"1\" no-lazy class=\"tracking\"><\/p>\n","protected":false},"excerpt":{"rendered":"<a href=\"https:\/\/www.ifun.de\/mac-pro-rack-version-im-apple-refurb-store-satte-15-guenstiger-225297\/\"><img width=\"150\" height=\"150\" src=\"https:\/\/images.ifun.de\/wp-content\/uploads\/2024\/01\/mac-pro-rack-feature-150x150.jpg\" class=\"alignright tfe wp-post-image\" alt=\"Mac Pro Rack Feature\" decoding=\"async\" loading=\"lazy\" \/><\/a><p>Auch wenn die Zielgruppe f\u00fcr dieses Mac-Modell vermutlich \u00fcberschaubar ist. F\u00fcrs Protokoll wollen wir hier erw\u00e4hnen, dass mittlerweile auch das neueste Modell des Mac Pro im Apple Refurb Store erh\u00e4ltlich ist. Bei dem aktuell von Apple verg\u00fcnstigt angebotenen Modell handelt es sich um einen Mac Pro Rack Apple M2 Ultra mit 24\u2011Core CPU und 60\u2011Core [&hellip;]<\/p>\n","protected":false},"author":2,"featured_media":225302,"comment_status":"open","ping_status":"closed","sticky":false,"template":"","format":"standard","meta":{"_acf_changed":false,"footnotes":""},"categories":[3],"tags":[4736,1238,699],"class_list":["post-225297","post","type-post","status-publish","format-standard","has-post-thumbnail","hentry","category-apple","tag-apple","tag-mac-pro","tag-refurb-store"],"acf":[],"aioseo_notices":[],"featured_image":["https:\/\/images.ifun.de\/wp-content\/uploads\/2024\/01\/mac-pro-rack-feature.jpg"],"subheadline":["Mit iPads besser warten"],"rest_api_enabler":{"featured_image":"https:\/\/images.ifun.de\/wp-content\/uploads\/2024\/01\/mac-pro-rack-feature.jpg","subheadline":"Mit iPads besser warten"},"_links":{"self":[{"href":"https:\/\/www.ifun.de\/apiv2\/wp\/v2\/posts\/225297","targetHints":{"allow":["GET"]}}],"collection":[{"href":"https:\/\/www.ifun.de\/apiv2\/wp\/v2\/posts"}],"about":[{"href":"https:\/\/www.ifun.de\/apiv2\/wp\/v2\/types\/post"}],"author":[{"embeddable":true,"href":"https:\/\/www.ifun.de\/apiv2\/wp\/v2\/users\/2"}],"replies":[{"embeddable":true,"href":"https:\/\/www.ifun.de\/apiv2\/wp\/v2\/comments?post=225297"}],"version-history":[{"count":4,"href":"https:\/\/www.ifun.de\/apiv2\/wp\/v2\/posts\/225297\/revisions"}],"predecessor-version":[{"id":225304,"href":"https:\/\/www.ifun.de\/apiv2\/wp\/v2\/posts\/225297\/revisions\/225304"}],"wp:featuredmedia":[{"embeddable":true,"href":"https:\/\/www.ifun.de\/apiv2\/wp\/v2\/media\/225302"}],"wp:attachment":[{"href":"https:\/\/www.ifun.de\/apiv2\/wp\/v2\/media?parent=225297"}],"wp:term":[{"taxonomy":"category","embeddable":true,"href":"https:\/\/www.ifun.de\/apiv2\/wp\/v2\/categories?post=225297"},{"taxonomy":"post_tag","embeddable":true,"href":"https:\/\/www.ifun.de\/apiv2\/wp\/v2\/tags?post=225297"}],"curies":[{"name":"wp","href":"https:\/\/api.w.org\/{rel}","templated":true}]}}