{"id":225186,"date":"2024-01-04T19:53:24","date_gmt":"2024-01-04T18:53:24","guid":{"rendered":"https:\/\/www.ifun.de\/?p=225186"},"modified":"2024-01-04T19:54:10","modified_gmt":"2024-01-04T18:54:10","slug":"killers-of-the-flower-moon-apples-oscar-hoffnung-startet-naechste-woche","status":"publish","type":"post","link":"https:\/\/www.ifun.de\/killers-of-the-flower-moon-apples-oscar-hoffnung-startet-naechste-woche-225186\/","title":{"rendered":"Killers of the Flower Moon: Apples Oscar-Hoffnung startet n\u00e4chste Woche"},"content":{"rendered":"<p>Apple hat heute den Ausstrahlungsstart der hauseigenen Kinofilm-Produktion &#8222;Killers of the Flower Moon&#8220; bekannt gegeben. Martin Scorseses 206-min\u00fctiger Spielfilm \u00fcber die sogenannten Osage-Morde von 1919 wird den Katalog von Apple TV+ am \u00fcbern\u00e4chsten Freitag, den 12. Januar erweitern.<\/p>\n<p><a href=\"https:\/\/images.ifun.de\/wp-content\/uploads\/2023\/05\/killers-of-the-flower-moon.jpg\"><img loading=\"lazy\" decoding=\"async\" class=\"aligncenter size-medium wp-image-210161\" src=\"https:\/\/images.ifun.de\/wp-content\/uploads\/2023\/05\/killers-of-the-flower-moon-500x314.jpg\" alt=\"Killers Of The Flower Moon\" width=\"500\" height=\"314\" srcset=\"https:\/\/images.ifun.de\/wp-content\/uploads\/2023\/05\/killers-of-the-flower-moon-500x314.jpg 500w, https:\/\/images.ifun.de\/wp-content\/uploads\/2023\/05\/killers-of-the-flower-moon-700x439.jpg 700w, https:\/\/images.ifun.de\/wp-content\/uploads\/2023\/05\/killers-of-the-flower-moon-768x482.jpg 768w, https:\/\/images.ifun.de\/wp-content\/uploads\/2023\/05\/killers-of-the-flower-moon.jpg 1400w\" sizes=\"auto, (max-width: 500px) 100vw, 500px\" \/><\/a><\/p>\n<h2>Ab 12. Januar bei Apple TV+<\/h2>\n<p>Und nicht nur der Regiestuhl des 2023 fertiggestellten Spielfilms ist hochkar\u00e4tig besetzt. Vor der Kamera geben sich Leonardo DiCaprio und Robert De Niro die Ehre. Dabei handelt es sich um die nunmehr zehnte Zusammenarbeit zwischen Scorsese und De Niro.<\/p>\n<p>Sein Deb\u00fct feierte &#8222;Killers of the Flower Moon&#8220; bereits im vergangenen Mai, als der Film in der Auswahl der Internationalen Filmfestspiele von Cannes aufgef\u00fchrt wurde. Apple hat sich f\u00fcr die Kinoausstrahlung entschieden, da das Unternehmen mit dem hochkar\u00e4tig besetzten Streifen Oscar-Ambitionen verfolgt und auf eine oder mehrere Auszeichnungen im Rahmen der 96. Academy Awards am 11. M\u00e4rz 2024 hofft.<\/p>\n<p><div class=\"responsive-video\"><iframe loading=\"lazy\" title=\"Killers of the Flower Moon \u2014 Official Trailer | Apple TV+\" width=\"500\" height=\"281\" src=\"https:\/\/www.youtube-nocookie.com\/embed\/EP34Yoxs3FQ?feature=oembed\" frameborder=\"0\" allow=\"accelerometer; autoplay; clipboard-write; encrypted-media; gyroscope; picture-in-picture; web-share\" referrerpolicy=\"strict-origin-when-cross-origin\" allowfullscreen><\/iframe><\/div><\/p>\n<h2>Apples Oscar-Hoffnung<\/h2>\n<p>&#8222;Killers of the Flower Moon&#8220; wurde bereits f\u00fcr den Golden Globe nominiert, von der The New York Times als bester Film des vergangenen Jahres ausgezeichnet und konnte sich schon \u00fcber Auszeichnungen f\u00fcr besonders gelungenes Make-up und einen hervorragenden Soundtrack freuen.<\/p>\n<p>Das Drama spielt im Amerika der 1920er-Jahre und widmet sich hier einer Mordserie am Stamm der durch \u00d6lfunde extrem wohlhabenden Osage-Indianer in Oklahoma. Dabei handelt es sich bei &#8222;Killers of the Flower Moon&#8220; um eine Buchverfilmung des gleichnamigen Romans von David Grann.<\/p>\n<p>Die Ermittlung <a href=\"https:\/\/de.wikipedia.org\/wiki\/Osage-Morde\">der sogenannten Osage-Morde<\/a> gilt weithin als Ursprung des FBI. Die Sicherheitsbeh\u00f6rde erhielt damals den Auftrag, die Verbrechen aufzukl\u00e4ren, besonders nachdem fr\u00fchere Ermittlungen, die nicht zuletzt durch Korruption und Rassismus beeinflusst waren, erfolglos blieben.<\/p>\n<p><div class=\"responsive-video\"><iframe loading=\"lazy\" title=\"Killers of the Flower Moon \u2014 Directed by Martin Scorsese: Part Three | Apple TV+\" width=\"500\" height=\"281\" src=\"https:\/\/www.youtube-nocookie.com\/embed\/ofERA2QBDzQ?feature=oembed\" frameborder=\"0\" allow=\"accelerometer; autoplay; clipboard-write; encrypted-media; gyroscope; picture-in-picture; web-share\" referrerpolicy=\"strict-origin-when-cross-origin\" allowfullscreen><\/iframe><\/div><\/p>\n<p><img loading=\"lazy\" decoding=\"async\" src=\"https:\/\/vg02.met.vgwort.de\/na\/e9568467a6854efeba3e5a5007aff047\" width=\"1\" height=\"1\" no-lazy class=\"tracking\"><\/p>\n","protected":false},"excerpt":{"rendered":"<a href=\"https:\/\/www.ifun.de\/killers-of-the-flower-moon-apples-oscar-hoffnung-startet-naechste-woche-225186\/\"><img decoding=\"async\" width=\"150\" src=\"https:\/\/images.ifun.de\/wp-content\/uploads\/2023\/05\/killers-of-the-flower-moon-500x314.jpg\" class=\"alignright wp-post-image tfe\" alt=\"Killers Of The Flower Moon\" title=\"\" \/><\/a><p>Apple hat heute den Ausstrahlungsstart der hauseigenen Kinofilm-Produktion &#8222;Killers of the Flower Moon&#8220; bekannt gegeben. Martin Scorseses 206-min\u00fctiger Spielfilm \u00fcber die sogenannten Osage-Morde von 1919 wird den Katalog von Apple TV+ am \u00fcbern\u00e4chsten Freitag, den 12. Januar erweitern. Ab 12. Januar bei Apple TV+ Und nicht nur der Regiestuhl des 2023 fertiggestellten Spielfilms ist hochkar\u00e4tig [&hellip;]<\/p>\n","protected":false},"author":1,"featured_media":0,"comment_status":"open","ping_status":"closed","sticky":false,"template":"","format":"standard","meta":{"_acf_changed":false,"footnotes":""},"categories":[1],"tags":[4467],"class_list":["post-225186","post","type-post","status-publish","format-standard","hentry","category-news","tag-apple-tv-plus"],"acf":[],"aioseo_notices":[],"featured_image":["https:\/\/images.ifun.de\/wp-content\/uploads\/2023\/05\/killers-of-the-flower-moon-feature.jpg"],"subheadline":["Ab 12. Januar bei Apple TV+"],"rest_api_enabler":{"featured_image":"https:\/\/images.ifun.de\/wp-content\/uploads\/2023\/05\/killers-of-the-flower-moon-feature.jpg","subheadline":"Ab 12. Januar bei Apple TV+"},"_links":{"self":[{"href":"https:\/\/www.ifun.de\/apiv2\/wp\/v2\/posts\/225186","targetHints":{"allow":["GET"]}}],"collection":[{"href":"https:\/\/www.ifun.de\/apiv2\/wp\/v2\/posts"}],"about":[{"href":"https:\/\/www.ifun.de\/apiv2\/wp\/v2\/types\/post"}],"author":[{"embeddable":true,"href":"https:\/\/www.ifun.de\/apiv2\/wp\/v2\/users\/1"}],"replies":[{"embeddable":true,"href":"https:\/\/www.ifun.de\/apiv2\/wp\/v2\/comments?post=225186"}],"version-history":[{"count":3,"href":"https:\/\/www.ifun.de\/apiv2\/wp\/v2\/posts\/225186\/revisions"}],"predecessor-version":[{"id":225192,"href":"https:\/\/www.ifun.de\/apiv2\/wp\/v2\/posts\/225186\/revisions\/225192"}],"wp:attachment":[{"href":"https:\/\/www.ifun.de\/apiv2\/wp\/v2\/media?parent=225186"}],"wp:term":[{"taxonomy":"category","embeddable":true,"href":"https:\/\/www.ifun.de\/apiv2\/wp\/v2\/categories?post=225186"},{"taxonomy":"post_tag","embeddable":true,"href":"https:\/\/www.ifun.de\/apiv2\/wp\/v2\/tags?post=225186"}],"curies":[{"name":"wp","href":"https:\/\/api.w.org\/{rel}","templated":true}]}}