{"id":225157,"date":"2024-01-04T15:23:37","date_gmt":"2024-01-04T14:23:37","guid":{"rendered":"https:\/\/www.ifun.de\/?p=225157"},"modified":"2024-01-04T15:23:59","modified_gmt":"2024-01-04T14:23:59","slug":"apple-fitness-jetzt-mit-klangmeditationen-und-krafttraining-fuer-besserverdienende","status":"publish","type":"post","link":"https:\/\/www.ifun.de\/apple-fitness-jetzt-mit-klangmeditationen-und-krafttraining-fuer-besserverdienende-225157\/","title":{"rendered":"Apple Fitness+: Jetzt mit Klangmeditationen und Krafttraining f\u00fcr Besserverdienende"},"content":{"rendered":"<p>Apples Sport-Video-Dienst <a href=\"https:\/\/www.apple.com\/de\/apple-fitness-plus\/\">Apple Fitness+<\/a> wird am n\u00e4chsten Montag um neue Funktionen erg\u00e4nzt und ruft sich damit als m\u00f6glicher Wegbegleiter in Erinnerung, der beim Durchsetzen guter Neujahrsvors\u00e4tze zur Hand gehen kann.<\/p>\n<h2>Meditieren mit &#8222;Klang&#8220;<\/h2>\n<p>Dies gilt vor allem f\u00fcr Anwenderinnen und Anwender, die sich &#8222;mehr Achtsamkeit&#8220; auf die Vorhaben-Liste f\u00fcr 2024 geschrieben haben und dies unter anderem durch angeleitetes Meditieren erreichen m\u00f6chten.<\/p>\n<p>So wird Apple Fitness+ in der kommenden Woche die neue Meditationsart Klang in den Abodienst einf\u00fchren. Apple selbst spricht dabei von &#8222;Klangmeditation zur Entspannung&#8220; und will interessierten Anwenderinnen und Anwendern die M\u00f6glichkeit geben, sich vor dem Fernseher beziehungsweise dem Tablet zu entspannen.<\/p>\n<p><a href=\"https:\/\/images.ifun.de\/wp-content\/uploads\/2024\/01\/Apple-Fitness-Plus-Sound-meditation_big.jpg.large_2x.jpg\"><img loading=\"lazy\" decoding=\"async\" class=\"aligncenter size-large wp-image-225159\" src=\"https:\/\/images.ifun.de\/wp-content\/uploads\/2024\/01\/Apple-Fitness-Plus-Sound-meditation_big.jpg.large_2x-700x466.jpg\" alt=\"Apple Fitness Plus Sound Meditation Big.jpg.large 2x\" width=\"700\" height=\"466\" srcset=\"https:\/\/images.ifun.de\/wp-content\/uploads\/2024\/01\/Apple-Fitness-Plus-Sound-meditation_big.jpg.large_2x-700x466.jpg 700w, https:\/\/images.ifun.de\/wp-content\/uploads\/2024\/01\/Apple-Fitness-Plus-Sound-meditation_big.jpg.large_2x-500x333.jpg 500w, https:\/\/images.ifun.de\/wp-content\/uploads\/2024\/01\/Apple-Fitness-Plus-Sound-meditation_big.jpg.large_2x-768x512.jpg 768w, https:\/\/images.ifun.de\/wp-content\/uploads\/2024\/01\/Apple-Fitness-Plus-Sound-meditation_big.jpg.large_2x-1536x1023.jpg 1536w, https:\/\/images.ifun.de\/wp-content\/uploads\/2024\/01\/Apple-Fitness-Plus-Sound-meditation_big.jpg.large_2x.jpg 1960w\" sizes=\"auto, (max-width: 700px) 100vw, 700px\" \/><\/a><\/p>\n<p>F\u00fcr eine nachhaltige Erholung sollen dabei beruhigende T\u00f6ne und Rhythmen sorgen, die je nach Freizeitkontingent mit Laufzeiten von 5, 10 und 20 Minuten zur Verf\u00fcgung stehen. Zudem plant Apple die sieben zum Start verf\u00fcgbaren Klangmeditationen im Wochenrhythmus um neue Meditationsanleitungen zu erg\u00e4nzen.<\/p>\n<h2>Krafttraining f\u00fcr Besserverdiener<\/h2>\n<p>Erg\u00e4nzt werden die Klangmeditationen um ein neues Krafttraining, das auf eine verschwindend kleine Nische abzielt: So tr\u00e4gt das neue Trainingsprogramm die \u00dcberschrift &#8222;Krafttraining, Core und Yoga f\u00fcr Golfer:innen&#8220; und will die besserverdienenden unter den Apple Fitness+-Abonnenten f\u00fcr kraftvolle Schl\u00e4ge auf dem Golfplatz vorbereiten.<\/p>\n<p><a href=\"https:\/\/images.ifun.de\/wp-content\/uploads\/2024\/01\/golf-workout.jpg\"><img loading=\"lazy\" decoding=\"async\" class=\"aligncenter size-large wp-image-225160\" src=\"https:\/\/images.ifun.de\/wp-content\/uploads\/2024\/01\/golf-workout-700x700.jpg\" alt=\"Golf Workout\" width=\"700\" height=\"700\" srcset=\"https:\/\/images.ifun.de\/wp-content\/uploads\/2024\/01\/golf-workout-700x700.jpg 700w, https:\/\/images.ifun.de\/wp-content\/uploads\/2024\/01\/golf-workout-500x500.jpg 500w, https:\/\/images.ifun.de\/wp-content\/uploads\/2024\/01\/golf-workout-150x150.jpg 150w, https:\/\/images.ifun.de\/wp-content\/uploads\/2024\/01\/golf-workout-768x768.jpg 768w, https:\/\/images.ifun.de\/wp-content\/uploads\/2024\/01\/golf-workout-1536x1536.jpg 1536w, https:\/\/images.ifun.de\/wp-content\/uploads\/2024\/01\/golf-workout.jpg 1828w\" sizes=\"auto, (max-width: 700px) 100vw, 700px\" \/><\/a><\/p>\n<p>Die neuen Inhalte werden von neuen Apple-Music-Playlisten und neuen &#8222;Zeit f\u00fcrs Gehen&#8220;-H\u00f6rgeschichten erg\u00e4nzt.<\/p>\n<p>Apple Fitness+ kostet 9,99 Euro pro Monat, Anwender, die vorab f\u00fcr ein ganzes Jahr bezahlen, k\u00f6nnen sich den reduzierten Jahrespreis von 79,99 Euro sichern. Zudem ist Apple Fittnes+ auch Teil des Apple One Premium-Abonnements.<\/p>\n<p>Voraussetzung zur Nutzung des Sport-Video-Dienstes, mindestens ein iPhone 8 oder eine Apple Watch Series 3.<\/p>\n<p><img loading=\"lazy\" decoding=\"async\" src=\"https:\/\/vg02.met.vgwort.de\/na\/3936ec67639b4d9b9179d4027b28f8d8\" width=\"1\" height=\"1\" no-lazy class=\"tracking\"><\/p>\n","protected":false},"excerpt":{"rendered":"<a href=\"https:\/\/www.ifun.de\/apple-fitness-jetzt-mit-klangmeditationen-und-krafttraining-fuer-besserverdienende-225157\/\"><img width=\"150\" height=\"150\" src=\"https:\/\/images.ifun.de\/wp-content\/uploads\/2024\/01\/golf-workout-150x150.jpg\" class=\"alignright tfe wp-post-image\" alt=\"Golf Workout\" decoding=\"async\" loading=\"lazy\" srcset=\"https:\/\/images.ifun.de\/wp-content\/uploads\/2024\/01\/golf-workout-150x150.jpg 150w, https:\/\/images.ifun.de\/wp-content\/uploads\/2024\/01\/golf-workout-500x500.jpg 500w, https:\/\/images.ifun.de\/wp-content\/uploads\/2024\/01\/golf-workout-700x700.jpg 700w, https:\/\/images.ifun.de\/wp-content\/uploads\/2024\/01\/golf-workout-768x768.jpg 768w, https:\/\/images.ifun.de\/wp-content\/uploads\/2024\/01\/golf-workout-1536x1536.jpg 1536w, https:\/\/images.ifun.de\/wp-content\/uploads\/2024\/01\/golf-workout.jpg 1828w\" sizes=\"auto, (max-width: 150px) 100vw, 150px\" \/><\/a><p>Apples Sport-Video-Dienst Apple Fitness+ wird am n\u00e4chsten Montag um neue Funktionen erg\u00e4nzt und ruft sich damit als m\u00f6glicher Wegbegleiter in Erinnerung, der beim Durchsetzen guter Neujahrsvors\u00e4tze zur Hand gehen kann. Meditieren mit &#8222;Klang&#8220; Dies gilt vor allem f\u00fcr Anwenderinnen und Anwender, die sich &#8222;mehr Achtsamkeit&#8220; auf die Vorhaben-Liste f\u00fcr 2024 geschrieben haben und dies unter [&hellip;]<\/p>\n","protected":false},"author":1,"featured_media":225160,"comment_status":"open","ping_status":"closed","sticky":false,"template":"","format":"standard","meta":{"_acf_changed":false,"footnotes":""},"categories":[1],"tags":[4736,5534,159],"class_list":["post-225157","post","type-post","status-publish","format-standard","has-post-thumbnail","hentry","category-news","tag-apple","tag-apple-fitness-plus","tag-sport"],"acf":[],"aioseo_notices":[],"featured_image":["https:\/\/images.ifun.de\/wp-content\/uploads\/2024\/01\/apple-fitness-plus.jpg"],"subheadline":["Neue Funktionen ab 8. Januar"],"rest_api_enabler":{"featured_image":"https:\/\/images.ifun.de\/wp-content\/uploads\/2024\/01\/apple-fitness-plus.jpg","subheadline":"Neue Funktionen ab 8. Januar"},"_links":{"self":[{"href":"https:\/\/www.ifun.de\/apiv2\/wp\/v2\/posts\/225157","targetHints":{"allow":["GET"]}}],"collection":[{"href":"https:\/\/www.ifun.de\/apiv2\/wp\/v2\/posts"}],"about":[{"href":"https:\/\/www.ifun.de\/apiv2\/wp\/v2\/types\/post"}],"author":[{"embeddable":true,"href":"https:\/\/www.ifun.de\/apiv2\/wp\/v2\/users\/1"}],"replies":[{"embeddable":true,"href":"https:\/\/www.ifun.de\/apiv2\/wp\/v2\/comments?post=225157"}],"version-history":[{"count":2,"href":"https:\/\/www.ifun.de\/apiv2\/wp\/v2\/posts\/225157\/revisions"}],"predecessor-version":[{"id":225164,"href":"https:\/\/www.ifun.de\/apiv2\/wp\/v2\/posts\/225157\/revisions\/225164"}],"wp:featuredmedia":[{"embeddable":true,"href":"https:\/\/www.ifun.de\/apiv2\/wp\/v2\/media\/225160"}],"wp:attachment":[{"href":"https:\/\/www.ifun.de\/apiv2\/wp\/v2\/media?parent=225157"}],"wp:term":[{"taxonomy":"category","embeddable":true,"href":"https:\/\/www.ifun.de\/apiv2\/wp\/v2\/categories?post=225157"},{"taxonomy":"post_tag","embeddable":true,"href":"https:\/\/www.ifun.de\/apiv2\/wp\/v2\/tags?post=225157"}],"curies":[{"name":"wp","href":"https:\/\/api.w.org\/{rel}","templated":true}]}}