{"id":22510,"date":"2012-02-28T17:27:23","date_gmt":"2012-02-28T16:27:23","guid":{"rendered":"http:\/\/www.ifun.de\/?p=22510"},"modified":"2012-02-28T17:27:23","modified_gmt":"2012-02-28T16:27:23","slug":"nachstes-ipad-vermutlich-08-mm-dicker-als-aktuelle-generation","status":"publish","type":"post","link":"https:\/\/www.ifun.de\/nachstes-ipad-vermutlich-08-mm-dicker-als-aktuelle-generation-22510\/","title":{"rendered":"N\u00e4chstes iPad vermutlich 0,8 mm dicker als aktuelle Generation"},"content":{"rendered":"<p>Fotos, auf denen die R\u00fcckschale der aktuellen iPad-Generation mit dem verglichen wird, was aller Wahrscheinlichkeit nach die R\u00fcckseite des iPad 3 ist, hatten wir ja <a href=\"http:\/\/www.ifun.de\/ipad-3-fotos-kamera-rueckseite-neu-22234\/\">k\u00fcrzlich<\/a> schon zu sehen bekommen. Schon mit blo\u00dfem Auge war erkennbar, dass das n\u00e4chste iPad wohl ein wenig dicker sein wird &#8211; verantwortlich hierf\u00fcr ist wohl der neue, h\u00f6her augel\u00f6ste Bildschirm.<\/p>\n<p><img loading=\"lazy\" decoding=\"async\" src=\"http:\/\/images.ifun.de\/wp-content\/uploads\/2012\/02\/ipad-dicke.jpg\" alt=\"\" title=\"ipad-dicke\" width=\"464\" height=\"201\" class=\"alignnone size-full wp-image-22511\" srcset=\"https:\/\/images.ifun.de\/wp-content\/uploads\/2012\/02\/ipad-dicke.jpg 464w, https:\/\/images.ifun.de\/wp-content\/uploads\/2012\/02\/ipad-dicke-300x129.jpg 300w\" sizes=\"auto, (max-width: 464px) 100vw, 464px\" \/><\/p>\n<p>Die chinesische Webseite <a href=\"http:\/\/apple.pro\/index.php?do=\/blog\/63\/ipad3\u7684\u539a\u5ea6\u7684\u78ba\u6bd4ipad2\u539a\/\">Apple.pro<\/a> hat nun nachgemessen. Den mit einem elektronischen Messschieber ermittelten Ergebnissen zufolge wird das n\u00e4chste iPad wohl 0,8 Millimeter dicker sein, als die gegenw\u00e4rtige Generation, aber immer mit knapp 10 Millimetern Gesamtst\u00e4rke immer noch deutlich unter den 13,4 Millimetern des Ur-iPad liegen. (via <a href=\"http:\/\/www.macrumors.com\/2012\/02\/28\/ipad-3-rear-shell-measures-in-at-9-5-mm-thick-0-8-mm-thicker-than-ipad-2\/\">Mac Rumors<\/a>)<\/p>\n","protected":false},"excerpt":{"rendered":"<a href=\"https:\/\/www.ifun.de\/nachstes-ipad-vermutlich-08-mm-dicker-als-aktuelle-generation-22510\/\"><img width=\"150\" height=\"150\" src=\"https:\/\/images.ifun.de\/wp-content\/uploads\/2012\/02\/ipad-dicke-150x150.jpg\" class=\"alignright tfe wp-post-image\" alt=\"\" decoding=\"async\" loading=\"lazy\" \/><\/a><p>Fotos, auf denen die R\u00fcckschale der aktuellen iPad-Generation mit dem verglichen wird, was aller Wahrscheinlichkeit nach die R\u00fcckseite des iPad 3 ist, hatten wir ja k\u00fcrzlich schon zu sehen bekommen. Schon mit blo\u00dfem Auge war erkennbar, dass das n\u00e4chste iPad wohl ein wenig dicker sein wird &#8211; verantwortlich hierf\u00fcr ist wohl der neue, h\u00f6her augel\u00f6ste [&hellip;]<\/p>\n","protected":false},"author":2,"featured_media":22511,"comment_status":"open","ping_status":"closed","sticky":false,"template":"","format":"standard","meta":{"_acf_changed":false,"footnotes":""},"categories":[18],"tags":[3910,4740,6322],"class_list":["post-22510","post","type-post","status-publish","format-standard","has-post-thumbnail","hentry","category-rumors","tag-geruechte","tag-ipad","tag-rumors"],"acf":[],"aioseo_notices":[],"rest_api_enabler":[],"_links":{"self":[{"href":"https:\/\/www.ifun.de\/apiv2\/wp\/v2\/posts\/22510","targetHints":{"allow":["GET"]}}],"collection":[{"href":"https:\/\/www.ifun.de\/apiv2\/wp\/v2\/posts"}],"about":[{"href":"https:\/\/www.ifun.de\/apiv2\/wp\/v2\/types\/post"}],"author":[{"embeddable":true,"href":"https:\/\/www.ifun.de\/apiv2\/wp\/v2\/users\/2"}],"replies":[{"embeddable":true,"href":"https:\/\/www.ifun.de\/apiv2\/wp\/v2\/comments?post=22510"}],"version-history":[{"count":2,"href":"https:\/\/www.ifun.de\/apiv2\/wp\/v2\/posts\/22510\/revisions"}],"predecessor-version":[{"id":22513,"href":"https:\/\/www.ifun.de\/apiv2\/wp\/v2\/posts\/22510\/revisions\/22513"}],"wp:featuredmedia":[{"embeddable":true,"href":"https:\/\/www.ifun.de\/apiv2\/wp\/v2\/media\/22511"}],"wp:attachment":[{"href":"https:\/\/www.ifun.de\/apiv2\/wp\/v2\/media?parent=22510"}],"wp:term":[{"taxonomy":"category","embeddable":true,"href":"https:\/\/www.ifun.de\/apiv2\/wp\/v2\/categories?post=22510"},{"taxonomy":"post_tag","embeddable":true,"href":"https:\/\/www.ifun.de\/apiv2\/wp\/v2\/tags?post=22510"}],"curies":[{"name":"wp","href":"https:\/\/api.w.org\/{rel}","templated":true}]}}