{"id":225029,"date":"2024-01-03T07:25:07","date_gmt":"2024-01-03T06:25:07","guid":{"rendered":"https:\/\/www.ifun.de\/?p=225029"},"modified":"2024-01-03T13:09:49","modified_gmt":"2024-01-03T12:09:49","slug":"apple-vision-pro-einstellungen-fuer-auge-und-hand","status":"publish","type":"post","link":"https:\/\/www.ifun.de\/apple-vision-pro-einstellungen-fuer-auge-und-hand-225029\/","title":{"rendered":"Apple Vision Pro: Einstellungen f\u00fcr Auge und Hand"},"content":{"rendered":"<p>Zwar gibt es weiterhin keinen offiziellen Verkaufstermin f\u00fcr Apples neue Datenbrille, die Entwicklungsumgebung f\u00fcr die Apple Vision Pro l\u00e4sst sich jedoch schon seit geraumer Zeit aus dem Netz laden und zur Vorbereitung eigener Applikationen nutzen.<\/p>\n<p><a href=\"https:\/\/images.ifun.de\/wp-content\/uploads\/2024\/01\/lichtsiegel.jpg\"><img loading=\"lazy\" decoding=\"async\" src=\"https:\/\/images.ifun.de\/wp-content\/uploads\/2024\/01\/lichtsiegel-500x422.jpg\" alt=\"Lichtsiegel\" width=\"500\" height=\"422\" class=\"aligncenter size-medium wp-image-225030\" srcset=\"https:\/\/images.ifun.de\/wp-content\/uploads\/2024\/01\/lichtsiegel-500x422.jpg 500w, https:\/\/images.ifun.de\/wp-content\/uploads\/2024\/01\/lichtsiegel-700x591.jpg 700w, https:\/\/images.ifun.de\/wp-content\/uploads\/2024\/01\/lichtsiegel-768x648.jpg 768w, https:\/\/images.ifun.de\/wp-content\/uploads\/2024\/01\/lichtsiegel.jpg 1388w\" sizes=\"auto, (max-width: 500px) 100vw, 500px\" \/><\/a><\/p>\n<h6>Das Lichtsiegel der Apple Vision Pro<\/h6>\n<p>Eben jener Entwicklungsumgebung haben wir mehrere kurze Videos zu verdanken, die im Laufe der vergangenen Wochen und Monate im Netz aufgetaucht sind und kurze Ersteindr\u00fccke von visionOS und der Benutzeroberfl\u00e4che der Datenbrille liefern.<\/p>\n<h2>Einstellungen f\u00fcr Auge und Hand<\/h2>\n<p>Ein j\u00fcngst ver\u00f6ffentlichter Clip zeigt den Einstellungsbereich, mit dem sich Einstellungen f\u00fcr Auge und Hand vornehmen lassen. Dort k\u00f6nnen Anwender die Anzeige so justieren, dass sie exakt auf ihre Pupillen ausgerichtet ist.<\/p>\n<p><center><\/p>\n<blockquote class=\"twitter-tweet\" data-media-max-width=\"700\">\n<p lang=\"en\" dir=\"ltr\">Here&#39;s the Eyes &amp; Hands Settings for Vision Pro<\/p>\n<p>Realign Displays with your pupils<br \/>&quot;Apple Vision Pro will guide you through aligning the displays with your pupils. You can adjust further for comfort.&quot;<\/p>\n<p>Enable Left Hand or Right Hand Input only<br \/>&quot;If tapping your thumb and a finger\u2026 <a href=\"https:\/\/t.co\/FOOVZDGDaz\">https:\/\/t.co\/FOOVZDGDaz<\/a> <a href=\"https:\/\/t.co\/RfiQGCylWN\">pic.twitter.com\/RfiQGCylWN<\/a><\/p>\n<p>&mdash; M1 (@M1Astra) <a href=\"https:\/\/twitter.com\/M1Astra\/status\/1739457519418802592?ref_src=twsrc%5Etfw\">December 26, 2023<\/a><\/p><\/blockquote>\n<p><\/center> <script async src=\"https:\/\/platform.twitter.com\/widgets.js\" charset=\"utf-8\"><\/script><\/p>\n<p>F\u00fcr Benutzer, die m\u00f6glicherweise nur eine Hand zur Bedienung einsetzen k\u00f6nnen, erm\u00f6glicht die Vision Pro eine spezifische Einstellung, um entweder nur die linke oder die rechte Hand f\u00fcr Eingaben zu aktivieren. Dies ist besonders n\u00fctzlich, wenn das Zusammenf\u00fchren von Daumen und Finger f\u00fcr eine der H\u00e4nde keine Option ist.<\/p>\n<p>Zudem f\u00fchrt Apple hier auch die so genannten &#8222;ZEISS Optical Inserts&#8220; an. Die Apple Vision Pro erkennt automatisch, wenn optische Eins\u00e4tze verwendet werden und passt die Einstellungen entsprechend an. Nutzer k\u00f6nnen die Seriennummer und die Verschreibung der Eins\u00e4tze einsehen, diese umbenennen und f\u00fcr die Optic ID einrichten.<\/p>\n<p><center><\/p>\n<blockquote class=\"twitter-tweet\" data-media-max-width=\"700\">\n<p lang=\"en\" dir=\"ltr\">This is how you&#39;ll pair your Optical Inserts with Apple Vision Pro<\/p>\n<p>When pairing new Optical Inserts, you&#39;ll need to re-enroll your eyes.<\/p>\n<p>Vision Pro will adjust the passthrough lighting, making it darker and brighter, while you complete the eye setup. <a href=\"https:\/\/t.co\/7FAUVpx5mq\">pic.twitter.com\/7FAUVpx5mq<\/a><\/p>\n<p>&mdash; M1 (@M1Astra) <a href=\"https:\/\/twitter.com\/M1Astra\/status\/1735141544972177913?ref_src=twsrc%5Etfw\">December 14, 2023<\/a><\/p><\/blockquote>\n<p><\/center> <script async src=\"https:\/\/platform.twitter.com\/widgets.js\" charset=\"utf-8\"><\/script><\/p>\n<h2>Kopfband, Passrad und Lichtsiegel<\/h2>\n<p>Um den Tragekomfort zu optimieren, bietet die Brille praktische Tipps zur Anpassung des Kopfbands, des Passrads und des Lichtsiegels, die in der Tipps-App von visionOS gefunden werden k\u00f6nnen. Wie diese Komponenten aussehen, zeigen erste Detail-Aufnahmen, die auf der Kurznachrichtenplattform X <a href=\"https:\/\/twitter.com\/M1Astra\/status\/1741942805830754738\">ver\u00f6ffentlicht wurden<\/a>.<\/p>\n<p><a href=\"https:\/\/images.ifun.de\/wp-content\/uploads\/2024\/01\/kopfband.jpg\"><img loading=\"lazy\" decoding=\"async\" src=\"https:\/\/images.ifun.de\/wp-content\/uploads\/2024\/01\/kopfband-700x617.jpg\" alt=\"Kopfband\" width=\"700\" height=\"617\" class=\"aligncenter size-large wp-image-225031\" srcset=\"https:\/\/images.ifun.de\/wp-content\/uploads\/2024\/01\/kopfband-700x617.jpg 700w, https:\/\/images.ifun.de\/wp-content\/uploads\/2024\/01\/kopfband-500x440.jpg 500w, https:\/\/images.ifun.de\/wp-content\/uploads\/2024\/01\/kopfband-768x676.jpg 768w, https:\/\/images.ifun.de\/wp-content\/uploads\/2024\/01\/kopfband.jpg 1200w\" sizes=\"auto, (max-width: 700px) 100vw, 700px\" \/><\/a><\/p>\n<h6>Das Kopfband der Apple Vision Pro<\/h6>\n<p>Sollten Nutzer das Bed\u00fcrfnis haben, die Einstellungen f\u00fcr Augen und H\u00e4nde zu \u00fcberarbeiten, ist dies jederzeit m\u00f6glich, indem die obere Taste der Vision Pro viermal gedr\u00fcckt wird.<\/p>\n<p><img loading=\"lazy\" decoding=\"async\" src=\"https:\/\/vg02.met.vgwort.de\/na\/b6dc147249fa43cb9395d4c3bf6c4226\" width=\"1\" height=\"1\" no-lazy class=\"tracking\"><\/p>\n","protected":false},"excerpt":{"rendered":"<a href=\"https:\/\/www.ifun.de\/apple-vision-pro-einstellungen-fuer-auge-und-hand-225029\/\"><img width=\"150\" height=\"150\" src=\"https:\/\/images.ifun.de\/wp-content\/uploads\/2024\/01\/apple-vision-pro-einstellungen-150x150.jpg\" class=\"alignright tfe wp-post-image\" alt=\"Apple Vision Pro Einstellungen\" decoding=\"async\" loading=\"lazy\" \/><\/a><p>Zwar gibt es weiterhin keinen offiziellen Verkaufstermin f\u00fcr Apples neue Datenbrille, die Entwicklungsumgebung f\u00fcr die Apple Vision Pro l\u00e4sst sich jedoch schon seit geraumer Zeit aus dem Netz laden und zur Vorbereitung eigener Applikationen nutzen. Das Lichtsiegel der Apple Vision Pro Eben jener Entwicklungsumgebung haben wir mehrere kurze Videos zu verdanken, die im Laufe der [&hellip;]<\/p>\n","protected":false},"author":1,"featured_media":225032,"comment_status":"open","ping_status":"closed","sticky":false,"template":"","format":"standard","meta":{"_acf_changed":false,"footnotes":""},"categories":[1],"tags":[6169,1287,31],"class_list":["post-225029","post","type-post","status-publish","format-standard","has-post-thumbnail","hentry","category-news","tag-apple-vision-pro","tag-einstellungen","tag-video"],"acf":[],"aioseo_notices":[],"featured_image":["https:\/\/images.ifun.de\/wp-content\/uploads\/2024\/01\/apple-vision-pro-einstellungen.jpg"],"subheadline":["Kopfband, Passrad und Lichtsiegel"],"rest_api_enabler":{"featured_image":"https:\/\/images.ifun.de\/wp-content\/uploads\/2024\/01\/apple-vision-pro-einstellungen.jpg","subheadline":"Kopfband, Passrad und Lichtsiegel"},"_links":{"self":[{"href":"https:\/\/www.ifun.de\/apiv2\/wp\/v2\/posts\/225029","targetHints":{"allow":["GET"]}}],"collection":[{"href":"https:\/\/www.ifun.de\/apiv2\/wp\/v2\/posts"}],"about":[{"href":"https:\/\/www.ifun.de\/apiv2\/wp\/v2\/types\/post"}],"author":[{"embeddable":true,"href":"https:\/\/www.ifun.de\/apiv2\/wp\/v2\/users\/1"}],"replies":[{"embeddable":true,"href":"https:\/\/www.ifun.de\/apiv2\/wp\/v2\/comments?post=225029"}],"version-history":[{"count":6,"href":"https:\/\/www.ifun.de\/apiv2\/wp\/v2\/posts\/225029\/revisions"}],"predecessor-version":[{"id":225063,"href":"https:\/\/www.ifun.de\/apiv2\/wp\/v2\/posts\/225029\/revisions\/225063"}],"wp:featuredmedia":[{"embeddable":true,"href":"https:\/\/www.ifun.de\/apiv2\/wp\/v2\/media\/225032"}],"wp:attachment":[{"href":"https:\/\/www.ifun.de\/apiv2\/wp\/v2\/media?parent=225029"}],"wp:term":[{"taxonomy":"category","embeddable":true,"href":"https:\/\/www.ifun.de\/apiv2\/wp\/v2\/categories?post=225029"},{"taxonomy":"post_tag","embeddable":true,"href":"https:\/\/www.ifun.de\/apiv2\/wp\/v2\/tags?post=225029"}],"curies":[{"name":"wp","href":"https:\/\/api.w.org\/{rel}","templated":true}]}}