{"id":224770,"date":"2023-12-27T11:37:45","date_gmt":"2023-12-27T10:37:45","guid":{"rendered":"https:\/\/www.ifun.de\/?p=224770"},"modified":"2023-12-27T11:38:19","modified_gmt":"2023-12-27T10:38:19","slug":"im-angebot-apple-zubehoer-wiso-steuer-und-photoshop","status":"publish","type":"post","link":"https:\/\/www.ifun.de\/im-angebot-apple-zubehoer-wiso-steuer-und-photoshop-224770\/","title":{"rendered":"Im Angebot: Apple-Zubeh\u00f6r, WISO Steuer und Photoshop"},"content":{"rendered":"<p>Der <a rel=\"noindex, nofollow\" href=\"http:\/\/www.ifun.de\/amzn\/B0CL7DZXB2\">Apple Pencil USB-C<\/a> ist erstmals mit nennenswertem Preisnachlass erh\u00e4ltlich. Amazon bietet den im Oktober vorgestellten iPad-Stift vor\u00fcbergehend f\u00fcr 83 Euro und damit 13 Prozent unter dem regul\u00e4ren Preis an. Bei Apple muss man f\u00fcr den Zeichenstift 95 Euro berappen.<\/p>\n<p><a href=\"https:\/\/images.ifun.de\/wp-content\/uploads\/2023\/10\/apple-pencil-kompatibilitaet.jpg\"><img loading=\"lazy\" decoding=\"async\" src=\"https:\/\/images.ifun.de\/wp-content\/uploads\/2023\/10\/apple-pencil-kompatibilitaet-500x346.jpg\" alt=\"Apple Pencil Kompatibilitaet\" width=\"500\" height=\"346\" class=\"alignnone size-medium wp-image-220647\" srcset=\"https:\/\/images.ifun.de\/wp-content\/uploads\/2023\/10\/apple-pencil-kompatibilitaet-500x346.jpg 500w, https:\/\/images.ifun.de\/wp-content\/uploads\/2023\/10\/apple-pencil-kompatibilitaet-700x484.jpg 700w, https:\/\/images.ifun.de\/wp-content\/uploads\/2023\/10\/apple-pencil-kompatibilitaet-768x531.jpg 768w, https:\/\/images.ifun.de\/wp-content\/uploads\/2023\/10\/apple-pencil-kompatibilitaet.jpg 1400w\" sizes=\"auto, (max-width: 500px) 100vw, 500px\" \/><\/a><\/p>\n<p>Die beiden anderen Versionen des Apple Pencil sind ja ohnehin dauerhaft g\u00fcnstiger zu haben. Hier bezahlt man aktuell 95 Euro f\u00fcr den <a rel=\"noindex, nofollow\" href=\"http:\/\/www.ifun.de\/amzn\/B0BJM63GQK\">Apple Pencil der ersten Generation<\/a> und 117,59 Euro f\u00fcr den <a rel=\"noindex, nofollow\" href=\"http:\/\/www.ifun.de\/amzn\/B07K2PK3BV\">Apple Pencil der zweiten Generation<\/a>. Welche Version des Zeichenstifts f\u00fcr euch die beste Wahl ist, h\u00e4ngt im Wesentlichen vom verwendeten iPad-Modell und zudem vom gew\u00fcnschten <a href=\"https:\/\/www.ifun.de\/apple-pencil-usb-c-laesst-sich-bestellen-221673\/\" title=\"Apple Pencil: Wer die Wahl hat, hat die Qual\">Funktionsumfang<\/a> ab.<\/p>\n<script>\r\n  function open_amazon(link) {\r\n    if (navigator.userAgent.indexOf(\"Firefox\") != -1) {\r\n      window.open(link, '_blank');\r\n    } else {\r\n      var tag = document.createElement('a');\r\n      tag.setAttribute('href', link);\r\n      tag.innerHTML = \"amzn\";\r\n      tag.click();\r\n    }\r\n  }\r\n<\/script>\r\n    <div id=\"article-single-amazon-preview\" onclick=\"return open_amazon('https:\/\/www.amazon.de\/dp\/B0CL7DZXB2?tag=musicweb02&linkCode=ogi&th=1&psc=1');\">\n  <div id=\"article-single-amazon-preview-header\">\n    <span class=\"title\">Produkthinweis<\/span>\n      <\/div>\n  <div id=\"article-single-amazon-preview-content\">\n    <div id=\"article-single-amazon-preview-img\" style=\"background: url('https:\/\/m.media-amazon.com\/images\/I\/11j0jCqcShL.jpg') center center no-repeat; background-size: cover;\"><\/div>\n    <div id=\"article-single-amazon-preview-desc\">\n      <span class=\"bezeichnung\"><a href=\"https:\/\/www.amazon.de\/dp\/B0CL7DZXB2?tag=musicweb02&linkCode=ogi&th=1&psc=1\" style=\"text-decoration: none; border-bottom: 0px; box-shadow: none;\">Apple Pencil (USB C): Pixelgenaue Pr\u00e4zision, Neigungssensitivit\u00e4t und branchenf\u00fchrende niedrige Latenz zum...<\/a><\/span>\n      <span class=\"preis--aktuell\">66,00 EUR<\/span>\n      <span class=\"preis--alt\">89,00 EUR<\/span>\n    <\/div>\n  <\/div>\n<\/div>\n<h2>Auch Kabel, Ladeger\u00e4te, Cases und Tastaturen von Apple g\u00fcnstiger<\/h2>\n<p>Der Sonderpreis f\u00fcr den Apple Pencil USB-C ist Teil der aktuellen <a href=\"https:\/\/amzn.to\/3vcPe1D\">Apple-Zubeh\u00f6r-Angebote bei Amazon<\/a>. Hier finden sich verschiedene Originalprodukte von Apple mit bis zu 31 Prozent Preisnachlass, darunter Ladeger\u00e4te, Kabel, H\u00fcllen f\u00fcr iPhone und iPad sowie auch Eingabeger\u00e4te wie das Magic Trackpad oder Apple-Tastaturen mit und ohne Touch ID.<\/p>\n<h2>WISO Steuer und Adobe Creative Cloud zum Aktionspreis<\/h2>\n<p>An aktuellen Software-Aktionen sind die Sonderpreise f\u00fcr <a rel=\"noindex, nofollow\" href=\"http:\/\/www.ifun.de\/amzn\/B0CKWZWYQ6\">WISO Steuer 2024<\/a> und die <a href=\"https:\/\/amzn.to\/3RW9GN7\">Creative-Cloud-Pakete von Adobe<\/a> zu erw\u00e4hnen.<\/p>\n<p>Bei <a rel=\"noindex, nofollow\" href=\"http:\/\/www.ifun.de\/amzn\/B0CKWZWYQ6\">WISO Steuer 2024<\/a> handelt es sich um die neueste Version der Buchhaltungs-Software, mit der sich die Steuererkl\u00e4rungen f\u00fcr 2023 verfassen lassen. Die App kostet aktuell mit 23,99 Euro fast die H\u00e4lfte des regul\u00e4ren Preises und kann auf dem Mac, PC oder auch auf Mobilger\u00e4ten verwendet werden.<\/p>\n<p>Im Rahmen der <a href=\"https:\/\/amzn.to\/3RW9GN7\">Creative-Cloud-Aktion von Adobe<\/a> kann man sich unter anderem g\u00fcnstige Jahreslizenzen f\u00fcr Photoshop und Lightroom sichern. Das Adobe Foto-Abo mit Photoshop, Lightroom und 20 GB Cloud-Speicherplatz wird f\u00fcr 87,99 Euro angeboten, die Jahreslizenz Adobe Lightroom gibt es mit 1 TB Speicherplatz zum Preis von 84,99 Euro.<img loading=\"lazy\" decoding=\"async\" src=\"https:\/\/vg09.met.vgwort.de\/na\/3041071c4cd04724a65bfaf103c99375\" width=\"1\" height=\"1\" no-lazy class=\"tracking\"><\/p>\n<script>\r\n  function open_amazon(link) {\r\n    if (navigator.userAgent.indexOf(\"Firefox\") != -1) {\r\n      window.open(link, '_blank');\r\n    } else {\r\n      var tag = document.createElement('a');\r\n      tag.setAttribute('href', link);\r\n      tag.innerHTML = \"amzn\";\r\n      tag.click();\r\n    }\r\n  }\r\n<\/script>\r\n    <div id=\"article-single-amazon-preview\" onclick=\"return open_amazon('https:\/\/www.amazon.de\/dp\/B0CKWZWYQ6?tag=musicweb02&linkCode=ogi&th=1&psc=1');\">\n  <div id=\"article-single-amazon-preview-header\">\n    <span class=\"title\">Produkthinweis<\/span>\n      <\/div>\n  <div id=\"article-single-amazon-preview-content\">\n    <div id=\"article-single-amazon-preview-img\" style=\"background: url('https:\/\/m.media-amazon.com\/images\/I\/41HHnWciNoL.jpg') center center no-repeat; background-size: cover;\"><\/div>\n    <div id=\"article-single-amazon-preview-desc\">\n      <span class=\"bezeichnung\"><a href=\"https:\/\/www.amazon.de\/dp\/B0CKWZWYQ6?tag=musicweb02&linkCode=ogi&th=1&psc=1\" style=\"text-decoration: none; border-bottom: 0px; box-shadow: none;\">WISO Steuer 2024 (f\u00fcr Steuerjahr 2023) F\u00fcr Windows, Mac, Smartphones und Tablets | Aktivierungscode per Email<\/a><\/span>\n      <span class=\"preis--aktuell\">25,99 EUR<\/span>\n      <span class=\"preis--alt\">44,99 EUR<\/span>\n    <\/div>\n  <\/div>\n<\/div>\n","protected":false},"excerpt":{"rendered":"<a href=\"https:\/\/www.ifun.de\/im-angebot-apple-zubehoer-wiso-steuer-und-photoshop-224770\/\"><img decoding=\"async\" width=\"150\" src=\"https:\/\/images.ifun.de\/wp-content\/uploads\/2023\/10\/apple-pencil-kompatibilitaet-500x346.jpg\" class=\"alignright wp-post-image tfe\" alt=\"Apple Pencil Kompatibilitaet\" title=\"\" \/><\/a><p>Der Apple Pencil USB-C ist erstmals mit nennenswertem Preisnachlass erh\u00e4ltlich. Amazon bietet den im Oktober vorgestellten iPad-Stift vor\u00fcbergehend f\u00fcr 83 Euro und damit 13 Prozent unter dem regul\u00e4ren Preis an. Bei Apple muss man f\u00fcr den Zeichenstift 95 Euro berappen. Die beiden anderen Versionen des Apple Pencil sind ja ohnehin dauerhaft g\u00fcnstiger zu haben. Hier [&hellip;]<\/p>\n","protected":false},"author":2,"featured_media":0,"comment_status":"open","ping_status":"closed","sticky":false,"template":"","format":"standard","meta":{"_acf_changed":false,"footnotes":""},"categories":[1],"tags":[],"class_list":["post-224770","post","type-post","status-publish","format-standard","hentry","category-news"],"acf":[],"aioseo_notices":[],"featured_image":["https:\/\/images.ifun.de\/wp-content\/uploads\/2023\/10\/apple-pencil-usb-c-feature.jpg"],"subheadline":["Apple Pencil USB-C erstmals g\u00fcnstiger"],"rest_api_enabler":{"featured_image":"https:\/\/images.ifun.de\/wp-content\/uploads\/2023\/10\/apple-pencil-usb-c-feature.jpg","subheadline":"Apple Pencil USB-C erstmals g\u00fcnstiger"},"_links":{"self":[{"href":"https:\/\/www.ifun.de\/apiv2\/wp\/v2\/posts\/224770","targetHints":{"allow":["GET"]}}],"collection":[{"href":"https:\/\/www.ifun.de\/apiv2\/wp\/v2\/posts"}],"about":[{"href":"https:\/\/www.ifun.de\/apiv2\/wp\/v2\/types\/post"}],"author":[{"embeddable":true,"href":"https:\/\/www.ifun.de\/apiv2\/wp\/v2\/users\/2"}],"replies":[{"embeddable":true,"href":"https:\/\/www.ifun.de\/apiv2\/wp\/v2\/comments?post=224770"}],"version-history":[{"count":6,"href":"https:\/\/www.ifun.de\/apiv2\/wp\/v2\/posts\/224770\/revisions"}],"predecessor-version":[{"id":224778,"href":"https:\/\/www.ifun.de\/apiv2\/wp\/v2\/posts\/224770\/revisions\/224778"}],"wp:attachment":[{"href":"https:\/\/www.ifun.de\/apiv2\/wp\/v2\/media?parent=224770"}],"wp:term":[{"taxonomy":"category","embeddable":true,"href":"https:\/\/www.ifun.de\/apiv2\/wp\/v2\/categories?post=224770"},{"taxonomy":"post_tag","embeddable":true,"href":"https:\/\/www.ifun.de\/apiv2\/wp\/v2\/tags?post=224770"}],"curies":[{"name":"wp","href":"https:\/\/api.w.org\/{rel}","templated":true}]}}