{"id":22442,"date":"2012-02-26T20:10:03","date_gmt":"2012-02-26T19:10:03","guid":{"rendered":"http:\/\/www.ifun.de\/?p=22442"},"modified":"2012-02-26T20:10:17","modified_gmt":"2012-02-26T19:10:17","slug":"kurz-abgehakt-geruchte-um-die-erste-ipad-lieferungen-aus-china-und-eine-neue-apple-tv-generation","status":"publish","type":"post","link":"https:\/\/www.ifun.de\/kurz-abgehakt-geruchte-um-die-erste-ipad-lieferungen-aus-china-und-eine-neue-apple-tv-generation-22442\/","title":{"rendered":"Kurz abgehakt: Ger\u00fcchte um die erste iPad-Lieferungen aus China und eine neue Apple-TV-Generation"},"content":{"rendered":"<ul>\n<li>Ein auf dem chinesischen Twitter-Pendant weibo ver\u00f6ffentlichtes Foto zeigt angeblich Frachtpapiere zu Charterfl\u00fcgen, mit denen die n\u00e4chste iPad-Generation bis Anfang M\u00e4rz in die USA geschafft werden soll. Aufgest\u00f6bert wurde das Bild vom asiatischen Apple-Blog <a href=\"http:\/\/translate.google.com\/translate?hl=en&#038;sl=&#038;tl=en&#038;u=http%3A%2F%2Fapple.pro%2Findex.php%3Fdo%3D%2Fblog%2F60%2Fipad3\u5df2\u7d93\u958b\u59cb\u904b\u9001\u5230\u52a0\u5ddeapple-hq%2F\">Apple.pro<\/a>, dem Artikel zufolge wurden f\u00fcr die betreffenden Frachtfl\u00fcge aussergew\u00f6hnlich hohe Sicherheitsvorkehrungen beantragt, die Transporte sollen bis zum 9. M\u00e4rz New York, Chicago und Los Angeles eintreffen.\n<p>Schwierig zu beurteilen, in wie weit an dieser Geschichte etwas dran sein k\u00f6nnte &#8211; wir \u00fcberlassen diese Entscheidung euch\u2026<\/li>\n<li>Wesentlich wahrscheinlicher scheinen uns da die zum Wochenende aufgetauchten <a href=\"http:\/\/9to5mac.com\/2012\/02\/25\/apple-media-event-whispers-ipad-3-shipments-already-en-route-to-u-s-possible-pre-orders-two-new-products\/\">Ger\u00fcchte<\/a> um die Vorstellung einer neuen Apple-TV-Generation zusammen mit dem iPad 3 Anfang M\u00e4rz. Wir haben ja bereits <a href=\"http:\/\/www.ifun.de\/ipad-3-mit-retina-bildschirm-und-telekom-lte-4g-22189\/\">vor zwei Wochen<\/a> entsprechende Erwartungen ge\u00e4u\u00dfert, ein Retina-Display beim iPad 3 m\u00fcsste konsequenterweise HD-Filme im iTunes Store und ein entsprechendes Update f\u00fcr die Apple Set-Top-Box nach sich ziehen. In 10 Tagen wissen wir vermutlich mehr.<\/li>\n<\/ul>\n","protected":false},"excerpt":{"rendered":"<p>Ein auf dem chinesischen Twitter-Pendant weibo ver\u00f6ffentlichtes Foto zeigt angeblich Frachtpapiere zu Charterfl\u00fcgen, mit denen die n\u00e4chste iPad-Generation bis Anfang M\u00e4rz in die USA geschafft werden soll. Aufgest\u00f6bert wurde das Bild vom asiatischen Apple-Blog Apple.pro, dem Artikel zufolge wurden f\u00fcr die betreffenden Frachtfl\u00fcge aussergew\u00f6hnlich hohe Sicherheitsvorkehrungen beantragt, die Transporte sollen bis zum 9. M\u00e4rz New [&hellip;]<\/p>\n","protected":false},"author":2,"featured_media":0,"comment_status":"open","ping_status":"closed","sticky":false,"template":"","format":"standard","meta":{"_acf_changed":false,"footnotes":""},"categories":[15],"tags":[26,3910,4740,6322],"class_list":["post-22442","post","type-post","status-publish","format-standard","hentry","category-kurznachrichten","tag-apple-tv","tag-geruechte","tag-ipad","tag-rumors"],"acf":[],"aioseo_notices":[],"rest_api_enabler":[],"_links":{"self":[{"href":"https:\/\/www.ifun.de\/apiv2\/wp\/v2\/posts\/22442","targetHints":{"allow":["GET"]}}],"collection":[{"href":"https:\/\/www.ifun.de\/apiv2\/wp\/v2\/posts"}],"about":[{"href":"https:\/\/www.ifun.de\/apiv2\/wp\/v2\/types\/post"}],"author":[{"embeddable":true,"href":"https:\/\/www.ifun.de\/apiv2\/wp\/v2\/users\/2"}],"replies":[{"embeddable":true,"href":"https:\/\/www.ifun.de\/apiv2\/wp\/v2\/comments?post=22442"}],"version-history":[{"count":3,"href":"https:\/\/www.ifun.de\/apiv2\/wp\/v2\/posts\/22442\/revisions"}],"predecessor-version":[{"id":22445,"href":"https:\/\/www.ifun.de\/apiv2\/wp\/v2\/posts\/22442\/revisions\/22445"}],"wp:attachment":[{"href":"https:\/\/www.ifun.de\/apiv2\/wp\/v2\/media?parent=22442"}],"wp:term":[{"taxonomy":"category","embeddable":true,"href":"https:\/\/www.ifun.de\/apiv2\/wp\/v2\/categories?post=22442"},{"taxonomy":"post_tag","embeddable":true,"href":"https:\/\/www.ifun.de\/apiv2\/wp\/v2\/tags?post=22442"}],"curies":[{"name":"wp","href":"https:\/\/api.w.org\/{rel}","templated":true}]}}