{"id":222336,"date":"2023-11-14T11:40:19","date_gmt":"2023-11-14T10:40:19","guid":{"rendered":"https:\/\/www.ifun.de\/?p=222336"},"modified":"2023-11-18T09:09:23","modified_gmt":"2023-11-18T08:09:23","slug":"erste-sammelklage-gegen-preiserhoehung-verbraucherzentrale-verklagt-vodafone","status":"publish","type":"post","link":"https:\/\/www.ifun.de\/erste-sammelklage-gegen-preiserhoehung-verbraucherzentrale-verklagt-vodafone-222336\/","title":{"rendered":"Sammelklage gegen Preiserh\u00f6hung: Verbraucherzentrale verklagt Vodafone"},"content":{"rendered":"<p>Der Verbraucherzentrale Bundesverband (vzbv) hat das neu eingef\u00fchrte Instrument der Sammelklage erstmals zur Anwendung gebracht und sich den D\u00fcsseldorfer Netzbetreiber Vodafone als Ziel f\u00fcr ein gro\u00df angelegtes Verfahren herausgesucht.<\/p>\n<h2>&#8222;Meilenstein f\u00fcr den Verbraucherschutz&#8220;<\/h2>\n<p>Grund f\u00fcr die Einleitung des Rechtsweges sind die aus Sicht des Verbraucherzentrale Bundesverbands unzul\u00e4ssigen Preiserh\u00f6hungen, die Vodafone in diesem Jahr sowohl bei Festnetz- als auch bei Internetkunden durchgesetzt hat. Nach Ansicht des vzbv wurden die Preisanpassungen ohne rechtliche Grundlage durchgef\u00fchrt, weshalb sich die Verbrauchersch\u00fctzer jetzt an das Oberlandesgericht Hamm gerichtet haben.<\/p>\n<ul>\n<li><strong>Pl\u00f6tzliche Preiserh\u00f6hungen:<\/strong> <a title=\"Pl\u00f6tzliche Preiserh\u00f6hungen: Auch Vodafone will 5 Euro mehr\" href=\"https:\/\/www.ifun.de\/ploetzliche-preiserhoehung-auch-vodafone-will-5-euro-mehr-212908\/\">Auch Vodafone will 5 Euro mehr<\/a><\/li>\n<li><strong>Vodafone-Preiserh\u00f6hung:<\/strong> <a title=\"Vodafone-Preiserh\u00f6hung: Verbraucherzentrale erw\u00e4gt Sammelklage\" href=\"https:\/\/www.ifun.de\/vodafone-preiserhoehung-verbraucherschuetzer-suchen-material-fuer-sammelklage-209166\/\">Verbraucherzentrale erw\u00e4gt Sammelklage<\/a><\/li>\n<\/ul>\n<p>Hier wurde eine so genannte Abhilfeklage eingereicht, der sich betroffene Vodafone-Kunden zuk\u00fcnftig einfach anschlie\u00dfen k\u00f6nnen. Mitmachen kann, wer \u00fcber laufende Vertr\u00e4ge mit der Vodafone GmbH, der Vodafone Deutschland GmbH oder der Vodafone West GmbH verf\u00fcgt.<\/p>\n<p>Im Erfolgsfall erhalten betroffene Kunden dann automatisch einen Schadensersatz oder entsprechende R\u00fcckerstattungen, ohne dass diese selbst vor Gericht ziehen m\u00fcssen, wie dies im Fall fr\u00fcherer Musterfeststellungsklagen noch gang und g\u00e4be war.<\/p>\n<p><a href=\"https:\/\/images.ifun.de\/wp-content\/uploads\/2023\/03\/vodafone-mail.jpg\"><img loading=\"lazy\" decoding=\"async\" class=\"alignnone size-large wp-image-205616\" src=\"https:\/\/images.ifun.de\/wp-content\/uploads\/2023\/03\/vodafone-mail-700x241.jpg\" alt=\"Vodafone Mail\" width=\"700\" height=\"241\" srcset=\"https:\/\/images.ifun.de\/wp-content\/uploads\/2023\/03\/vodafone-mail-700x241.jpg 700w, https:\/\/images.ifun.de\/wp-content\/uploads\/2023\/03\/vodafone-mail-500x172.jpg 500w, https:\/\/images.ifun.de\/wp-content\/uploads\/2023\/03\/vodafone-mail-768x264.jpg 768w, https:\/\/images.ifun.de\/wp-content\/uploads\/2023\/03\/vodafone-mail.jpg 1400w\" sizes=\"auto, (max-width: 700px) 100vw, 700px\" \/><\/a><\/p>\n<h6>Ein Vodafone-Kundenanschreiben vom M\u00e4rz<\/h6>\n<h2>Sonderseite f\u00fcr Betroffene<\/h2>\n<p>Die Verbraucherzentrale Bundesverband hat auf der Internetseite <a href=\"https:\/\/www.sammelklagen.de\/vodafone\">sammelklagen.de\/vodafone<\/a> eine Anlaufstelle f\u00fcr betroffene Vodafone-Kunden eingerichtet, die sich hier \u00fcber den Verlauf des Verfahrens informieren und eine Nachricht erhalten k\u00f6nnen, sobald der Eintrag ins Klageregister m\u00f6glich ist.<\/p>\n<p>Ramona Pop, Vorstand des Verbraucherzentrale Bundesverbands, erkl\u00e4rt die Hintergr\u00fcnde der Sammelklage gegen Vodafone, die der vzbv selbst als &#8222;Meilenstein f\u00fcr den Verbraucherschutz&#8220; bezeichnet, im <a href=\"https:\/\/www.youtube.com\/watch?v=MTX-qBsoigw\">eingebetteten YouTube-Video<\/a>.<\/p>\n<p>Die Sammelklage gilt als wichtige Weichenstellung im deutschen Verbraucherschutz, K\u00f6nnte das neue Verfahren doch zuk\u00fcnftig als Modell f\u00fcr \u00e4hnliche F\u00e4lle dienen.<\/p>\n<p><div class=\"responsive-video\"><iframe loading=\"lazy\" title=\"Sammelklage gegen Vodafone\" width=\"500\" height=\"281\" src=\"https:\/\/www.youtube-nocookie.com\/embed\/MTX-qBsoigw?feature=oembed\" frameborder=\"0\" allow=\"accelerometer; autoplay; clipboard-write; encrypted-media; gyroscope; picture-in-picture; web-share\" referrerpolicy=\"strict-origin-when-cross-origin\" allowfullscreen><\/iframe><\/div><\/p>\n<p><img loading=\"lazy\" decoding=\"async\" src=\"https:\/\/vg04.met.vgwort.de\/na\/65940b96462445f7b25e624e23c555fe\" width=\"1\" height=\"1\" no-lazy class=\"tracking\"><\/p>\n","protected":false},"excerpt":{"rendered":"<a href=\"https:\/\/www.ifun.de\/erste-sammelklage-gegen-preiserhoehung-verbraucherzentrale-verklagt-vodafone-222336\/\"><img decoding=\"async\" width=\"150\" src=\"https:\/\/images.ifun.de\/wp-content\/uploads\/2023\/03\/vodafone-mail-700x241.jpg\" class=\"alignright wp-post-image tfe\" alt=\"Vodafone Mail\" title=\"\" \/><\/a><p>Der Verbraucherzentrale Bundesverband (vzbv) hat das neu eingef\u00fchrte Instrument der Sammelklage erstmals zur Anwendung gebracht und sich den D\u00fcsseldorfer Netzbetreiber Vodafone als Ziel f\u00fcr ein gro\u00df angelegtes Verfahren herausgesucht. &#8222;Meilenstein f\u00fcr den Verbraucherschutz&#8220; Grund f\u00fcr die Einleitung des Rechtsweges sind die aus Sicht des Verbraucherzentrale Bundesverbands unzul\u00e4ssigen Preiserh\u00f6hungen, die Vodafone in diesem Jahr sowohl bei [&hellip;]<\/p>\n","protected":false},"author":1,"featured_media":0,"comment_status":"open","ping_status":"closed","sticky":false,"template":"","format":"standard","meta":{"_acf_changed":false,"footnotes":""},"categories":[1,1783],"tags":[553,4345,1022,1023,541,5398],"class_list":["post-222336","post","type-post","status-publish","format-standard","hentry","category-news","category-feature","tag-recht","tag-sammelklage","tag-tarif","tag-vertrag","tag-vodafone","tag-vzbv"],"acf":[],"aioseo_notices":[],"featured_image":["https:\/\/images.ifun.de\/wp-content\/uploads\/2023\/03\/vodafone-feature.jpg"],"subheadline":["Kunden k\u00f6nnen mitklagen"],"rest_api_enabler":{"featured_image":"https:\/\/images.ifun.de\/wp-content\/uploads\/2023\/03\/vodafone-feature.jpg","subheadline":"Kunden k\u00f6nnen mitklagen"},"_links":{"self":[{"href":"https:\/\/www.ifun.de\/apiv2\/wp\/v2\/posts\/222336","targetHints":{"allow":["GET"]}}],"collection":[{"href":"https:\/\/www.ifun.de\/apiv2\/wp\/v2\/posts"}],"about":[{"href":"https:\/\/www.ifun.de\/apiv2\/wp\/v2\/types\/post"}],"author":[{"embeddable":true,"href":"https:\/\/www.ifun.de\/apiv2\/wp\/v2\/users\/1"}],"replies":[{"embeddable":true,"href":"https:\/\/www.ifun.de\/apiv2\/wp\/v2\/comments?post=222336"}],"version-history":[{"count":3,"href":"https:\/\/www.ifun.de\/apiv2\/wp\/v2\/posts\/222336\/revisions"}],"predecessor-version":[{"id":222357,"href":"https:\/\/www.ifun.de\/apiv2\/wp\/v2\/posts\/222336\/revisions\/222357"}],"wp:attachment":[{"href":"https:\/\/www.ifun.de\/apiv2\/wp\/v2\/media?parent=222336"}],"wp:term":[{"taxonomy":"category","embeddable":true,"href":"https:\/\/www.ifun.de\/apiv2\/wp\/v2\/categories?post=222336"},{"taxonomy":"post_tag","embeddable":true,"href":"https:\/\/www.ifun.de\/apiv2\/wp\/v2\/tags?post=222336"}],"curies":[{"name":"wp","href":"https:\/\/api.w.org\/{rel}","templated":true}]}}