{"id":222276,"date":"2023-11-13T15:00:17","date_gmt":"2023-11-13T14:00:17","guid":{"rendered":"https:\/\/www.ifun.de\/?p=222276"},"modified":"2023-11-13T15:00:58","modified_gmt":"2023-11-13T14:00:58","slug":"mit-apple-m3-neues-macbook-pro-und-imac-2023-bereits-guenstiger","status":"publish","type":"post","link":"https:\/\/www.ifun.de\/mit-apple-m3-neues-macbook-pro-und-imac-2023-bereits-guenstiger-222276\/","title":{"rendered":"Mit Apple M3: Neues MacBook Pro und iMac 2023 bereits g\u00fcnstiger"},"content":{"rendered":"<p>Nur zwei Wochen, nachdem Apple seine neuen M3-Prozessoren und die mit eben jenen, ultra-schnellen Chips ausgestatteten Macs vorgestellt hat, lassen sich die ersten Modelle bereits g\u00fcnstiger ordern.<\/p>\n<p><a href=\"https:\/\/images.ifun.de\/wp-content\/uploads\/2023\/11\/imac-2023.jpg\"><img loading=\"lazy\" decoding=\"async\" class=\"aligncenter size-medium wp-image-222277\" src=\"https:\/\/images.ifun.de\/wp-content\/uploads\/2023\/11\/imac-2023-500x495.jpg\" alt=\"Imac 2023\" width=\"500\" height=\"495\" srcset=\"https:\/\/images.ifun.de\/wp-content\/uploads\/2023\/11\/imac-2023-500x495.jpg 500w, https:\/\/images.ifun.de\/wp-content\/uploads\/2023\/11\/imac-2023-700x693.jpg 700w, https:\/\/images.ifun.de\/wp-content\/uploads\/2023\/11\/imac-2023-150x150.jpg 150w, https:\/\/images.ifun.de\/wp-content\/uploads\/2023\/11\/imac-2023-768x760.jpg 768w, https:\/\/images.ifun.de\/wp-content\/uploads\/2023\/11\/imac-2023.jpg 1500w\" sizes=\"auto, (max-width: 500px) 100vw, 500px\" \/><\/a><\/p>\n<p>Im <a rel=\"noindex, nofollow\" href=\"https:\/\/www.amazon.de\/stores\/page\/4A851D44-F9AE-4799-82F6-371B420ED3A3?ingress=0&amp;visitId=746cd156-7548-48b7-b5f1-7cf46d949b65&amp;lp_slot=auto-sparkle-hsa-tetris&amp;store_ref=SB_A083709625KV723E6YU97&amp;linkCode=ll2&amp;tag=musicweb02&amp;linkId=f0aa0fb66ebf1a12fcd30de0aa4af1a8&amp;language=de_DE&amp;ref_=as_li_ss_tl\">offiziellen Apple-Bereich<\/a> des Onlineh\u00e4ndlers Amazon scheinen dabei nicht nur die Ausstattungsvarianten, sondern auch die ausgew\u00e4hlte Farbe ausschlaggebend zu sein, ob das gew\u00e4hlte Modell bereits in einer preisreduzierten Variante erh\u00e4ltlich ist.<\/p>\n<h2>MacBook Pro ab 1.889 Euro<\/h2>\n<p>Die etwas kleinere 14,2-Zoll-Variante des MacBook Pro mit M3-Chip und 512 GB Speicher wird etwa bereits f\u00fcr 1.889 Euro angeboten. Ein Preis, der sechs Prozent beziehungsweise 110 Euro unter Apples offizieller Preisempfehlung liegt.<\/p>\n<p>Dies gilt allerdings nur f\u00fcr die Variante in Space-Grau. F\u00fcr das Modell in Silber wird nach wie vor die unverbindliche Preisempfehlung f\u00e4llig. Auch das Modell in Schwarz ist in beiden Varianten nur zum Listenpreis zu haben.<\/p>\n<script>\r\n  function open_amazon(link) {\r\n    if (navigator.userAgent.indexOf(\"Firefox\") != -1) {\r\n      window.open(link, '_blank');\r\n    } else {\r\n      var tag = document.createElement('a');\r\n      tag.setAttribute('href', link);\r\n      tag.innerHTML = \"amzn\";\r\n      tag.click();\r\n    }\r\n  }\r\n<\/script>\r\n    <div id=\"article-single-amazon-preview\" onclick=\"return open_amazon('https:\/\/www.amazon.de\/dp\/B0CM5Z5XVW?tag=musicweb02&linkCode=ogi&th=1&psc=1');\">\n  <div id=\"article-single-amazon-preview-header\">\n    <span class=\"title\">Produkthinweis<\/span>\n      <\/div>\n  <div id=\"article-single-amazon-preview-content\">\n    <div id=\"article-single-amazon-preview-img\" style=\"background: url('https:\/\/m.media-amazon.com\/images\/I\/31LWQJOcSGL.jpg') center center no-repeat; background-size: cover;\"><\/div>\n    <div id=\"article-single-amazon-preview-desc\">\n      <span class=\"bezeichnung\"><a href=\"https:\/\/www.amazon.de\/dp\/B0CM5Z5XVW?tag=musicweb02&linkCode=ogi&th=1&psc=1\" style=\"text-decoration: none; border-bottom: 0px; box-shadow: none;\">Apple 2023 MacBook Pro Laptop M3 Chip mit 8\u2011Core CPU, 10\u2011Core GPU: 14,2\" Liquid Retina XDR Display, 8 GB gemeinsamer...<\/a><\/span>\n      <span class=\"preis--aktuell\">1.889 EUR<\/span>\n      <span class=\"preis--alt\"><\/span>\n    <\/div>\n  <\/div>\n<\/div>\n<p><div class=\"responsive-video\"><iframe loading=\"lazy\" title=\"The new MacBook Pro | Apple\" width=\"500\" height=\"281\" src=\"https:\/\/www.youtube-nocookie.com\/embed\/0pg_Y41waaE?feature=oembed\" frameborder=\"0\" allow=\"accelerometer; autoplay; clipboard-write; encrypted-media; gyroscope; picture-in-picture; web-share\" referrerpolicy=\"strict-origin-when-cross-origin\" allowfullscreen><\/iframe><\/div><\/p>\n<h2>iMac ab 1.779 Euro<\/h2>\n<p>Auch Apples All-in-One-Desktop-Rechner, der neue iMac 2023 mit M3-Chip, freut sich \u00fcber eine erste Preisreduzierung. Statt 1.829 Euro kostet das Einsteigermodell mit 256 GB Speicher nur noch 1.779 Euro. Ein Preisnachlass von 3 Prozent beziehungsweise 50 Euro.<\/p>\n<p>Laut Amazon sind die Rechner alle mehr oder weniger umgehend verf\u00fcgbar. Die Lieferzeit bei den iMac-Modellen betr\u00e4gt momentan vier Tage.<\/p>\n<script>\r\n  function open_amazon(link) {\r\n    if (navigator.userAgent.indexOf(\"Firefox\") != -1) {\r\n      window.open(link, '_blank');\r\n    } else {\r\n      var tag = document.createElement('a');\r\n      tag.setAttribute('href', link);\r\n      tag.innerHTML = \"amzn\";\r\n      tag.click();\r\n    }\r\n  }\r\n<\/script>\r\n    <div id=\"article-single-amazon-preview\" onclick=\"return open_amazon('https:\/\/www.amazon.de\/dp\/B0CM63FM3Y?tag=musicweb02&linkCode=ogi&th=1&psc=1');\">\n  <div id=\"article-single-amazon-preview-header\">\n    <span class=\"title\">Produkthinweis<\/span>\n      <\/div>\n  <div id=\"article-single-amazon-preview-content\">\n    <div id=\"article-single-amazon-preview-img\" style=\"background: url('https:\/\/m.media-amazon.com\/images\/I\/31ieP63O5KL.jpg') center center no-repeat; background-size: cover;\"><\/div>\n    <div id=\"article-single-amazon-preview-desc\">\n      <span class=\"bezeichnung\"><a href=\"https:\/\/www.amazon.de\/dp\/B0CM63FM3Y?tag=musicweb02&linkCode=ogi&th=1&psc=1\" style=\"text-decoration: none; border-bottom: 0px; box-shadow: none;\">Apple 2023 iMac All-in-One Desktop-Computer mit M3 Chip: 8-Core CPU, 10-Core GPU, 24\" 4.5K Retina Display, 8 GB...<\/a><\/span>\n      <span class=\"preis--aktuell\">1.779 EUR<\/span>\n      <span class=\"preis--alt\"><\/span>\n    <\/div>\n  <\/div>\n<\/div>\n<h2>Zus\u00e4tzliche Konfiguration nicht m\u00f6glich<\/h2>\n<p>Bei Amazon falsch aufgehoben ist, wer zus\u00e4tzliche Hardwarekonfigurationen am gew\u00e4hlten Modell vornehmen m\u00f6chte. Hier muss dann zwangsl\u00e4ufig direkt bei Apple bestellt, beziehungsweise der Einkauf \u00fcber offiziell autorisierte Reseller in Angriff genommen werden. Wer mit dem Basismodell jedoch zufrieden ist, kann die gesparten 100 Euro hier direkt in zus\u00e4tzliches Zubeh\u00f6r investieren.<\/p>\n<p><img loading=\"lazy\" decoding=\"async\" src=\"https:\/\/vg04.met.vgwort.de\/na\/69708d6c216d47eb9a3510332849d988\" width=\"1\" height=\"1\" no-lazy class=\"tracking\"><\/p>\n","protected":false},"excerpt":{"rendered":"<a href=\"https:\/\/www.ifun.de\/mit-apple-m3-neues-macbook-pro-und-imac-2023-bereits-guenstiger-222276\/\"><img width=\"150\" height=\"150\" src=\"https:\/\/images.ifun.de\/wp-content\/uploads\/2023\/11\/imac-2023-150x150.jpg\" class=\"alignright tfe wp-post-image\" alt=\"Imac 2023\" decoding=\"async\" loading=\"lazy\" srcset=\"https:\/\/images.ifun.de\/wp-content\/uploads\/2023\/11\/imac-2023-150x150.jpg 150w, https:\/\/images.ifun.de\/wp-content\/uploads\/2023\/11\/imac-2023-500x495.jpg 500w, https:\/\/images.ifun.de\/wp-content\/uploads\/2023\/11\/imac-2023-700x693.jpg 700w, https:\/\/images.ifun.de\/wp-content\/uploads\/2023\/11\/imac-2023.jpg 1500w\" sizes=\"auto, (max-width: 150px) 100vw, 150px\" \/><\/a><p>Nur zwei Wochen, nachdem Apple seine neuen M3-Prozessoren und die mit eben jenen, ultra-schnellen Chips ausgestatteten Macs vorgestellt hat, lassen sich die ersten Modelle bereits g\u00fcnstiger ordern. Im offiziellen Apple-Bereich des Onlineh\u00e4ndlers Amazon scheinen dabei nicht nur die Ausstattungsvarianten, sondern auch die ausgew\u00e4hlte Farbe ausschlaggebend zu sein, ob das gew\u00e4hlte Modell bereits in einer preisreduzierten [&hellip;]<\/p>\n","protected":false},"author":1,"featured_media":222277,"comment_status":"open","ping_status":"closed","sticky":false,"template":"","format":"standard","meta":{"_acf_changed":false,"footnotes":""},"categories":[3],"tags":[53,4736,393,224],"class_list":["post-222276","post","type-post","status-publish","format-standard","has-post-thumbnail","hentry","category-apple","tag-amazon","tag-apple","tag-imac","tag-macbook-pro"],"acf":[],"aioseo_notices":[],"featured_image":["https:\/\/images.ifun.de\/wp-content\/uploads\/2023\/10\/macbook-pro-feature-1.jpg"],"subheadline":["Nur zwei Wochen nach der Vorstellung"],"rest_api_enabler":{"featured_image":"https:\/\/images.ifun.de\/wp-content\/uploads\/2023\/10\/macbook-pro-feature-1.jpg","subheadline":"Nur zwei Wochen nach der Vorstellung"},"_links":{"self":[{"href":"https:\/\/www.ifun.de\/apiv2\/wp\/v2\/posts\/222276","targetHints":{"allow":["GET"]}}],"collection":[{"href":"https:\/\/www.ifun.de\/apiv2\/wp\/v2\/posts"}],"about":[{"href":"https:\/\/www.ifun.de\/apiv2\/wp\/v2\/types\/post"}],"author":[{"embeddable":true,"href":"https:\/\/www.ifun.de\/apiv2\/wp\/v2\/users\/1"}],"replies":[{"embeddable":true,"href":"https:\/\/www.ifun.de\/apiv2\/wp\/v2\/comments?post=222276"}],"version-history":[{"count":3,"href":"https:\/\/www.ifun.de\/apiv2\/wp\/v2\/posts\/222276\/revisions"}],"predecessor-version":[{"id":222283,"href":"https:\/\/www.ifun.de\/apiv2\/wp\/v2\/posts\/222276\/revisions\/222283"}],"wp:featuredmedia":[{"embeddable":true,"href":"https:\/\/www.ifun.de\/apiv2\/wp\/v2\/media\/222277"}],"wp:attachment":[{"href":"https:\/\/www.ifun.de\/apiv2\/wp\/v2\/media?parent=222276"}],"wp:term":[{"taxonomy":"category","embeddable":true,"href":"https:\/\/www.ifun.de\/apiv2\/wp\/v2\/categories?post=222276"},{"taxonomy":"post_tag","embeddable":true,"href":"https:\/\/www.ifun.de\/apiv2\/wp\/v2\/tags?post=222276"}],"curies":[{"name":"wp","href":"https:\/\/api.w.org\/{rel}","templated":true}]}}