{"id":222173,"date":"2023-11-10T14:45:56","date_gmt":"2023-11-10T13:45:56","guid":{"rendered":"https:\/\/www.ifun.de\/?p=222173"},"modified":"2023-11-10T14:45:56","modified_gmt":"2023-11-10T13:45:56","slug":"deutsche-post-portoerhoehung-fuer-buecher-und-warensendungen","status":"publish","type":"post","link":"https:\/\/www.ifun.de\/deutsche-post-portoerhoehung-fuer-buecher-und-warensendungen-222173\/","title":{"rendered":"Deutsche Post: Portoerh\u00f6hung f\u00fcr B\u00fccher- und Warensendungen"},"content":{"rendered":"<p>Zu Beginn des kommenden Jahres wird die Deutsche Post die Portopreise in zwei Kategorien anheben, die vor allem diejenigen interessieren d\u00fcrften, die h\u00e4ufiger Warensendungen in Auftrag geben und solche, die regelm\u00e4\u00dfig von der g\u00fcnstigen Sonderbehandlung des Buchversands profitieren.<\/p>\n<p><a href=\"https:\/\/images.ifun.de\/wp-content\/uploads\/2019\/12\/dhl-mann-porto.jpg\"><img loading=\"lazy\" decoding=\"async\" class=\"aligncenter size-medium wp-image-147609\" src=\"https:\/\/images.ifun.de\/wp-content\/uploads\/2019\/12\/dhl-mann-porto-500x281.jpg\" alt=\"Dhl Mann Porto\" width=\"500\" height=\"281\" srcset=\"https:\/\/images.ifun.de\/wp-content\/uploads\/2019\/12\/dhl-mann-porto-500x281.jpg 500w, https:\/\/images.ifun.de\/wp-content\/uploads\/2019\/12\/dhl-mann-porto-700x394.jpg 700w, https:\/\/images.ifun.de\/wp-content\/uploads\/2019\/12\/dhl-mann-porto-768x432.jpg 768w, https:\/\/images.ifun.de\/wp-content\/uploads\/2019\/12\/dhl-mann-porto-1536x864.jpg 1536w, https:\/\/images.ifun.de\/wp-content\/uploads\/2019\/12\/dhl-mann-porto.jpg 1592w\" sizes=\"auto, (max-width: 500px) 100vw, 500px\" \/><\/a><\/p>\n<h2><\/h2>\n<h2>Portoerh\u00f6hung zum 1.1.2024<\/h2>\n<p>Beide Porto-Kategorien sollen zum 1.1.2024 im Preis angehoben werden &#8211; dies gilt sowohl f\u00fcr das Produkt &#8222;B\u00fccher- und Warensendung 500&#8220;, welches Inhalte mit einem Gewicht von bis zu 500 g bef\u00f6rdert, als auch f\u00fcr das Produkt B\u00fccher- und Warensendung 1000, bei dem bis zu einem Kilogramm in einer Sendung verschickt werden d\u00fcrfen.<\/p>\n<p>Bislang verlangt die Post f\u00fcr Sendungen mit den maximalen Ma\u00dfen von 35,3 cm (L\u00e4nge), 25 cm (Breite) und 5 cm (H\u00f6he) die folgenden beiden Portos\u00e4tze:<\/p>\n<p><strong>Aktuell:<\/strong><\/p>\n<ul>\n<li>B\u00fccher- und Warensendung 500: 1,95 Euro<\/li>\n<li>B\u00fccher- und Warensendung 1000: 2,25 Euro<\/li>\n<\/ul>\n<p><a href=\"https:\/\/www.deutschepost.de\/de\/w\/buecherundwarensendung.html\">Zum 1. Januar<\/a> werden beide Produkte jeweils um 0,30 Euro angehoben, was die B\u00fccher- und Warensendung 500 erstmals \u00fcber die Zwei-Euro-Grenze hebt. Die Preise betragen ab dem kommenden Jahr dann:<\/p>\n<p><strong>Ab 1. Januar 2024:<\/strong><\/p>\n<ul>\n<li>B\u00fccher- und Warensendung 500: 2,25 Euro<\/li>\n<li>B\u00fccher- und Warensendung 1000: 2,55 Euro<\/li>\n<\/ul>\n<h2>Tarifabschluss und Inflation schuld<\/h2>\n<p>Die Deutsche Post begr\u00fcndet die Preissteigerungen mit der Notwendigkeit, die Einnahmen zu erh\u00f6hen, um so auf den Tarifabschluss vom M\u00e4rz des laufenden Jahres und den massiven Einfluss der starken Inflation reagieren zu k\u00f6nnen.<\/p>\n<p>B\u00fccher- und Warensendungen weisen eine regul\u00e4re Laufzeit von vier Werktagen auf und sind g\u00fcnstiger als herk\u00f6mmliche P\u00e4ckchen. Daf\u00fcr besteht die Post auf ein einheitliches Sendungsformat, zudem d\u00fcrfen neben Rechnungen und Lieferscheinen keine &#8222;brieflichen Mitteilungen&#8220; versandt werden. Seitens der Post wird bez\u00fcglich der Inhalte f\u00fcr B\u00fccher- und Warensendungen ausgef\u00fchrt:<\/p>\n<blockquote><p>Sie k\u00f6nnen Warenproben, Muster oder Gegenst\u00e4nde aller Art verschicken, die ihrer Natur nach als Ware anzusehen sind. So sind die unterschiedlichsten Dinge wie beispielsweise B\u00fccher, Ersatzteile, elektronische Ger\u00e4te, Handyzubeh\u00f6r, Datentr\u00e4ger, Textilien und Haushaltswaren kosteng\u00fcnstig versandf\u00e4hig. Briefliche Mitteilungen sind jedoch als B\u00fccher- und Warensendung nicht erlaubt. Eine Rechnung oder ein Lieferschein und andere warenbegleitende Unterlagen k\u00f6nnen der Ware beigef\u00fcgt werden.<\/p><\/blockquote>\n<p><h8>Mit Dank an Mario!<\/h8><\/p>\n<p><img loading=\"lazy\" decoding=\"async\" src=\"https:\/\/vg04.met.vgwort.de\/na\/2c5c527f0ff2428ab9553bc2d650dac1\" width=\"1\" height=\"1\" no-lazy class=\"tracking\"><\/p>\n","protected":false},"excerpt":{"rendered":"<a href=\"https:\/\/www.ifun.de\/deutsche-post-portoerhoehung-fuer-buecher-und-warensendungen-222173\/\"><img width=\"150\" height=\"150\" src=\"https:\/\/images.ifun.de\/wp-content\/uploads\/2023\/11\/post-dhl-porto-150x150.jpg\" class=\"alignright tfe wp-post-image\" alt=\"Post Dhl Porto\" decoding=\"async\" loading=\"lazy\" \/><\/a><p>Zu Beginn des kommenden Jahres wird die Deutsche Post die Portopreise in zwei Kategorien anheben, die vor allem diejenigen interessieren d\u00fcrften, die h\u00e4ufiger Warensendungen in Auftrag geben und solche, die regelm\u00e4\u00dfig von der g\u00fcnstigen Sonderbehandlung des Buchversands profitieren. Portoerh\u00f6hung zum 1.1.2024 Beide Porto-Kategorien sollen zum 1.1.2024 im Preis angehoben werden &#8211; dies gilt sowohl f\u00fcr [&hellip;]<\/p>\n","protected":false},"author":1,"featured_media":222174,"comment_status":"open","ping_status":"closed","sticky":false,"template":"","format":"standard","meta":{"_acf_changed":false,"footnotes":""},"categories":[1],"tags":[1655,4762,1828],"class_list":["post-222173","post","type-post","status-publish","format-standard","has-post-thumbnail","hentry","category-news","tag-dhl","tag-porto","tag-post"],"acf":[],"aioseo_notices":[],"featured_image":["https:\/\/images.ifun.de\/wp-content\/uploads\/2023\/11\/post-dhl-porto.jpg"],"subheadline":["Tarifabschluss und Inflation schuld"],"rest_api_enabler":{"featured_image":"https:\/\/images.ifun.de\/wp-content\/uploads\/2023\/11\/post-dhl-porto.jpg","subheadline":"Tarifabschluss und Inflation schuld"},"_links":{"self":[{"href":"https:\/\/www.ifun.de\/apiv2\/wp\/v2\/posts\/222173","targetHints":{"allow":["GET"]}}],"collection":[{"href":"https:\/\/www.ifun.de\/apiv2\/wp\/v2\/posts"}],"about":[{"href":"https:\/\/www.ifun.de\/apiv2\/wp\/v2\/types\/post"}],"author":[{"embeddable":true,"href":"https:\/\/www.ifun.de\/apiv2\/wp\/v2\/users\/1"}],"replies":[{"embeddable":true,"href":"https:\/\/www.ifun.de\/apiv2\/wp\/v2\/comments?post=222173"}],"version-history":[{"count":1,"href":"https:\/\/www.ifun.de\/apiv2\/wp\/v2\/posts\/222173\/revisions"}],"predecessor-version":[{"id":222176,"href":"https:\/\/www.ifun.de\/apiv2\/wp\/v2\/posts\/222173\/revisions\/222176"}],"wp:featuredmedia":[{"embeddable":true,"href":"https:\/\/www.ifun.de\/apiv2\/wp\/v2\/media\/222174"}],"wp:attachment":[{"href":"https:\/\/www.ifun.de\/apiv2\/wp\/v2\/media?parent=222173"}],"wp:term":[{"taxonomy":"category","embeddable":true,"href":"https:\/\/www.ifun.de\/apiv2\/wp\/v2\/categories?post=222173"},{"taxonomy":"post_tag","embeddable":true,"href":"https:\/\/www.ifun.de\/apiv2\/wp\/v2\/tags?post=222173"}],"curies":[{"name":"wp","href":"https:\/\/api.w.org\/{rel}","templated":true}]}}