{"id":222115,"date":"2023-11-09T16:55:05","date_gmt":"2023-11-09T15:55:05","guid":{"rendered":"https:\/\/www.ifun.de\/?p=222115"},"modified":"2023-11-15T09:10:19","modified_gmt":"2023-11-15T08:10:19","slug":"apple-vision-pro-3d-filme-landen-in-apples-regalen","status":"publish","type":"post","link":"https:\/\/www.ifun.de\/apple-vision-pro-3d-filme-landen-in-apples-regalen-222115\/","title":{"rendered":"Apple Vision Pro: 3D-Filme landen in Apples Regalen"},"content":{"rendered":"<p>Wenn die Datenbrille Apple Vision Pro im kommenden Jahr in den Vereinigten Staaten in den Verkauf geht, dann d\u00fcrfte der Konsum von Videos h\u00f6chstwahrscheinlich zu den popul\u00e4rsten Einsatzgebieten des neuen Mixed-Reality-Headsets z\u00e4hlen.<\/p>\n<p><a href=\"https:\/\/images.ifun.de\/wp-content\/uploads\/2023\/11\/3d-video.jpg\"><img loading=\"lazy\" decoding=\"async\" class=\"aligncenter size-medium wp-image-222118\" src=\"https:\/\/images.ifun.de\/wp-content\/uploads\/2023\/11\/3d-video-500x239.jpg\" alt=\"3d Video\" width=\"500\" height=\"239\" srcset=\"https:\/\/images.ifun.de\/wp-content\/uploads\/2023\/11\/3d-video-500x239.jpg 500w, https:\/\/images.ifun.de\/wp-content\/uploads\/2023\/11\/3d-video.jpg 645w\" sizes=\"auto, (max-width: 500px) 100vw, 500px\" \/><\/a><\/p>\n<h6>Neues Format-Symbol f\u00fcr 3D-Inhalte<\/h6>\n<p>Zwar l\u00e4sst sich der Kinoabend dann leider nur einzeln erleben, daf\u00fcr aber mit einer nahezu beliebig gro\u00dfen, virtuellen Leinwand, die frei im Sichtfeld platziert werden kann. Zudem wird die Apple Vision Pro auch in der Lage sein, 3D-Filme wiederzugeben.<\/p>\n<h2>3D- und Spatial-Video<\/h2>\n<p>Was im Kino schon wieder an Zugkraft verloren hat, k\u00f6nnte auf der Datenbrille aus Cupertino dann eine wahre Renaissance erleben. Nicht zuletzt, da auch Apple selbst an 3D-Filmen mit &#8222;Spatial-Video&#8220; arbeiten soll. Einer der Kandidaten hier ist die <a href=\"https:\/\/www.ifun.de\/monarch-neue-godzilla-serie-schon-bald-bei-apple-tv-216490\/\">bereits angek\u00fcndigte<\/a> Godzilla-Serie &#8222;Monarch: Legacy of Monsters&#8220;.<\/p>\n<p>Wie es dem Video- und TV-Portal FlatpanelsHD nun <a href=\"https:\/\/www.flatpanelshd.com\/news.php?subaction=showfull&amp;id=1699434273\">als erstes aufgefallen<\/a> ist, hat Apple k\u00fcrzlich damit begonnen, die Regale des hauseigenen Movie Stores mit neuen 3D-Filmen zu best\u00fccken, die mit der Silhouette der Apple Vision Pro ausgezeichnet sind.<\/p>\n<p><a href=\"https:\/\/images.ifun.de\/wp-content\/uploads\/2023\/11\/3d-format-apple-TV.jpg\"><img loading=\"lazy\" decoding=\"async\" class=\"aligncenter size-large wp-image-222117\" src=\"https:\/\/images.ifun.de\/wp-content\/uploads\/2023\/11\/3d-format-apple-TV-700x421.jpg\" alt=\"3d Format Apple TV\" width=\"700\" height=\"421\" srcset=\"https:\/\/images.ifun.de\/wp-content\/uploads\/2023\/11\/3d-format-apple-TV-700x421.jpg 700w, https:\/\/images.ifun.de\/wp-content\/uploads\/2023\/11\/3d-format-apple-TV-500x301.jpg 500w, https:\/\/images.ifun.de\/wp-content\/uploads\/2023\/11\/3d-format-apple-TV-768x462.jpg 768w, https:\/\/images.ifun.de\/wp-content\/uploads\/2023\/11\/3d-format-apple-TV-1536x924.jpg 1536w, https:\/\/images.ifun.de\/wp-content\/uploads\/2023\/11\/3d-format-apple-TV-2048x1231.jpg 2048w\" sizes=\"auto, (max-width: 700px) 100vw, 700px\" \/><\/a><\/p>\n<h6>In tvOS 17.2 aufgetaucht<\/h6>\n<p>Damit k\u00f6nnte Apple ein schon totgeglaubtes Format zu neuem Leben erwecken, hatte sich die Branche in den sp\u00e4teren 2010er-Jahren doch auf die Abkehr von 3D-Brillen und der 3D-Integration in Flachbildschirmfernsehern verst\u00e4ndigt.<\/p>\n<h2>In tvOS 17.2 aufgetaucht<\/h2>\n<p>Zu den jetzt bei Apple neu verf\u00fcgbaren 3D-Inhalten geh\u00f6ren unter anderem &#8222;Jurassic World: Dominion&#8220;, &#8222;Kung Fu Panda 3&#8220;, &#8222;Trolls&#8220; und &#8222;Pacific Rim: Uprising&#8220;. Die neuen 3D-Inhalte sind in einer Vorabversion von tvOS 17.2 aufgetaucht. Das bevorstehende Update startet die offizielle TV-Anwendung Apples mit einer umfassenden Neugestaltung und wird unter anderem eine neue, einheitliche Men\u00fcleiste einf\u00fchren. ifun.de berichtete.<\/p>\n<ul>\n<li><strong>Apple TV:<\/strong> <a title=\"Apple TV: Neue Men\u00fcleiste f\u00fcr die TV-Applikation\" href=\"https:\/\/www.ifun.de\/apple-tv-neue-menueleiste-fuer-die-tv-applikation-221360\/\">Neue Men\u00fcleiste f\u00fcr die TV-Applikation<\/a><\/li>\n<\/ul>\n<p><img loading=\"lazy\" decoding=\"async\" src=\"https:\/\/vg04.met.vgwort.de\/na\/a353398a25df4cca9b3f86b73dcbe3ee\" width=\"1\" height=\"1\" no-lazy class=\"tracking\"><\/p>\n<p><h8>Mit Dank an Achim!<\/h8><\/p>\n","protected":false},"excerpt":{"rendered":"<a href=\"https:\/\/www.ifun.de\/apple-vision-pro-3d-filme-landen-in-apples-regalen-222115\/\"><img width=\"150\" height=\"150\" src=\"https:\/\/images.ifun.de\/wp-content\/uploads\/2023\/11\/3d-video-150x150.jpg\" class=\"alignright tfe wp-post-image\" alt=\"3d Video\" decoding=\"async\" loading=\"lazy\" \/><\/a><p>Wenn die Datenbrille Apple Vision Pro im kommenden Jahr in den Vereinigten Staaten in den Verkauf geht, dann d\u00fcrfte der Konsum von Videos h\u00f6chstwahrscheinlich zu den popul\u00e4rsten Einsatzgebieten des neuen Mixed-Reality-Headsets z\u00e4hlen. Neues Format-Symbol f\u00fcr 3D-Inhalte Zwar l\u00e4sst sich der Kinoabend dann leider nur einzeln erleben, daf\u00fcr aber mit einer nahezu beliebig gro\u00dfen, virtuellen Leinwand, [&hellip;]<\/p>\n","protected":false},"author":1,"featured_media":222118,"comment_status":"open","ping_status":"closed","sticky":false,"template":"","format":"standard","meta":{"_acf_changed":false,"footnotes":""},"categories":[1,1783],"tags":[26,6169],"class_list":["post-222115","post","type-post","status-publish","format-standard","has-post-thumbnail","hentry","category-news","category-feature","tag-apple-tv","tag-apple-vision-pro"],"acf":[],"aioseo_notices":[],"featured_image":["https:\/\/images.ifun.de\/wp-content\/uploads\/2023\/11\/3d-filme-vision-pro.jpg"],"subheadline":["In tvOS 17.2 aufgetaucht"],"rest_api_enabler":{"featured_image":"https:\/\/images.ifun.de\/wp-content\/uploads\/2023\/11\/3d-filme-vision-pro.jpg","subheadline":"In tvOS 17.2 aufgetaucht"},"_links":{"self":[{"href":"https:\/\/www.ifun.de\/apiv2\/wp\/v2\/posts\/222115","targetHints":{"allow":["GET"]}}],"collection":[{"href":"https:\/\/www.ifun.de\/apiv2\/wp\/v2\/posts"}],"about":[{"href":"https:\/\/www.ifun.de\/apiv2\/wp\/v2\/types\/post"}],"author":[{"embeddable":true,"href":"https:\/\/www.ifun.de\/apiv2\/wp\/v2\/users\/1"}],"replies":[{"embeddable":true,"href":"https:\/\/www.ifun.de\/apiv2\/wp\/v2\/comments?post=222115"}],"version-history":[{"count":2,"href":"https:\/\/www.ifun.de\/apiv2\/wp\/v2\/posts\/222115\/revisions"}],"predecessor-version":[{"id":222122,"href":"https:\/\/www.ifun.de\/apiv2\/wp\/v2\/posts\/222115\/revisions\/222122"}],"wp:featuredmedia":[{"embeddable":true,"href":"https:\/\/www.ifun.de\/apiv2\/wp\/v2\/media\/222118"}],"wp:attachment":[{"href":"https:\/\/www.ifun.de\/apiv2\/wp\/v2\/media?parent=222115"}],"wp:term":[{"taxonomy":"category","embeddable":true,"href":"https:\/\/www.ifun.de\/apiv2\/wp\/v2\/categories?post=222115"},{"taxonomy":"post_tag","embeddable":true,"href":"https:\/\/www.ifun.de\/apiv2\/wp\/v2\/tags?post=222115"}],"curies":[{"name":"wp","href":"https:\/\/api.w.org\/{rel}","templated":true}]}}