{"id":221908,"date":"2023-11-06T20:29:13","date_gmt":"2023-11-06T19:29:13","guid":{"rendered":"https:\/\/www.ifun.de\/?p=221908"},"modified":"2023-11-06T20:29:13","modified_gmt":"2023-11-06T19:29:13","slug":"macbook-pro-m3-liefert-im-vergleichstest-ueberzeugende-leistung-ab","status":"publish","type":"post","link":"https:\/\/www.ifun.de\/macbook-pro-m3-liefert-im-vergleichstest-ueberzeugende-leistung-ab-221908\/","title":{"rendered":"MacBook Pro M3 liefert im Vergleichstest \u00fcberzeugende Leistung ab"},"content":{"rendered":"<p>Von morgen an sind die in der vergangenen Woche vorgestellten M3-Macs erh\u00e4ltlich. Mittlerweile sind auch die ersten von Apple ausgegebenen Review-Ger\u00e4te im Umlauf, und wer sich f\u00fcr einen detaillierten Blick auf die Leistungsdaten der neuen Apple-Notebooks sucht, sollte sich eine Viertelstunde Zeit f\u00fcr das unten eingebettete Video nehmen &#8211; Englischkenntnisse vorausgesetzt.<\/p>\n<p>The Tech Chap vergleicht die neuen MacBook-Pro-Modelle mit 14 und 16 Zoll Bildschirmgr\u00f6\u00dfe und einem M3-Prozessor an Bord mit einem MacBook Pro M2 und einem gut ausgestatteten Mac Studio. Ihr bekommt in diesem Zusammenhang eindrucksvolle und f\u00fcr die neuen Notebooks sprechende Benchmark-Ergebnisse pr\u00e4sentiert, dar\u00fcber hinaus nimmt der Test Eigenschaften wie die Bildschirmhelligkeit, Temperaturentwicklung und Akkulaufzeit unter die Lupe. Selbst die Webcam macht einen besseren Eindruck als beim gerade mal zehn Monate alten M2-Modell.<\/p>\n<p><div class=\"responsive-video\"><iframe loading=\"lazy\" title=\"M3 Max MacBook Pro 14 &amp; 16 Review - OVERKILL!?\" width=\"500\" height=\"281\" src=\"https:\/\/www.youtube-nocookie.com\/embed\/P0sVCUWJ6VU?feature=oembed\" frameborder=\"0\" allow=\"accelerometer; autoplay; clipboard-write; encrypted-media; gyroscope; picture-in-picture; web-share\" referrerpolicy=\"strict-origin-when-cross-origin\" allowfullscreen><\/iframe><\/div><\/p>\n<p>Interessante Info am Rande: Die \u201eAnti-Fingerabdruck-Beschichtung\u201c bei den teureren Macbook-Pro-Modellen in \u201eSpace Black\u201c findet sich nur auf der Au\u00dfenseite der Ger\u00e4te, innen hat Apple darauf verzichtet.<\/p>\n<h2>Das kleine Modell hat zu wenig RAM<\/h2>\n<p>Eine ausf\u00fchrliche, weniger technische Besprechung der neuen Einsteigerklasse des MacBook Pro hat <a href=\"https:\/\/www.theverge.com\/23944344\/apple-macbook-pro-14-2023-review-m3-specs-battery-ports\">Victoria Song<\/a> verfasst. Auch hier werden die gebotenen Leistung und Akkulaufzeit als bestechend beschrieben. Achtet aber auch falls bei euch eine Kaufentscheidung bevorsteht unbedingt auf die folgenden Punkte: Das kleine MacBook Pro 14-Zoll kommt nur mit zwei anstelle von drei Thunderbolt-Anschl\u00fcssen. W\u00e4hrend man damit vermutlich noch leben kann, ist die Basisausstattung mit 8 GB RAM auf keinen Fall eine Option.<\/p>\n<p>Wir haben uns selbst schon dar\u00fcber ge\u00e4rgert, dass wir beim Kauf eines MacBook Pro mit Apple-Prozessor gedacht haben, die kleinere RAM-Ausstattung falle weniger stark ins Gewicht als dies noch zu Intel-Zeiten der Fall war. Wer auch mal mit mehreren Browser-Fenstern und zahlreichen ge\u00f6ffneten Tabs arbeiten und auf Beachball-Wartezeiten verzichten will, kommt hier um mindestens 16 GB Arbeitsspeicher nicht herum.<img loading=\"lazy\" decoding=\"async\" src=\"https:\/\/vg01.met.vgwort.de\/na\/a876bab6b89048069dcc03d79ad425ba\" width=\"1\" height=\"1\" no-lazy class=\"tracking\"<\/p>\n","protected":false},"excerpt":{"rendered":"<a href=\"https:\/\/www.ifun.de\/macbook-pro-m3-liefert-im-vergleichstest-ueberzeugende-leistung-ab-221908\/\"><img width=\"150\" height=\"150\" src=\"https:\/\/images.ifun.de\/wp-content\/uploads\/2023\/11\/macbook-pro-tech-chap-150x150.jpg\" class=\"alignright tfe wp-post-image\" alt=\"Macbook Pro Tech Chap\" decoding=\"async\" loading=\"lazy\" \/><\/a><p>Von morgen an sind die in der vergangenen Woche vorgestellten M3-Macs erh\u00e4ltlich. Mittlerweile sind auch die ersten von Apple ausgegebenen Review-Ger\u00e4te im Umlauf, und wer sich f\u00fcr einen detaillierten Blick auf die Leistungsdaten der neuen Apple-Notebooks sucht, sollte sich eine Viertelstunde Zeit f\u00fcr das unten eingebettete Video nehmen &#8211; Englischkenntnisse vorausgesetzt. The Tech Chap vergleicht [&hellip;]<\/p>\n","protected":false},"author":2,"featured_media":221910,"comment_status":"open","ping_status":"closed","sticky":false,"template":"","format":"standard","meta":{"_acf_changed":false,"footnotes":""},"categories":[],"tags":[],"class_list":["post-221908","post","type-post","status-publish","format-standard","has-post-thumbnail","hentry"],"acf":[],"aioseo_notices":[],"featured_image":["https:\/\/images.ifun.de\/wp-content\/uploads\/2023\/11\/macbook-pro-tech-chap.jpg"],"subheadline":["Detaillierte Besprechung im Video"],"rest_api_enabler":{"featured_image":"https:\/\/images.ifun.de\/wp-content\/uploads\/2023\/11\/macbook-pro-tech-chap.jpg","subheadline":"Detaillierte Besprechung im Video"},"_links":{"self":[{"href":"https:\/\/www.ifun.de\/apiv2\/wp\/v2\/posts\/221908","targetHints":{"allow":["GET"]}}],"collection":[{"href":"https:\/\/www.ifun.de\/apiv2\/wp\/v2\/posts"}],"about":[{"href":"https:\/\/www.ifun.de\/apiv2\/wp\/v2\/types\/post"}],"author":[{"embeddable":true,"href":"https:\/\/www.ifun.de\/apiv2\/wp\/v2\/users\/2"}],"replies":[{"embeddable":true,"href":"https:\/\/www.ifun.de\/apiv2\/wp\/v2\/comments?post=221908"}],"version-history":[{"count":3,"href":"https:\/\/www.ifun.de\/apiv2\/wp\/v2\/posts\/221908\/revisions"}],"predecessor-version":[{"id":221912,"href":"https:\/\/www.ifun.de\/apiv2\/wp\/v2\/posts\/221908\/revisions\/221912"}],"wp:featuredmedia":[{"embeddable":true,"href":"https:\/\/www.ifun.de\/apiv2\/wp\/v2\/media\/221910"}],"wp:attachment":[{"href":"https:\/\/www.ifun.de\/apiv2\/wp\/v2\/media?parent=221908"}],"wp:term":[{"taxonomy":"category","embeddable":true,"href":"https:\/\/www.ifun.de\/apiv2\/wp\/v2\/categories?post=221908"},{"taxonomy":"post_tag","embeddable":true,"href":"https:\/\/www.ifun.de\/apiv2\/wp\/v2\/tags?post=221908"}],"curies":[{"name":"wp","href":"https:\/\/api.w.org\/{rel}","templated":true}]}}