{"id":221070,"date":"2023-10-24T12:58:23","date_gmt":"2023-10-24T10:58:23","guid":{"rendered":"https:\/\/www.ifun.de\/?p=221070"},"modified":"2023-10-24T12:58:52","modified_gmt":"2023-10-24T10:58:52","slug":"zdfmediathek-das-sind-die-neuzugaenge-im-november","status":"publish","type":"post","link":"https:\/\/www.ifun.de\/zdfmediathek-das-sind-die-neuzugaenge-im-november-221070\/","title":{"rendered":"ZDFmediathek: Das sind die Neuzug\u00e4nge im November"},"content":{"rendered":"<p>Der November steht vor der T\u00fcr und nach den Videodiensten <a href=\"https:\/\/www.ifun.de\/die-november-neuerscheinungen-bei-disney-220914\/\" title=\"Die November-Neuerscheinungen bei Disney+\">Disney+<\/a> und <a href=\"https:\/\/www.ifun.de\/november-neuzugaenge-bei-paramount-220939\/\" title=\"Die November-Neuzug\u00e4nge bei Paramount+\">Paramount+<\/a> hat auch das ZDF die Liste mit den f\u00fcr den kommenden Monat geplanten Programmerweiterungen ver\u00f6ffentlicht. Nutzer der ZDFmediathek d\u00fcrfen sich unter anderem auf neue Episoden von \u201eDie purpurnen Fl\u00fcsse\u201c und \u201eHarry Wild\u201c freuen, zudem klingt die deutsch-belgische Thriller-Serie \u201eJuliet\u201c interessant.<\/p>\n<p>Hier alle f\u00fcr den kommenden Monat vom ZDF angek\u00fcndigten Neuzug\u00e4nge im \u00dcberblick. Die jeweils damit verbunden genannten Datumsangaben wurden uns so vom Sender \u00fcbermittelt.<\/p>\n<h2>Elvira<\/h2>\n<p>Thriller-Serie &#8211; Ab 24. Oktober<\/p>\n<p>Elvira h\u00e4lt sich als Empfangsdame in einem Kopenhagener Bordell \u00fcber Wasser. Als eine Prostituierte verschwindet, wird sie ungeplant zur Detektivin. Aus einer Verliererin mit angeknackstem Selbstwertgef\u00fchl wird eine durchsetzungsstarke Power-Frau.<\/p>\n<h2>Elon Musk \u2013 Genie und Wahnsinn<\/h2>\n<p>Doku-Reihe &#8211; Ab 01. November<\/p>\n<p><a href=\"https:\/\/images.ifun.de\/wp-content\/uploads\/2023\/10\/elon-musk.jpg\"><img loading=\"lazy\" decoding=\"async\" src=\"https:\/\/images.ifun.de\/wp-content\/uploads\/2023\/10\/elon-musk.jpg\" alt=\"Elon Musk\" width=\"700\" height=\"395\" class=\"alignnone size-full wp-image-221076\" \/><\/a><\/p>\n<p>Die Reihe gibt Einblick in das Leben des Tech-Unternehmers Elon Musk. Es kommen Menschen zu Wort, die ihm am n\u00e4chsten stehen \u2013 seine Familie, ehemalige Mitarbeiter, Freunde und Kritiker.<\/p>\n<h2>Ich bin! Margot Friedl\u00e4nder<\/h2>\n<p>Doku-Drama &#8211; Ab 02. November<\/p>\n<p><a href=\"https:\/\/images.ifun.de\/wp-content\/uploads\/2023\/10\/vod_nl_margot-friedlaender.jpg\"><img loading=\"lazy\" decoding=\"async\" src=\"https:\/\/images.ifun.de\/wp-content\/uploads\/2023\/10\/vod_nl_margot-friedlaender-700x394.jpg\" alt=\"Vod Nl Margot Friedlaender\" width=\"700\" height=\"394\" class=\"alignnone size-large wp-image-221079\" srcset=\"https:\/\/images.ifun.de\/wp-content\/uploads\/2023\/10\/vod_nl_margot-friedlaender-700x394.jpg 700w, https:\/\/images.ifun.de\/wp-content\/uploads\/2023\/10\/vod_nl_margot-friedlaender-500x281.jpg 500w, https:\/\/images.ifun.de\/wp-content\/uploads\/2023\/10\/vod_nl_margot-friedlaender-768x432.jpg 768w, https:\/\/images.ifun.de\/wp-content\/uploads\/2023\/10\/vod_nl_margot-friedlaender.jpg 800w\" sizes=\"auto, (max-width: 700px) 100vw, 700px\" \/><\/a><\/p>\n<p>Die Holocaust-\u00dcberlebende Margot Friedl\u00e4nder hat eine beeindruckende Lebensgeschichte. Den Leitfaden des Films bilden Gespr\u00e4che mit der 101-J\u00e4hrigen, die ihre Erlebnisse trotz des hohen Alters \u00e4u\u00dferst bewegend schildert. Gemeinsam mit Schauspielerin Julia Anna Grob, die die junge Margot spielt, hat Margot Friedl\u00e4nder St\u00e4tten ihrer Jugend besucht.<\/p>\n<h2>Die zweite Welle<\/h2>\n<p>Ab 4. Nomember<\/p>\n<p><a href=\"https:\/\/images.ifun.de\/wp-content\/uploads\/2023\/10\/die-zweite-welle.jpg\"><img loading=\"lazy\" decoding=\"async\" src=\"https:\/\/images.ifun.de\/wp-content\/uploads\/2023\/10\/die-zweite-welle-700x394.jpg\" alt=\"Die Zweite Welle\" width=\"700\" height=\"394\" class=\"alignnone size-large wp-image-221078\" srcset=\"https:\/\/images.ifun.de\/wp-content\/uploads\/2023\/10\/die-zweite-welle-700x394.jpg 700w, https:\/\/images.ifun.de\/wp-content\/uploads\/2023\/10\/die-zweite-welle-500x281.jpg 500w, https:\/\/images.ifun.de\/wp-content\/uploads\/2023\/10\/die-zweite-welle-768x432.jpg 768w, https:\/\/images.ifun.de\/wp-content\/uploads\/2023\/10\/die-zweite-welle.jpg 1280w\" sizes=\"auto, (max-width: 700px) 100vw, 700px\" \/><\/a><\/p>\n<p>Harry ist fassungslos, als seine tot geglaubte Schw\u00e4gerin pl\u00f6tzlich vor der T\u00fcr steht. Nun sehen er und seine Freunde sich mit einer verdr\u00e4ngten Wahrheit konfrontiert: Dem Tsunami im thail\u00e4ndischen Khao Lak sind sie 2004 entkommen, nicht aber ihren L\u00fcgen.<\/p>\n<h2>Harry Wild &#8211; M\u00f6rderjagd in Dublin<\/h2>\n<p>Krimiserie &#8211; Ab 05. November<\/p>\n<p><a href=\"https:\/\/images.ifun.de\/wp-content\/uploads\/2023\/10\/harry-wild.jpg\"><img loading=\"lazy\" decoding=\"async\" src=\"https:\/\/images.ifun.de\/wp-content\/uploads\/2023\/10\/harry-wild-700x394.jpg\" alt=\"Harry Wild\" width=\"700\" height=\"394\" class=\"alignnone size-large wp-image-221072\" srcset=\"https:\/\/images.ifun.de\/wp-content\/uploads\/2023\/10\/harry-wild-700x394.jpg 700w, https:\/\/images.ifun.de\/wp-content\/uploads\/2023\/10\/harry-wild-500x281.jpg 500w, https:\/\/images.ifun.de\/wp-content\/uploads\/2023\/10\/harry-wild.jpg 768w\" sizes=\"auto, (max-width: 700px) 100vw, 700px\" \/><\/a><\/p>\n<p>Humorvolle irisch-britische Krimiserie \u00fcber eine Professorin (Jane Seymour), die sich st\u00e4ndig in die Polizeiarbeit ihres Sohnes einmischt und Mordf\u00e4lle l\u00f6st.<\/p>\n<h2>Dreamland \u2013 T\u00f6dliche Gesch\u00e4fte<\/h2>\n<p>Thriller &#8211; Ab 07. November<\/p>\n<p><a href=\"https:\/\/images.ifun.de\/wp-content\/uploads\/2023\/10\/dreamland.jpg\"><img loading=\"lazy\" decoding=\"async\" src=\"https:\/\/images.ifun.de\/wp-content\/uploads\/2023\/10\/dreamland-700x394.jpg\" alt=\"Dreamland\" width=\"700\" height=\"394\" class=\"alignnone size-large wp-image-221077\" srcset=\"https:\/\/images.ifun.de\/wp-content\/uploads\/2023\/10\/dreamland-700x394.jpg 700w, https:\/\/images.ifun.de\/wp-content\/uploads\/2023\/10\/dreamland-500x281.jpg 500w, https:\/\/images.ifun.de\/wp-content\/uploads\/2023\/10\/dreamland-768x432.jpg 768w, https:\/\/images.ifun.de\/wp-content\/uploads\/2023\/10\/dreamland-1536x864.jpg 1536w, https:\/\/images.ifun.de\/wp-content\/uploads\/2023\/10\/dreamland.jpg 1920w\" sizes=\"auto, (max-width: 700px) 100vw, 700px\" \/><\/a><\/p>\n<p>Agent Jake Kelly will den Drogenk\u00f6nig Mother ausschalten, denn seine Schwester Emmie ist selbst ein Junkie. Starbesetzter Thriller \u00fcber die Opioid-Krise in den USA.<\/p>\n<h2>Glaubt mir! Missbrauch in der Therapie<\/h2>\n<p>Ab 10. November<\/p>\n<p><a href=\"https:\/\/images.ifun.de\/wp-content\/uploads\/2023\/10\/csm_37grad_leben_glaubt_mir_pp_16zu9_zdf_anna_ziegler_87820-0-2_e2b05d3a5b.jpg\"><img loading=\"lazy\" decoding=\"async\" src=\"https:\/\/images.ifun.de\/wp-content\/uploads\/2023\/10\/csm_37grad_leben_glaubt_mir_pp_16zu9_zdf_anna_ziegler_87820-0-2_e2b05d3a5b.jpg\" alt=\"Csm 37grad Leben Glaubt Mir Pp 16zu9 Zdf Anna Ziegler 87820 0 2 E2b05d3a5b\" width=\"700\" height=\"395\" class=\"alignnone size-full wp-image-221074\" srcset=\"https:\/\/images.ifun.de\/wp-content\/uploads\/2023\/10\/csm_37grad_leben_glaubt_mir_pp_16zu9_zdf_anna_ziegler_87820-0-2_e2b05d3a5b.jpg 700w, https:\/\/images.ifun.de\/wp-content\/uploads\/2023\/10\/csm_37grad_leben_glaubt_mir_pp_16zu9_zdf_anna_ziegler_87820-0-2_e2b05d3a5b-500x282.jpg 500w\" sizes=\"auto, (max-width: 700px) 100vw, 700px\" \/><\/a><\/p>\n<p>Max Leon erz\u00e4hlt seine Geschichte zum ersten Mal \u00f6ffentlich: Als Siebenj\u00e4hriger wurde er von\u202fseinem Therapeuten schwer sexuell missbraucht. Erst zehn Jahre sp\u00e4ter wird sein Peiniger verurteilt.<\/p>\n<h2>Die purpurnen Fl\u00fcsse<\/h2>\n<p>Thriller-Serie &#8211; Ab 11. November<\/p>\n<p><a href=\"https:\/\/images.ifun.de\/wp-content\/uploads\/2023\/10\/die-purpurnen-fluesse.jpg\"><img loading=\"lazy\" decoding=\"async\" src=\"https:\/\/images.ifun.de\/wp-content\/uploads\/2023\/10\/die-purpurnen-fluesse-700x394.jpg\" alt=\"Die Purpurnen Fluesse\" width=\"700\" height=\"394\" class=\"alignnone size-large wp-image-221075\" srcset=\"https:\/\/images.ifun.de\/wp-content\/uploads\/2023\/10\/die-purpurnen-fluesse-700x394.jpg 700w, https:\/\/images.ifun.de\/wp-content\/uploads\/2023\/10\/die-purpurnen-fluesse-500x281.jpg 500w, https:\/\/images.ifun.de\/wp-content\/uploads\/2023\/10\/die-purpurnen-fluesse.jpg 768w\" sizes=\"auto, (max-width: 700px) 100vw, 700px\" \/><\/a><\/p>\n<p>Die Pariser Spezialisten f\u00fcr Gewaltverbrechen, Kommissar Ni\u00e9mans und seine Kollegin Camille Delauney, werden in die franz\u00f6sische Provinz geschickt, wenn Mordf\u00e4lle mit mysteri\u00f6sen Begleitumst\u00e4nden aufgekl\u00e4rt werden m\u00fcssen.<\/p>\n<h2>Sense of Tumour<\/h2>\n<p>Drama-Serie &#8211; Ab 11. November<\/p>\n<p><a href=\"https:\/\/images.ifun.de\/wp-content\/uploads\/2023\/10\/sensoe-of-tumor.jpg\"><img loading=\"lazy\" decoding=\"async\" src=\"https:\/\/images.ifun.de\/wp-content\/uploads\/2023\/10\/sensoe-of-tumor-700x394.jpg\" alt=\"Sensoe Of Tumor\" width=\"700\" height=\"394\" class=\"alignnone size-large wp-image-221073\" srcset=\"https:\/\/images.ifun.de\/wp-content\/uploads\/2023\/10\/sensoe-of-tumor-700x394.jpg 700w, https:\/\/images.ifun.de\/wp-content\/uploads\/2023\/10\/sensoe-of-tumor-500x281.jpg 500w, https:\/\/images.ifun.de\/wp-content\/uploads\/2023\/10\/sensoe-of-tumor-768x432.jpg 768w, https:\/\/images.ifun.de\/wp-content\/uploads\/2023\/10\/sensoe-of-tumor-1536x864.jpg 1536w, https:\/\/images.ifun.de\/wp-content\/uploads\/2023\/10\/sensoe-of-tumor.jpg 1919w\" sizes=\"auto, (max-width: 700px) 100vw, 700px\" \/><\/a><\/p>\n<p>Mit einem Schlag \u00e4ndert sich das Leben des Womanizers und angehenden Neurochirurgen Tristan: Er hat Krebs. Pl\u00f6tzlich ist er nicht mehr Medizinstudent, sondern Patient. Als Mediziner wei\u00df Tristan, welches Martyrium ihm bevorsteht.<\/p>\n<h2>Juliet<\/h2>\n<p>Deutsch-belgische Thriller-Serie &#8211; Ab 19. November<\/p>\n<p><a href=\"https:\/\/images.ifun.de\/wp-content\/uploads\/2023\/10\/juliet-zdf.jpg\"><img loading=\"lazy\" decoding=\"async\" src=\"https:\/\/images.ifun.de\/wp-content\/uploads\/2023\/10\/juliet-zdf-700x394.jpg\" alt=\"Juliet Zdf\" width=\"700\" height=\"394\" class=\"alignnone size-large wp-image-221080\" srcset=\"https:\/\/images.ifun.de\/wp-content\/uploads\/2023\/10\/juliet-zdf-700x394.jpg 700w, https:\/\/images.ifun.de\/wp-content\/uploads\/2023\/10\/juliet-zdf-500x281.jpg 500w, https:\/\/images.ifun.de\/wp-content\/uploads\/2023\/10\/juliet-zdf-768x432.jpg 768w, https:\/\/images.ifun.de\/wp-content\/uploads\/2023\/10\/juliet-zdf.jpg 800w\" sizes=\"auto, (max-width: 700px) 100vw, 700px\" \/><\/a><\/p>\n<p>Nachdem ihr Vater gestorben ist, f\u00e4ngt Kommissarin Juliet Dumon neu an: Sie verl\u00e4sst Br\u00fcssel und kehrt in ihren Geburtsort De Haan zur\u00fcck. Dort \u00fcbernimmt sie nicht nur die Verantwortung f\u00fcr ihre vierzehnj\u00e4hrige Nichte Chlo\u00e9, sie will auch den Tod ihres Vaters aufkl\u00e4ren.<\/p>\n","protected":false},"excerpt":{"rendered":"<a href=\"https:\/\/www.ifun.de\/zdfmediathek-das-sind-die-neuzugaenge-im-november-221070\/\"><img width=\"150\" height=\"150\" src=\"https:\/\/images.ifun.de\/wp-content\/uploads\/2023\/10\/juliet-zdf-150x150.jpg\" class=\"alignright tfe wp-post-image\" alt=\"Juliet Zdf\" decoding=\"async\" loading=\"lazy\" \/><\/a><p>Der November steht vor der T\u00fcr und nach den Videodiensten Disney+ und Paramount+ hat auch das ZDF die Liste mit den f\u00fcr den kommenden Monat geplanten Programmerweiterungen ver\u00f6ffentlicht. Nutzer der ZDFmediathek d\u00fcrfen sich unter anderem auf neue Episoden von \u201eDie purpurnen Fl\u00fcsse\u201c und \u201eHarry Wild\u201c freuen, zudem klingt die deutsch-belgische Thriller-Serie \u201eJuliet\u201c interessant. Hier alle [&hellip;]<\/p>\n","protected":false},"author":2,"featured_media":221080,"comment_status":"open","ping_status":"closed","sticky":false,"template":"","format":"standard","meta":{"_acf_changed":false,"footnotes":""},"categories":[1],"tags":[],"class_list":["post-221070","post","type-post","status-publish","format-standard","has-post-thumbnail","hentry","category-news"],"acf":[],"aioseo_notices":[],"featured_image":["https:\/\/images.ifun.de\/wp-content\/uploads\/2023\/10\/zdf-purpurne-fluesse-feature.jpg"],"subheadline":["Neue Dokus, Serien und Filme"],"rest_api_enabler":{"featured_image":"https:\/\/images.ifun.de\/wp-content\/uploads\/2023\/10\/zdf-purpurne-fluesse-feature.jpg","subheadline":"Neue Dokus, Serien und Filme"},"_links":{"self":[{"href":"https:\/\/www.ifun.de\/apiv2\/wp\/v2\/posts\/221070","targetHints":{"allow":["GET"]}}],"collection":[{"href":"https:\/\/www.ifun.de\/apiv2\/wp\/v2\/posts"}],"about":[{"href":"https:\/\/www.ifun.de\/apiv2\/wp\/v2\/types\/post"}],"author":[{"embeddable":true,"href":"https:\/\/www.ifun.de\/apiv2\/wp\/v2\/users\/2"}],"replies":[{"embeddable":true,"href":"https:\/\/www.ifun.de\/apiv2\/wp\/v2\/comments?post=221070"}],"version-history":[{"count":1,"href":"https:\/\/www.ifun.de\/apiv2\/wp\/v2\/posts\/221070\/revisions"}],"predecessor-version":[{"id":221081,"href":"https:\/\/www.ifun.de\/apiv2\/wp\/v2\/posts\/221070\/revisions\/221081"}],"wp:featuredmedia":[{"embeddable":true,"href":"https:\/\/www.ifun.de\/apiv2\/wp\/v2\/media\/221080"}],"wp:attachment":[{"href":"https:\/\/www.ifun.de\/apiv2\/wp\/v2\/media?parent=221070"}],"wp:term":[{"taxonomy":"category","embeddable":true,"href":"https:\/\/www.ifun.de\/apiv2\/wp\/v2\/categories?post=221070"},{"taxonomy":"post_tag","embeddable":true,"href":"https:\/\/www.ifun.de\/apiv2\/wp\/v2\/tags?post=221070"}],"curies":[{"name":"wp","href":"https:\/\/api.w.org\/{rel}","templated":true}]}}