{"id":220984,"date":"2023-10-23T09:55:01","date_gmt":"2023-10-23T07:55:01","guid":{"rendered":"https:\/\/www.ifun.de\/?p=220984"},"modified":"2023-10-23T09:59:45","modified_gmt":"2023-10-23T07:59:45","slug":"neue-imacs-neue-macbooks-mac-event-noch-ende-oktober","status":"publish","type":"post","link":"https:\/\/www.ifun.de\/neue-imacs-neue-macbooks-mac-event-noch-ende-oktober-220984\/","title":{"rendered":"Neue iMacs, neue MacBooks: Mac-Event wohl noch Ende Oktober"},"content":{"rendered":"<p>Nachdem erste Anwender <a href=\"https:\/\/www.ifun.de\/neue-imacs-wohl-erst-2024-weiterhin-nur-mit-m1-chip-erhaeltlich-220711\/\">schon bef\u00fcrchtet hatten<\/a>, Apple k\u00f6nnte sich in die bevorstehende Winterpause verabschieden, ohne zuvor noch die \u00fcberf\u00e4lligen Aktualisierungen im Mac-Portfolio anzugehen, meldet die Ger\u00fcchtek\u00fcche Gegenteiliges. Sein Gewicht in die Waagschale wirft dabei der Beobachter Mark Gurman, der zuletzt mit treffsicheren Vorhersagen zur Datenbrille Apple Vision Pro punkten konnte.<\/p>\n<p><a href=\"https:\/\/images.ifun.de\/wp-content\/uploads\/2021\/04\/imac-blau-1400.jpg\"><img loading=\"lazy\" decoding=\"async\" class=\"aligncenter size-medium wp-image-169729\" src=\"https:\/\/images.ifun.de\/wp-content\/uploads\/2021\/04\/imac-blau-1400-500x281.jpg\" alt=\"Imac Blau 1400\" width=\"500\" height=\"281\" srcset=\"https:\/\/images.ifun.de\/wp-content\/uploads\/2021\/04\/imac-blau-1400-500x281.jpg 500w, https:\/\/images.ifun.de\/wp-content\/uploads\/2021\/04\/imac-blau-1400-700x394.jpg 700w, https:\/\/images.ifun.de\/wp-content\/uploads\/2021\/04\/imac-blau-1400-768x432.jpg 768w, https:\/\/images.ifun.de\/wp-content\/uploads\/2021\/04\/imac-blau-1400.jpg 1400w\" sizes=\"auto, (max-width: 500px) 100vw, 500px\" \/><\/a><\/p>\n<p><a href=\"https:\/\/www.bloomberg.com\/news\/newsletters\/2023-10-22\/what-is-apple-doing-in-ai-revamping-siri-search-apple-music-and-other-apps-lo1ffr7p?srnd=undefined\">Laut Gurman<\/a> soll Apple noch im laufenden Monat die Vorstellung neuer Hardware planen und will unter anderem sowohl den iMac als auch das MacBook Pro \u00fcberarbeiten und mehrere neue Modelle zur Verf\u00fcgung stellen.<\/p>\n<h2>iMac und MacBook Pro erwartet<\/h2>\n<p>Der iMac gilt dabei schon l\u00e4nger als \u00fcberf\u00e4llig f\u00fcr eine Produktaktualisierung. Vor \u00fcber 900 Tagen neu auf den Markt gebracht, wird das 24-Zoll-Modell seitdem unver\u00e4ndert mit M1-Prozessor angeboten. Weder hat Apple seitdem die Reihe der All-in-One-Desktop-Rechner \u00fcberarbeitet, noch wurde ein gr\u00f6\u00dferes Modell pr\u00e4sentiert, mit dem Apple einen Nachfolger f\u00fcr den \u00fcber Jahre hinweg verkauften 27-Zoll-iMac h\u00e4tte anbieten k\u00f6nnen. Hier soll Apple nun zum Monatsende nachlegen.<\/p>\n<p>Welche Produkte dabei genau \u00fcberarbeitet beziehungsweise neu eingef\u00fchrt werden sollen, ist unklar. Fest steht, dass sowohl der 24-Zoll-iMac als auch das MacBook Pro mit 13-, 14- und 16-Zoll in ihrer weltweiten Verf\u00fcgbarkeit eingeschr\u00e4nkt sind.<\/p>\n<h2>Am 30. oder 31. Oktober<\/h2>\n<p>Apple k\u00f6nnte hier mehrere neue Produkte in einem Rutsch vorstellen und das Line-up damit passend zum Weihnachtsgesch\u00e4ft wieder auf Vordermann bringen. Gurman geht davon aus, dass die Mac-Neuvorstellungen am 30. oder 31. Oktober angek\u00fcndigt werden sollen und damit nur wenige Tage vor der Bekanntgabe der j\u00fcngsten <a href=\"https:\/\/www.ifun.de\/neue-apple-wirtschaftszahlen-am-2-november-219863\/\">Quartalszahlen am 2. November<\/a>. Damit bleibt also spannend, was Apple zum Ende des Monats enth\u00fcllen wird.<\/p>\n<ul>\n<li><strong>Wie laufen Mac und iPhone?<\/strong> <a title=\"Neue Apple-Wirtschaftszahlen am 2. November\" href=\"https:\/\/www.ifun.de\/neue-apple-wirtschaftszahlen-am-2-november-219863\/\">Neue Apple-Wirtschaftszahlen am 2. November<\/a><\/li>\n<\/ul>\n<p><img loading=\"lazy\" decoding=\"async\" src=\"https:\/\/vg07.met.vgwort.de\/na\/5d3d0823fae844549a0ba694c727ce3c\" width=\"1\" height=\"1\" no-lazy class=\"tracking\"><\/p>\n","protected":false},"excerpt":{"rendered":"<a href=\"https:\/\/www.ifun.de\/neue-imacs-neue-macbooks-mac-event-noch-ende-oktober-220984\/\"><img width=\"150\" height=\"150\" src=\"https:\/\/images.ifun.de\/wp-content\/uploads\/2023\/10\/neue-mac-hardware-150x150.jpg\" class=\"alignright tfe wp-post-image\" alt=\"Neue Mac Hardware\" decoding=\"async\" loading=\"lazy\" \/><\/a><p>Nachdem erste Anwender schon bef\u00fcrchtet hatten, Apple k\u00f6nnte sich in die bevorstehende Winterpause verabschieden, ohne zuvor noch die \u00fcberf\u00e4lligen Aktualisierungen im Mac-Portfolio anzugehen, meldet die Ger\u00fcchtek\u00fcche Gegenteiliges. Sein Gewicht in die Waagschale wirft dabei der Beobachter Mark Gurman, der zuletzt mit treffsicheren Vorhersagen zur Datenbrille Apple Vision Pro punkten konnte. Laut Gurman soll Apple noch [&hellip;]<\/p>\n","protected":false},"author":1,"featured_media":220985,"comment_status":"open","ping_status":"closed","sticky":false,"template":"","format":"standard","meta":{"_acf_changed":false,"footnotes":""},"categories":[3],"tags":[3910,6321,6322],"class_list":["post-220984","post","type-post","status-publish","format-standard","has-post-thumbnail","hentry","category-apple","tag-geruechte","tag-mac","tag-rumors"],"acf":[],"aioseo_notices":[],"featured_image":["https:\/\/images.ifun.de\/wp-content\/uploads\/2023\/10\/neue-mac-hardware.jpg"],"subheadline":["Am 30. oder 31. Oktober"],"rest_api_enabler":{"featured_image":"https:\/\/images.ifun.de\/wp-content\/uploads\/2023\/10\/neue-mac-hardware.jpg","subheadline":"Am 30. oder 31. Oktober"},"_links":{"self":[{"href":"https:\/\/www.ifun.de\/apiv2\/wp\/v2\/posts\/220984","targetHints":{"allow":["GET"]}}],"collection":[{"href":"https:\/\/www.ifun.de\/apiv2\/wp\/v2\/posts"}],"about":[{"href":"https:\/\/www.ifun.de\/apiv2\/wp\/v2\/types\/post"}],"author":[{"embeddable":true,"href":"https:\/\/www.ifun.de\/apiv2\/wp\/v2\/users\/1"}],"replies":[{"embeddable":true,"href":"https:\/\/www.ifun.de\/apiv2\/wp\/v2\/comments?post=220984"}],"version-history":[{"count":2,"href":"https:\/\/www.ifun.de\/apiv2\/wp\/v2\/posts\/220984\/revisions"}],"predecessor-version":[{"id":220988,"href":"https:\/\/www.ifun.de\/apiv2\/wp\/v2\/posts\/220984\/revisions\/220988"}],"wp:featuredmedia":[{"embeddable":true,"href":"https:\/\/www.ifun.de\/apiv2\/wp\/v2\/media\/220985"}],"wp:attachment":[{"href":"https:\/\/www.ifun.de\/apiv2\/wp\/v2\/media?parent=220984"}],"wp:term":[{"taxonomy":"category","embeddable":true,"href":"https:\/\/www.ifun.de\/apiv2\/wp\/v2\/categories?post=220984"},{"taxonomy":"post_tag","embeddable":true,"href":"https:\/\/www.ifun.de\/apiv2\/wp\/v2\/tags?post=220984"}],"curies":[{"name":"wp","href":"https:\/\/api.w.org\/{rel}","templated":true}]}}