{"id":220977,"date":"2023-10-23T08:32:34","date_gmt":"2023-10-23T06:32:34","guid":{"rendered":"https:\/\/www.ifun.de\/?p=220977"},"modified":"2023-10-23T08:34:27","modified_gmt":"2023-10-23T06:34:27","slug":"jon-stewart-geht-fuer-apple-tv-zu-kritisch","status":"publish","type":"post","link":"https:\/\/www.ifun.de\/jon-stewart-geht-fuer-apple-tv-zu-kritisch-220977\/","title":{"rendered":"\u00a0Jon Stewart geht: F\u00fcr Apple TV+ zu kritisch?"},"content":{"rendered":"<p>Die auf Apples Videostreaming-Dienst ausgestrahlte Sendung &#8222;<a href=\"https:\/\/tv.apple.com\/us\/show\/the-problem-with-jon-stewart\/umc.cmc.4fcexvzqezr25p9weks6sxpob\">The Problem With Jon Stewart<\/a>&#8220; l\u00e4sst sich aus deutscher Perspektive wohl am ehesten mit dem ZDF-Magazin Royale von Jan B\u00f6hmermann vergleichen.<\/p>\n<p><a href=\"https:\/\/images.ifun.de\/wp-content\/uploads\/2023\/10\/100422_Season_Two_Problem_Jon_Stewart_news_16_9_regular.jpg.latest_news_large_2x.jpg\"><img loading=\"lazy\" decoding=\"async\" class=\"aligncenter size-medium wp-image-220979\" src=\"https:\/\/images.ifun.de\/wp-content\/uploads\/2023\/10\/100422_Season_Two_Problem_Jon_Stewart_news_16_9_regular.jpg.latest_news_large_2x-500x282.jpg\" alt=\"100422 Season Two Problem Jon Stewart News 16 9 Regular.jpg.latest News Large 2x\" width=\"500\" height=\"282\" srcset=\"https:\/\/images.ifun.de\/wp-content\/uploads\/2023\/10\/100422_Season_Two_Problem_Jon_Stewart_news_16_9_regular.jpg.latest_news_large_2x-500x282.jpg 500w, https:\/\/images.ifun.de\/wp-content\/uploads\/2023\/10\/100422_Season_Two_Problem_Jon_Stewart_news_16_9_regular.jpg.latest_news_large_2x-700x394.jpg 700w, https:\/\/images.ifun.de\/wp-content\/uploads\/2023\/10\/100422_Season_Two_Problem_Jon_Stewart_news_16_9_regular.jpg.latest_news_large_2x.jpg 760w\" sizes=\"auto, (max-width: 500px) 100vw, 500px\" \/><\/a><\/p>\n<h2>&#8222;kreative Meinungsverschiedenheiten&#8220;<\/h2>\n<p>Moderiert von Jon Stewart, einem liberalen TV-Schwergewicht und dem ehemaligen Gesicht der beliebten &#8222;Daily Show&#8220;, widmete sich das politische Magazin unterschiedlichen gesellschaftlichen Themen. Dazu z\u00e4hlten h\u00e4ufig auch kontrovers diskutierte Problemfelder wie etwa die amerikanische Gesetzgebung zum Waffenbesitz, Rassismus oder die Klimakatastrophe.<\/p>\n<p>Seit Herbst 2021 hat Stewart in unregelm\u00e4\u00dfigen Abst\u00e4nden insgesamt 20 Episoden produziert. Jetzt soll Apple die Zusammenarbeit wegen &#8222;kreativen Meinungsverschiedenheiten&#8220; recht pl\u00f6tzlich eingestellt haben. Nach <a href=\"https:\/\/www.nytimes.com\/2023\/10\/19\/business\/media\/jon-stewart-the-problem-ends.html\">Angaben der New York Times<\/a> haben sich Apples Chefetage und Jon Stewart kurz vor Beginn der Dreharbeiten zur dritten Staffel darauf verst\u00e4ndigt, fortan getrennte Wege zu gehen.<\/p>\n<h2>Geplante Folgen \u00fcber China und KI<\/h2>\n<p>Den Ausschlag gegeben haben sollen zwei geplante Sendungen, die sich ganz den beiden Themenbereichen &#8222;K\u00fcnstliche Intelligenz&#8220; und &#8222;China&#8220; verschrieben h\u00e4tten &#8211; Episoden, die Apples Managern Sorgenfalten auf die Stirn geschrieben h\u00e4tten.<\/p>\n<p>Kurz vor Beginn der hei\u00dfen Wahlkampfphase in den Vereinigten Staaten hatte Apple zudem Sorgen vor politischen Positionierungen des Formats. In der Folge wurde &#8222;The Problem With Jon Stewart&#8220; nun g\u00e4nzlich eingestellt. Damit gesellt sich die Sendung zu mehreren gescheiterten Talkshow-Formaten, deren Macher den Sprung vom linearen TV in die Kataloge bekannter Streaming-Anbieter nicht beziehungsweise nur f\u00fcr kurze Zeit \u00fcberstanden haben.<\/p>\n<p>Dass das Jon Stewart-Format f\u00fcr Apple problematisch werden k\u00f6nnte, hatte im Sommer 2021 bereits der erste Trailer angedeutet, der mit einem <a href=\"https:\/\/www.ifun.de\/apple-tv-trailert-reiche-maenner-schwanzvergleich-173178\/\">Reiche-M\u00e4nner-Schwanzvergleich<\/a> f\u00fcr Aufsehen sorgte.<\/p>\n<p><div class=\"responsive-video\"><iframe loading=\"lazy\" title=\"The Problem with Jon Stewart \u2014 Season 2 Official Teaser | Apple TV+\" width=\"500\" height=\"281\" src=\"https:\/\/www.youtube-nocookie.com\/embed\/RP3pOg97vck?feature=oembed\" frameborder=\"0\" allow=\"accelerometer; autoplay; clipboard-write; encrypted-media; gyroscope; picture-in-picture; web-share\" referrerpolicy=\"strict-origin-when-cross-origin\" allowfullscreen><\/iframe><\/div><\/p>\n<p><img loading=\"lazy\" decoding=\"async\" src=\"https:\/\/vg07.met.vgwort.de\/na\/ea59e79bc27e4c49b4429983b5e81441\" width=\"1\" height=\"1\" no-lazy class=\"tracking\"><\/p>\n","protected":false},"excerpt":{"rendered":"<a href=\"https:\/\/www.ifun.de\/jon-stewart-geht-fuer-apple-tv-zu-kritisch-220977\/\"><img width=\"150\" height=\"150\" src=\"https:\/\/images.ifun.de\/wp-content\/uploads\/2023\/10\/100422_Season_Two_Problem_Jon_Stewart_news_16_9_regular.jpg.latest_news_large_2x-150x150.jpg\" class=\"alignright tfe wp-post-image\" alt=\"100422 Season Two Problem Jon Stewart News 16 9 Regular.jpg.latest News Large 2x\" decoding=\"async\" loading=\"lazy\" \/><\/a><p>Die auf Apples Videostreaming-Dienst ausgestrahlte Sendung &#8222;The Problem With Jon Stewart&#8220; l\u00e4sst sich aus deutscher Perspektive wohl am ehesten mit dem ZDF-Magazin Royale von Jan B\u00f6hmermann vergleichen. &#8222;kreative Meinungsverschiedenheiten&#8220; Moderiert von Jon Stewart, einem liberalen TV-Schwergewicht und dem ehemaligen Gesicht der beliebten &#8222;Daily Show&#8220;, widmete sich das politische Magazin unterschiedlichen gesellschaftlichen Themen. Dazu z\u00e4hlten h\u00e4ufig [&hellip;]<\/p>\n","protected":false},"author":1,"featured_media":220979,"comment_status":"open","ping_status":"closed","sticky":false,"template":"","format":"standard","meta":{"_acf_changed":false,"footnotes":""},"categories":[1],"tags":[4736,4467],"class_list":["post-220977","post","type-post","status-publish","format-standard","has-post-thumbnail","hentry","category-news","tag-apple","tag-apple-tv-plus"],"acf":[],"aioseo_notices":[],"featured_image":["https:\/\/images.ifun.de\/wp-content\/uploads\/2023\/10\/apple-tv-jon-stewart.jpg"],"subheadline":["Geplante Folgen \u00fcber China und KI"],"rest_api_enabler":{"featured_image":"https:\/\/images.ifun.de\/wp-content\/uploads\/2023\/10\/apple-tv-jon-stewart.jpg","subheadline":"Geplante Folgen \u00fcber China und KI"},"_links":{"self":[{"href":"https:\/\/www.ifun.de\/apiv2\/wp\/v2\/posts\/220977","targetHints":{"allow":["GET"]}}],"collection":[{"href":"https:\/\/www.ifun.de\/apiv2\/wp\/v2\/posts"}],"about":[{"href":"https:\/\/www.ifun.de\/apiv2\/wp\/v2\/types\/post"}],"author":[{"embeddable":true,"href":"https:\/\/www.ifun.de\/apiv2\/wp\/v2\/users\/1"}],"replies":[{"embeddable":true,"href":"https:\/\/www.ifun.de\/apiv2\/wp\/v2\/comments?post=220977"}],"version-history":[{"count":2,"href":"https:\/\/www.ifun.de\/apiv2\/wp\/v2\/posts\/220977\/revisions"}],"predecessor-version":[{"id":220982,"href":"https:\/\/www.ifun.de\/apiv2\/wp\/v2\/posts\/220977\/revisions\/220982"}],"wp:featuredmedia":[{"embeddable":true,"href":"https:\/\/www.ifun.de\/apiv2\/wp\/v2\/media\/220979"}],"wp:attachment":[{"href":"https:\/\/www.ifun.de\/apiv2\/wp\/v2\/media?parent=220977"}],"wp:term":[{"taxonomy":"category","embeddable":true,"href":"https:\/\/www.ifun.de\/apiv2\/wp\/v2\/categories?post=220977"},{"taxonomy":"post_tag","embeddable":true,"href":"https:\/\/www.ifun.de\/apiv2\/wp\/v2\/tags?post=220977"}],"curies":[{"name":"wp","href":"https:\/\/api.w.org\/{rel}","templated":true}]}}