{"id":220670,"date":"2023-10-18T12:23:51","date_gmt":"2023-10-18T10:23:51","guid":{"rendered":"https:\/\/www.ifun.de\/?p=220670"},"modified":"2023-10-18T12:24:56","modified_gmt":"2023-10-18T10:24:56","slug":"apple-vision-pro-entwickler-trainings-jetzt-auch-in-new-york-und-sydney","status":"publish","type":"post","link":"https:\/\/www.ifun.de\/apple-vision-pro-entwickler-trainings-jetzt-auch-in-new-york-und-sydney-220670\/","title":{"rendered":"Apple Vision Pro: Entwickler-Trainings jetzt auch in New York und Sydney"},"content":{"rendered":"<p>Apple f\u00fchrt seine Entwickler-Workshops zur Datenbrille <a href=\"https:\/\/www.apple.com\/apple-vision-pro\/\" title=\"Apple Vision Pro\">Apple Vision Pro<\/a> fort und bietet die Veranstaltung nun auch in weiteren St\u00e4dten an. Neben Cupertino, London, M\u00fcnchen, Shanghai, Singapur und Tokio k\u00f6nnen sich interessierte Entwickler jetzt auch f\u00fcr entsprechende Hands-on-Workshops in New York und Sydney <a href=\"https:\/\/developer.apple.com\/visionos\/labs\/\">bewerben<\/a>.<\/p>\n<p>Die Einbeziehung von New York in die Liste jener St\u00e4dte, in denen man die f\u00fcr das kommende Jahr angek\u00fcndigte Apple-Brille vorab schon live erleben kann, erinnert unweigerlich an die im August aufgekommenen <a href=\"https:\/\/www.ifun.de\/interesse-an-apples-vision-pro-labs-fuer-entwickler-scheint-verhalten-215409\/\" title=\"Interesse an Apples Vision-Pro-Labs f\u00fcr Entwickler scheint verhalten\">Spekulationen<\/a>, dass das Interesse an den Veranstaltungen eher verhalten w\u00e4re. Entwickler in den USA monierten, dass es keine entsprechenden Veranstaltungen an der Ostk\u00fcste gebe und eine Reise an einen der anderen Orte f\u00fcr sie kostenm\u00e4\u00dfig nicht in Frage k\u00e4me.<\/p>\n<p><a href=\"https:\/\/images.ifun.de\/wp-content\/uploads\/2023\/08\/apple-vision-pro.jpg\"><img loading=\"lazy\" decoding=\"async\" src=\"https:\/\/images.ifun.de\/wp-content\/uploads\/2023\/08\/apple-vision-pro-700x394.jpg\" alt=\"Apple Vision Pro\" width=\"700\" height=\"394\" class=\"alignnone size-large wp-image-216780\" srcset=\"https:\/\/images.ifun.de\/wp-content\/uploads\/2023\/08\/apple-vision-pro-700x394.jpg 700w, https:\/\/images.ifun.de\/wp-content\/uploads\/2023\/08\/apple-vision-pro-500x281.jpg 500w, https:\/\/images.ifun.de\/wp-content\/uploads\/2023\/08\/apple-vision-pro-768x432.jpg 768w, https:\/\/images.ifun.de\/wp-content\/uploads\/2023\/08\/apple-vision-pro.jpg 1400w\" sizes=\"auto, (max-width: 700px) 100vw, 700px\" \/><\/a><\/p>\n<p>Apple hofft im Zusammenhang mit dieser Veranstaltungsreihe zweifellos darauf, dass sich kreative Entwickler f\u00fcr die kommende Datenbrille begeistern und in der Folge bereits fr\u00fchzeitig auch speziell darauf abgestimmte Anwendungen im Portfolio haben. Ob mit dem Marktstart der Brille aber tats\u00e4chlich ein Effekt, der mit der Einf\u00fchrung des iPhone oder auch des iPad vergleichbar ist, einhergehen wird, bleibt offen. Die gr\u00f6\u00dfte H\u00fcrde d\u00fcrfte hier der hohe Preis des kommenden Apple-Produkts sein.<\/p>\n<h2>Starttermin f\u00fcr Deutschland ungewiss<\/h2>\n<p>Apple will die Apple Vision Pro Anfang kommenden Jahres f\u00fcr 3.499 Dollar in den USA in den Handel bringen. Bislang ist offen, ob die Datenbrille dann auch im kommenden Jahr schon in Deutschland erh\u00e4ltlich sein wird. Ebenso kann man \u00fcber den Preis f\u00fcr das Angebot hierzulande nur spekulieren, doch wenn man Apples aktuelle Umrechnungskurse zugrunde legt, wird sich unter 4.000 Euro kaum etwas machen lassen.<\/p>\n<p>Bei diesen Preisen braucht es keine Glaskugel um vorauszusagen, dass die Apple Vision Pro zu Beginn alles andere als ein Massenprodukt wird. Vielmehr handelt es sich dabei um den sicher auch ein St\u00fcck weit mit Risiken versehenen Einstieg Apples in eine komplett neue Produktkategorie.<img loading=\"lazy\" decoding=\"async\" src=\"https:\/\/vg02.met.vgwort.de\/na\/b028a759e99344c4bcb899013207fa1b\" width=\"1\" height=\"1\" no-lazy class=\"tracking\"><\/p>\n","protected":false},"excerpt":{"rendered":"<a href=\"https:\/\/www.ifun.de\/apple-vision-pro-entwickler-trainings-jetzt-auch-in-new-york-und-sydney-220670\/\"><img width=\"150\" height=\"150\" src=\"https:\/\/images.ifun.de\/wp-content\/uploads\/2023\/10\/apple-vision-pro-feature-150x150.jpg\" class=\"alignright tfe wp-post-image\" alt=\"Apple Vision Pro Feature\" decoding=\"async\" loading=\"lazy\" \/><\/a><p>Apple f\u00fchrt seine Entwickler-Workshops zur Datenbrille Apple Vision Pro fort und bietet die Veranstaltung nun auch in weiteren St\u00e4dten an. Neben Cupertino, London, M\u00fcnchen, Shanghai, Singapur und Tokio k\u00f6nnen sich interessierte Entwickler jetzt auch f\u00fcr entsprechende Hands-on-Workshops in New York und Sydney bewerben. Die Einbeziehung von New York in die Liste jener St\u00e4dte, in denen [&hellip;]<\/p>\n","protected":false},"author":2,"featured_media":220675,"comment_status":"open","ping_status":"closed","sticky":false,"template":"","format":"standard","meta":{"_acf_changed":false,"footnotes":""},"categories":[3],"tags":[6169],"class_list":["post-220670","post","type-post","status-publish","format-standard","has-post-thumbnail","hentry","category-apple","tag-apple-vision-pro"],"acf":[],"aioseo_notices":[],"featured_image":["https:\/\/images.ifun.de\/wp-content\/uploads\/2023\/10\/apple-vision-pro-feature.jpg"],"subheadline":["Apple reagiert auf Kritik"],"rest_api_enabler":{"featured_image":"https:\/\/images.ifun.de\/wp-content\/uploads\/2023\/10\/apple-vision-pro-feature.jpg","subheadline":"Apple reagiert auf Kritik"},"_links":{"self":[{"href":"https:\/\/www.ifun.de\/apiv2\/wp\/v2\/posts\/220670","targetHints":{"allow":["GET"]}}],"collection":[{"href":"https:\/\/www.ifun.de\/apiv2\/wp\/v2\/posts"}],"about":[{"href":"https:\/\/www.ifun.de\/apiv2\/wp\/v2\/types\/post"}],"author":[{"embeddable":true,"href":"https:\/\/www.ifun.de\/apiv2\/wp\/v2\/users\/2"}],"replies":[{"embeddable":true,"href":"https:\/\/www.ifun.de\/apiv2\/wp\/v2\/comments?post=220670"}],"version-history":[{"count":4,"href":"https:\/\/www.ifun.de\/apiv2\/wp\/v2\/posts\/220670\/revisions"}],"predecessor-version":[{"id":220680,"href":"https:\/\/www.ifun.de\/apiv2\/wp\/v2\/posts\/220670\/revisions\/220680"}],"wp:featuredmedia":[{"embeddable":true,"href":"https:\/\/www.ifun.de\/apiv2\/wp\/v2\/media\/220675"}],"wp:attachment":[{"href":"https:\/\/www.ifun.de\/apiv2\/wp\/v2\/media?parent=220670"}],"wp:term":[{"taxonomy":"category","embeddable":true,"href":"https:\/\/www.ifun.de\/apiv2\/wp\/v2\/categories?post=220670"},{"taxonomy":"post_tag","embeddable":true,"href":"https:\/\/www.ifun.de\/apiv2\/wp\/v2\/tags?post=220670"}],"curies":[{"name":"wp","href":"https:\/\/api.w.org\/{rel}","templated":true}]}}