{"id":220645,"date":"2023-10-18T09:06:55","date_gmt":"2023-10-18T07:06:55","guid":{"rendered":"https:\/\/www.ifun.de\/?p=220645"},"modified":"2023-10-18T09:06:55","modified_gmt":"2023-10-18T07:06:55","slug":"apple-pencil-wer-die-wahl-hat-hat-die-qual","status":"publish","type":"post","link":"https:\/\/www.ifun.de\/apple-pencil-wer-die-wahl-hat-hat-die-qual-220645\/","title":{"rendered":"Apple Pencil: Wer die Wahl hat, hat die Qual"},"content":{"rendered":"<p>Der neu von Apple vorgestellte <a href=\"https:\/\/apple.sjv.io\/MmjNWP\">Apple Pencil USB-C<\/a> sorgt weiterhin f\u00fcr Diskussionen. In der Tat kann man Apple ankreiden, dass es sinnvoll gewesen w\u00e4re, den Zeichenstift bereits im vergangenen Jahr gemeinsam mit dem <a href=\"https:\/\/apple.sjv.io\/Zd7DBK\">iPad der zehnten Generation<\/a> auf den Markt zu bringen. Wir erinnern uns: Vor einem Jahr hat die Tatsache f\u00fcr Kopfsch\u00fctteln gesorgt, dass Apple ein neues iPad-Modell auf den Markt bringt, das jedoch nur mit der ersten Generation des Apple Pencil kompatibel ist und zudem einen Adapter ben\u00f6tigt, um den Stift zum ersten Mal zu verbinden oder aufzuladen.<\/p>\n<p><a href=\"https:\/\/images.ifun.de\/wp-content\/uploads\/2023\/10\/apple-pencil-alle-modelle.jpg\"><img loading=\"lazy\" decoding=\"async\" src=\"https:\/\/images.ifun.de\/wp-content\/uploads\/2023\/10\/apple-pencil-alle-modelle-500x401.jpg\" alt=\"Apple Pencil Alle Modelle\" width=\"500\" height=\"401\" class=\"alignnone size-medium wp-image-220648\" srcset=\"https:\/\/images.ifun.de\/wp-content\/uploads\/2023\/10\/apple-pencil-alle-modelle-500x401.jpg 500w, https:\/\/images.ifun.de\/wp-content\/uploads\/2023\/10\/apple-pencil-alle-modelle-700x561.jpg 700w, https:\/\/images.ifun.de\/wp-content\/uploads\/2023\/10\/apple-pencil-alle-modelle-768x615.jpg 768w, https:\/\/images.ifun.de\/wp-content\/uploads\/2023\/10\/apple-pencil-alle-modelle.jpg 1400w\" sizes=\"auto, (max-width: 500px) 100vw, 500px\" \/><\/a><\/p>\n<h2>Neues Modell hat weniger Funktionen<\/h2>\n<p>Es k\u00f6nnte so einfach sein: Der Apple Pencil 2 ist das \u201ePro-Modell\u201c und l\u00e4sst sich kontaktlos laden, w\u00e4hrend das neue g\u00fcnstigere Modell einen USB-C-Anschluss unter der Abschlusskappe versteckt h\u00e4lt. Aber Apple macht es komplizierter und sucht wohl nicht zuletzt auch einen Grund daf\u00fcr, warum der inzwischen acht Jahre alte, mit einem Lightning-Anschluss ausgestattete Apple Pencil der ersten Generation weiterhin teurer angeboten wird, als das neueste USB-C-Modell. Letzterer verzichtet n\u00e4mlich auf die sonst beim Apple Pencil standardm\u00e4\u00dfig vorhandene Druckerkennung, also die Funktion, dass Striche abh\u00e4ngig vom Anpressdruck d\u00fcnner oder dicker ausgef\u00fchrt werden.<\/p>\n<p>Daf\u00fcr hat der neue USB-C-Pencil dem alten Modell voraus, dass er die sogenannte Schwebefunktion auf dem iPad Pro unterst\u00fctzt (bevor man eine Markierung macht, erscheint ein Punkt auf dem Bildschirm) und sich magnetisch an der Seite des iPad befestigen l\u00e4sst. Wohlgemerkt nur befestigen, der Stift wird dabei nicht wie der Apple Pencil 2 auch drahtlos geladen.<\/p>\n<p><a href=\"https:\/\/images.ifun.de\/wp-content\/uploads\/2023\/10\/apple-pencil-kompatibilitaet.jpg\"><img loading=\"lazy\" decoding=\"async\" src=\"https:\/\/images.ifun.de\/wp-content\/uploads\/2023\/10\/apple-pencil-kompatibilitaet-700x484.jpg\" alt=\"Apple Pencil Kompatibilitaet\" width=\"700\" height=\"484\" class=\"alignnone size-large wp-image-220647\" srcset=\"https:\/\/images.ifun.de\/wp-content\/uploads\/2023\/10\/apple-pencil-kompatibilitaet-700x484.jpg 700w, https:\/\/images.ifun.de\/wp-content\/uploads\/2023\/10\/apple-pencil-kompatibilitaet-500x346.jpg 500w, https:\/\/images.ifun.de\/wp-content\/uploads\/2023\/10\/apple-pencil-kompatibilitaet-768x531.jpg 768w, https:\/\/images.ifun.de\/wp-content\/uploads\/2023\/10\/apple-pencil-kompatibilitaet.jpg 1400w\" sizes=\"auto, (max-width: 700px) 100vw, 700px\" \/><\/a><\/p>\n<h2>Kompatibilit\u00e4t weiter mit ausschlaggebend<\/h2>\n<p>Die Frage, welchen Apple Pencil man sich als Begleitwerkzeug zum iPad zulegen soll, l\u00e4sst sich durch den neu vorgestellten Apple Pencil USB-C nun noch schwerer beantworten. Im Vordergrund steht nat\u00fcrlich zun\u00e4chst die Kompatibilit\u00e4t mit den verschiedenen iPad-Modellen, doch k\u00f6nnen Einschr\u00e4nkungen wie die fehlende Druckerkennung durchaus dazu f\u00fchren, dass man als Besitzer eines aktuellen iPad der zehnten Generation dennoch lieber zum in die Jahre gekommenen Apple Pencil 1 mit Lightning-Anschluss als zu der neuen USB-C-Variante greift.<\/p>\n<p>Vom Stra\u00dfenpreis der Stifte wollen wir dabei noch gar nicht reden. Der neue Apple Pencil wird anfangs kaum unter dem offiziellen Preis von 95 Euro erh\u00e4ltlich sein, den <a rel=\"noindex, nofollow\" href=\"http:\/\/www.ifun.de\/amzn\/B0BJM63GQK\">Apple Pencil 1<\/a> bekommt man bei Drittanbietern meist schon f\u00fcr etwa 100 Euro und der Apple Pencil 2 ist aktuell <a rel=\"noindex, nofollow\" href=\"http:\/\/www.ifun.de\/amzn\/B07K2PK3BV\">f\u00fcr 115 Euro<\/a> zu haben.<img loading=\"lazy\" decoding=\"async\" src=\"https:\/\/vg02.met.vgwort.de\/na\/016b3df6cb8c4c4283186bcee0a26ed0\" width=\"1\" height=\"1\" no-lazy class=\"tracking\"><\/p>\n","protected":false},"excerpt":{"rendered":"<a href=\"https:\/\/www.ifun.de\/apple-pencil-wer-die-wahl-hat-hat-die-qual-220645\/\"><img width=\"150\" height=\"150\" src=\"https:\/\/images.ifun.de\/wp-content\/uploads\/2023\/10\/3-apple-pencil-feature-150x150.jpg\" class=\"alignright tfe wp-post-image\" alt=\"3 Apple Pencil Feature\" decoding=\"async\" loading=\"lazy\" \/><\/a><p>Der neu von Apple vorgestellte Apple Pencil USB-C sorgt weiterhin f\u00fcr Diskussionen. In der Tat kann man Apple ankreiden, dass es sinnvoll gewesen w\u00e4re, den Zeichenstift bereits im vergangenen Jahr gemeinsam mit dem iPad der zehnten Generation auf den Markt zu bringen. Wir erinnern uns: Vor einem Jahr hat die Tatsache f\u00fcr Kopfsch\u00fctteln gesorgt, dass [&hellip;]<\/p>\n","protected":false},"author":2,"featured_media":220649,"comment_status":"open","ping_status":"closed","sticky":false,"template":"","format":"standard","meta":{"_acf_changed":false,"footnotes":""},"categories":[10],"tags":[2868,4740],"class_list":["post-220645","post","type-post","status-publish","format-standard","has-post-thumbnail","hentry","category-ipad","tag-apple-pencil","tag-ipad"],"acf":[],"aioseo_notices":[],"featured_image":["https:\/\/images.ifun.de\/wp-content\/uploads\/2023\/10\/3-apple-pencil-feature.jpg"],"subheadline":["Neuer ist nicht immer besser"],"rest_api_enabler":{"featured_image":"https:\/\/images.ifun.de\/wp-content\/uploads\/2023\/10\/3-apple-pencil-feature.jpg","subheadline":"Neuer ist nicht immer besser"},"_links":{"self":[{"href":"https:\/\/www.ifun.de\/apiv2\/wp\/v2\/posts\/220645","targetHints":{"allow":["GET"]}}],"collection":[{"href":"https:\/\/www.ifun.de\/apiv2\/wp\/v2\/posts"}],"about":[{"href":"https:\/\/www.ifun.de\/apiv2\/wp\/v2\/types\/post"}],"author":[{"embeddable":true,"href":"https:\/\/www.ifun.de\/apiv2\/wp\/v2\/users\/2"}],"replies":[{"embeddable":true,"href":"https:\/\/www.ifun.de\/apiv2\/wp\/v2\/comments?post=220645"}],"version-history":[{"count":3,"href":"https:\/\/www.ifun.de\/apiv2\/wp\/v2\/posts\/220645\/revisions"}],"predecessor-version":[{"id":220651,"href":"https:\/\/www.ifun.de\/apiv2\/wp\/v2\/posts\/220645\/revisions\/220651"}],"wp:featuredmedia":[{"embeddable":true,"href":"https:\/\/www.ifun.de\/apiv2\/wp\/v2\/media\/220649"}],"wp:attachment":[{"href":"https:\/\/www.ifun.de\/apiv2\/wp\/v2\/media?parent=220645"}],"wp:term":[{"taxonomy":"category","embeddable":true,"href":"https:\/\/www.ifun.de\/apiv2\/wp\/v2\/categories?post=220645"},{"taxonomy":"post_tag","embeddable":true,"href":"https:\/\/www.ifun.de\/apiv2\/wp\/v2\/tags?post=220645"}],"curies":[{"name":"wp","href":"https:\/\/api.w.org\/{rel}","templated":true}]}}