{"id":220576,"date":"2023-10-17T12:28:55","date_gmt":"2023-10-17T10:28:55","guid":{"rendered":"https:\/\/www.ifun.de\/?p=220576"},"modified":"2023-10-23T10:17:11","modified_gmt":"2023-10-23T08:17:11","slug":"apple-vision-pro-massenmarkt-modell-wohl-ohne-eyesight","status":"publish","type":"post","link":"https:\/\/www.ifun.de\/apple-vision-pro-massenmarkt-modell-wohl-ohne-eyesight-220576\/","title":{"rendered":"Apple Vision Pro: Massenmarkt-Modell wohl ohne EyeSight"},"content":{"rendered":"<p>Noch bevor Apple seine Datenbrille, die so genannte Apple Vision Pro, Anfang Juni im Rahmen der WWDC-Entwicklerkonferenz offiziell pr\u00e4sentierte, wurde in der Ger\u00fcchtek\u00fcche \u00fcber ein weiteres Modell gemunkelt, das sich bereits in der Entwicklung befinden soll.<\/p>\n<p><a href=\"https:\/\/images.ifun.de\/wp-content\/uploads\/2023\/06\/apple-vision-pro-power.png\"><img loading=\"lazy\" decoding=\"async\" class=\"aligncenter size-medium wp-image-211360\" src=\"https:\/\/images.ifun.de\/wp-content\/uploads\/2023\/06\/apple-vision-pro-power-500x430.png\" alt=\"Apple Vision Pro Power\" width=\"500\" height=\"430\" srcset=\"https:\/\/images.ifun.de\/wp-content\/uploads\/2023\/06\/apple-vision-pro-power-500x430.png 500w, https:\/\/images.ifun.de\/wp-content\/uploads\/2023\/06\/apple-vision-pro-power-700x602.png 700w, https:\/\/images.ifun.de\/wp-content\/uploads\/2023\/06\/apple-vision-pro-power-768x660.png 768w, https:\/\/images.ifun.de\/wp-content\/uploads\/2023\/06\/apple-vision-pro-power-1536x1321.png 1536w, https:\/\/images.ifun.de\/wp-content\/uploads\/2023\/06\/apple-vision-pro-power.png 1598w\" sizes=\"auto, (max-width: 500px) 100vw, 500px\" \/><\/a><\/p>\n<p>Apple, so die Theorie, w\u00fcrde mit einem teuren Allesk\u00f6nner in den Markt starten, der Early Adopter begeistern, Entwickler mit allen wichtigen Funktionen ausstatten und den Anwendern den Mund w\u00e4ssrig machen w\u00fcrde. Etwas sp\u00e4ter w\u00fcrde dann eine weitere Variante der Apple Vision (vielleicht ohne &#8222;Pro&#8220;) folgen, die auf einige Funktionen verzichten, daf\u00fcr aber einen g\u00fcnstigeren Verkaufspreis realisieren w\u00fcrde.<\/p>\n<h2>Wohl ab 4.100 Euro<\/h2>\n<p>Die Apple Vision Pro soll bekanntlich ab 3.499 US-Dollar angeboten werden &#8211; setzt man hier Apples regul\u00e4ren W\u00e4hrungskurs an, dann entspr\u00e4che dies einem europ\u00e4ischen Verkaufspreis von etwa ~4.100 Euro. Dass sich mit einem solchen Preisschild keine Verkaufsrekorde einstellen werden, versteht sich von allein.<\/p>\n<p><a href=\"https:\/\/images.ifun.de\/wp-content\/uploads\/2023\/06\/apple-vision-pro-akku-large.jpg\"><img loading=\"lazy\" decoding=\"async\" class=\"aligncenter size-large wp-image-211359\" src=\"https:\/\/images.ifun.de\/wp-content\/uploads\/2023\/06\/apple-vision-pro-akku-large-700x452.jpg\" alt=\"Apple Vision Pro Akku Large\" width=\"700\" height=\"452\" srcset=\"https:\/\/images.ifun.de\/wp-content\/uploads\/2023\/06\/apple-vision-pro-akku-large-700x452.jpg 700w, https:\/\/images.ifun.de\/wp-content\/uploads\/2023\/06\/apple-vision-pro-akku-large-500x323.jpg 500w, https:\/\/images.ifun.de\/wp-content\/uploads\/2023\/06\/apple-vision-pro-akku-large-768x496.jpg 768w, https:\/\/images.ifun.de\/wp-content\/uploads\/2023\/06\/apple-vision-pro-akku-large-1536x993.jpg 1536w, https:\/\/images.ifun.de\/wp-content\/uploads\/2023\/06\/apple-vision-pro-akku-large.jpg 1640w\" sizes=\"auto, (max-width: 700px) 100vw, 700px\" \/><\/a><\/p>\n<p>Entsprechend soll Apple planen, eine abgespeckte Variante der Apple Vision Pro anzubieten, die f\u00fcr deutlich weniger Geld erh\u00e4ltlich sein k\u00f6nnte. Intern soll Apple Verkaufspreise zwischen 1.500 und 2.500 US-Dollar anpeilen, was Euro-Preisen von 1.800 Euro bis 3.000 Euro entsprechen w\u00fcrde.<\/p>\n<h2>Ohne EyeSight und M-Chip<\/h2>\n<p>Um diese Einsparungen zu realisieren, <a href=\"https:\/\/www.bloomberg.com\/news\/newsletters\/2023-10-15\/apple-october-2023-executive-promotions-new-vps-of-retail-software-operations-lnrh4t94\">k\u00f6nnte Apple<\/a> auf das so genannte EyeSight-Feature verzichten, also auf das nach au\u00dfen gerichtete Display, das die Augen der Vision-Pro-Nutzer anzeigt, um zu signalisieren, ob diese gerade ansprechbar oder mit ihren Apps besch\u00e4ftigt sind.<\/p>\n<p><a href=\"https:\/\/images.ifun.de\/wp-content\/uploads\/2023\/06\/Apple-WWCD23-Vision-Pro-lifestyle-with-battery-FaceTime-230605_big.jpg.large_2x.jpg\"><img loading=\"lazy\" decoding=\"async\" class=\"aligncenter size-large wp-image-211378\" src=\"https:\/\/images.ifun.de\/wp-content\/uploads\/2023\/06\/Apple-WWCD23-Vision-Pro-lifestyle-with-battery-FaceTime-230605_big.jpg.large_2x-700x466.jpg\" alt=\"Apple WWCD23 Vision Pro Lifestyle With Battery FaceTime 230605 Big.jpg.large 2x\" width=\"700\" height=\"466\" srcset=\"https:\/\/images.ifun.de\/wp-content\/uploads\/2023\/06\/Apple-WWCD23-Vision-Pro-lifestyle-with-battery-FaceTime-230605_big.jpg.large_2x-700x466.jpg 700w, https:\/\/images.ifun.de\/wp-content\/uploads\/2023\/06\/Apple-WWCD23-Vision-Pro-lifestyle-with-battery-FaceTime-230605_big.jpg.large_2x-500x333.jpg 500w, https:\/\/images.ifun.de\/wp-content\/uploads\/2023\/06\/Apple-WWCD23-Vision-Pro-lifestyle-with-battery-FaceTime-230605_big.jpg.large_2x-768x512.jpg 768w, https:\/\/images.ifun.de\/wp-content\/uploads\/2023\/06\/Apple-WWCD23-Vision-Pro-lifestyle-with-battery-FaceTime-230605_big.jpg.large_2x-1536x1023.jpg 1536w, https:\/\/images.ifun.de\/wp-content\/uploads\/2023\/06\/Apple-WWCD23-Vision-Pro-lifestyle-with-battery-FaceTime-230605_big.jpg.large_2x.jpg 1960w\" sizes=\"auto, (max-width: 700px) 100vw, 700px\" \/><\/a><\/p>\n<p>Ebenfalls dem Rotstift zum Opfer fallen k\u00f6nnte der verbaute M-Chip, der auch in Apples Macs zum Einsatz kommt. Dieser k\u00f6nnte in einem g\u00fcnstigeren Modell der Apple Vision Pro durch einen iPhone-Chip ersetzt werden.<\/p>\n<p>Neben der abgespeckten Version der Apple Vision Pro sollen Apples Ingenieure bereits an der zweiten Generation der Datenbrille arbeiten, die leichter und etwas kleiner ausfallen soll. Apple Vision Pro soll Anfang 2024 in den amerikanischen Handel kommen.<\/p>\n<p><img loading=\"lazy\" decoding=\"async\" src=\"https:\/\/vg05.met.vgwort.de\/na\/59af5b54658746d49ee654230bf8b98b\" width=\"1\" height=\"1\" no-lazy class=\"tracking\"><\/p>\n","protected":false},"excerpt":{"rendered":"<a href=\"https:\/\/www.ifun.de\/apple-vision-pro-massenmarkt-modell-wohl-ohne-eyesight-220576\/\"><img width=\"150\" height=\"150\" src=\"https:\/\/images.ifun.de\/wp-content\/uploads\/2023\/10\/apple-vision-pro-150x150.jpg\" class=\"alignright tfe wp-post-image\" alt=\"Apple Vision Pro\" decoding=\"async\" loading=\"lazy\" \/><\/a><p>Noch bevor Apple seine Datenbrille, die so genannte Apple Vision Pro, Anfang Juni im Rahmen der WWDC-Entwicklerkonferenz offiziell pr\u00e4sentierte, wurde in der Ger\u00fcchtek\u00fcche \u00fcber ein weiteres Modell gemunkelt, das sich bereits in der Entwicklung befinden soll. Apple, so die Theorie, w\u00fcrde mit einem teuren Allesk\u00f6nner in den Markt starten, der Early Adopter begeistern, Entwickler mit [&hellip;]<\/p>\n","protected":false},"author":1,"featured_media":220577,"comment_status":"open","ping_status":"closed","sticky":false,"template":"","format":"standard","meta":{"_acf_changed":false,"footnotes":""},"categories":[1,1783],"tags":[6169,3910,6322],"class_list":["post-220576","post","type-post","status-publish","format-standard","has-post-thumbnail","hentry","category-news","category-feature","tag-apple-vision-pro","tag-geruechte","tag-rumors"],"acf":[],"aioseo_notices":[],"featured_image":["https:\/\/images.ifun.de\/wp-content\/uploads\/2023\/10\/apple-vision-pro.jpg"],"subheadline":["Kein Au\u00dfendisplay, kein M-Chip"],"rest_api_enabler":{"featured_image":"https:\/\/images.ifun.de\/wp-content\/uploads\/2023\/10\/apple-vision-pro.jpg","subheadline":"Kein Au\u00dfendisplay, kein M-Chip"},"_links":{"self":[{"href":"https:\/\/www.ifun.de\/apiv2\/wp\/v2\/posts\/220576","targetHints":{"allow":["GET"]}}],"collection":[{"href":"https:\/\/www.ifun.de\/apiv2\/wp\/v2\/posts"}],"about":[{"href":"https:\/\/www.ifun.de\/apiv2\/wp\/v2\/types\/post"}],"author":[{"embeddable":true,"href":"https:\/\/www.ifun.de\/apiv2\/wp\/v2\/users\/1"}],"replies":[{"embeddable":true,"href":"https:\/\/www.ifun.de\/apiv2\/wp\/v2\/comments?post=220576"}],"version-history":[{"count":2,"href":"https:\/\/www.ifun.de\/apiv2\/wp\/v2\/posts\/220576\/revisions"}],"predecessor-version":[{"id":220580,"href":"https:\/\/www.ifun.de\/apiv2\/wp\/v2\/posts\/220576\/revisions\/220580"}],"wp:featuredmedia":[{"embeddable":true,"href":"https:\/\/www.ifun.de\/apiv2\/wp\/v2\/media\/220577"}],"wp:attachment":[{"href":"https:\/\/www.ifun.de\/apiv2\/wp\/v2\/media?parent=220576"}],"wp:term":[{"taxonomy":"category","embeddable":true,"href":"https:\/\/www.ifun.de\/apiv2\/wp\/v2\/categories?post=220576"},{"taxonomy":"post_tag","embeddable":true,"href":"https:\/\/www.ifun.de\/apiv2\/wp\/v2\/tags?post=220576"}],"curies":[{"name":"wp","href":"https:\/\/api.w.org\/{rel}","templated":true}]}}