{"id":220469,"date":"2023-10-16T06:47:00","date_gmt":"2023-10-16T04:47:00","guid":{"rendered":"https:\/\/www.ifun.de\/?p=220469"},"modified":"2023-10-16T06:55:48","modified_gmt":"2023-10-16T04:55:48","slug":"morgen-sollen-neue-ipad-kommen-oder-zumindest-der-apple-pencil-3","status":"publish","type":"post","link":"https:\/\/www.ifun.de\/morgen-sollen-neue-ipad-kommen-oder-zumindest-der-apple-pencil-3-220469\/","title":{"rendered":"Morgen sollen neue iPads kommen (oder zumindest der Apple Pencil 3)"},"content":{"rendered":"<p>In dieser Woche stehen mit hoher Wahrscheinlichkeit Neuigkeiten in Sachen iPad an. Allerdings gehen die Meinungen dar\u00fcber auseinander, ob Apple tats\u00e4chlich neue iPads vorstellen oder lediglich die n\u00e4chste Generation des Apple Pencil an den Start bringen wird.<\/p>\n<p>Aus dem Bauch heraus w\u00fcrden wir ja sagen, dass die Vorstellung einer neuen Generation des Apple Pencil ohne begleitendes neues Tablet-Modell ziemlich unwahrscheinlich ist. Gewissheit erlangen wir wohl morgen oder \u00fcbermorgen. Apple legt seine \u201estillen Produktank\u00fcndigungen\u201c per Pressemitteilung meistens auf einen Dienstag, seltener wurde f\u00fcr dergleichen auch schon der Mittwoch genutzt.<\/p>\n<h2>Auch ein neues Basis-iPad?<\/h2>\n<p>Ins Rollen gekommen sind die iPad-Spekulationen f\u00fcr diese Woche durch einen Bericht des Bloggers <a href=\"https:\/\/superchargednews.com\/2023\/10\/14\/apple-launching-new-ipads-this-week\/\">Sami Fathi<\/a>, demzufolge Apple in dieser Woche nicht nur die schon seit l\u00e4ngerer Zeit <a href=\"https:\/\/twitter.com\/markgurman\/status\/1713649746441822239\">erwarteten<\/a> neuen Modelle des iPad Air und iPad mini, sondern auch ein neues Basismodell des iPad vorstellt. Hier ist der Vorg\u00e4nger erst seit einem Jahr am Markt.<\/p>\n<p><a href=\"https:\/\/images.ifun.de\/wp-content\/uploads\/2022\/03\/ipad-air-lifestyle.jpg\"><img loading=\"lazy\" decoding=\"async\" src=\"https:\/\/images.ifun.de\/wp-content\/uploads\/2022\/03\/ipad-air-lifestyle-700x497.jpg\" alt=\"Ipad Air Lifestyle\" width=\"700\" height=\"497\" class=\"alignnone size-large wp-image-183424\" srcset=\"https:\/\/images.ifun.de\/wp-content\/uploads\/2022\/03\/ipad-air-lifestyle-700x497.jpg 700w, https:\/\/images.ifun.de\/wp-content\/uploads\/2022\/03\/ipad-air-lifestyle-500x355.jpg 500w, https:\/\/images.ifun.de\/wp-content\/uploads\/2022\/03\/ipad-air-lifestyle-768x545.jpg 768w, https:\/\/images.ifun.de\/wp-content\/uploads\/2022\/03\/ipad-air-lifestyle.jpg 1400w\" sizes=\"auto, (max-width: 700px) 100vw, 700px\" \/><\/a><\/p>\n<p>Die neuen iPads sollen in erster Linie mit Leistungsverbesserungen unter der Haube ausgestattet werden. Das neue iPad Air der 6. Generation soll dann auf einen M2-Prozessor setzen und das iPad mini der 7. Generation mit Apples neuesten Mobilprozessor A16 Bionic ausgestattet sein.<\/p>\n<p>Der Bericht beruft sich dabei auf Apple-interne Quellen, denen zufolge Apple die neuen Ger\u00e4te am morgigen 17. Oktober vorstellt und noch in dieser Woche die ersten Testger\u00e4te an Medienpartner verteilt.<\/p>\n<p>Das Apple-Blog <a href=\"https:\/\/9to5mac.com\/2023\/10\/15\/apple-to-announce-new-ipad-models-this-week-featuring-upgraded-chips\/\">9to5Mac<\/a> gibt vor, \u00fcber eigene Quellen eine Best\u00e4tigung f\u00fcr die f\u00fcr morgen anstehende Vorstellung der neuen iPad-Modelle erhalten zu haben.<\/p>\n<h2>Apple Pencil 2 mit Magnetspitzen<\/h2>\n<p>Diesem Programmablauf widersprechen allerdings andere Berichterstatter. So sieht das japanische Apple-Blog <a href=\"https:\/\/www-macotakara-jp.translate.goog\/rumor\/entry-45469.html?_x_tr_sl=auto&amp;_x_tr_tl=de&amp;_x_tr_hl=de&amp;_x_tr_pto=wapp\">MacOtakara<\/a> (Google-\u00dcbersetzung) lediglich eine neue Version des Apple Pencil kommen. Zuvor schon hat der f\u00fcr gew\u00f6hnlich gut informierte Bloomberg-Autor Mark Gurman in seinem <a href=\"https:\/\/twitter.com\/markgurman\/status\/1713649746441822239\">Newsletter<\/a> verlauten lassen, dass die neuen Modelle des Basis-iPad, des iPad Air und des iPad mini zwar in Arbeit seien, er jedoch nicht davon ausgehe, dass hier relevante Updates unmittelbar bevorstehen. Wie eingangs bereits geschrieben, w\u00e4re die Ank\u00fcndigung eines neuen Apple Pencil 3 ohne zus\u00e4tzliches Beiwerk in unseren Augen allerdings mehr als ungew\u00f6hnlich. <\/p>\n<blockquote class=\"twitter-tweet\">\n<p lang=\"en\" dir=\"ltr\">Based on what my source reported<br \/>the new Apple Pencil 3 will come with interchangeable magnetic tips<\/p>\n<p>(for drawing, technical drawing and painting) <a href=\"https:\/\/t.co\/AXUdpbZFVh\">pic.twitter.com\/AXUdpbZFVh<\/a><\/p>\n<p>&mdash; Majin Bu (@MajinBuOfficial) <a href=\"https:\/\/twitter.com\/MajinBuOfficial\/status\/1708118363631743055?ref_src=twsrc%5Etfw\">September 30, 2023<\/a><\/p><\/blockquote>\n<p> <script async src=\"https:\/\/platform.twitter.com\/widgets.js\" charset=\"utf-8\"><\/script><\/p>\n<p>In die Jahre gekommen ist der Apple Pencil auch in seiner aktuellen Generation ohne Frage. Der Zeichenstift wurde zuletzt 2018 aktualisiert und aktuell ist im Gespr\u00e4ch, dass ein neues Modell mit auswechselbaren Magnetspitzen ausgestattet ist, die dann jeweils f\u00fcr Aufgaben wie Malen, Illustrationen und technisches Zeichnen optimiert sind.<img loading=\"lazy\" decoding=\"async\" src=\"https:\/\/vg01.met.vgwort.de\/na\/231114c399324568a933f2d3be777197\" width=\"1\" height=\"1\" no-lazy class=\"tracking\"><\/p>\n","protected":false},"excerpt":{"rendered":"<a href=\"https:\/\/www.ifun.de\/morgen-sollen-neue-ipad-kommen-oder-zumindest-der-apple-pencil-3-220469\/\"><img decoding=\"async\" width=\"150\" src=\"https:\/\/images.ifun.de\/wp-content\/uploads\/2022\/03\/ipad-air-lifestyle-700x497.jpg\" class=\"alignright wp-post-image tfe\" alt=\"Ipad Air Lifestyle\" title=\"\" \/><\/a><p>In dieser Woche stehen mit hoher Wahrscheinlichkeit Neuigkeiten in Sachen iPad an. Allerdings gehen die Meinungen dar\u00fcber auseinander, ob Apple tats\u00e4chlich neue iPads vorstellen oder lediglich die n\u00e4chste Generation des Apple Pencil an den Start bringen wird. Aus dem Bauch heraus w\u00fcrden wir ja sagen, dass die Vorstellung einer neuen Generation des Apple Pencil ohne [&hellip;]<\/p>\n","protected":false},"author":2,"featured_media":0,"comment_status":"open","ping_status":"closed","sticky":false,"template":"","format":"standard","meta":{"_acf_changed":false,"footnotes":""},"categories":[10],"tags":[2868,2067,1335],"class_list":["post-220469","post","type-post","status-publish","format-standard","hentry","category-ipad","tag-apple-pencil","tag-ipad-air","tag-ipad-mini"],"acf":[],"aioseo_notices":[],"featured_image":["https:\/\/images.ifun.de\/wp-content\/uploads\/2022\/10\/ipad-10-mit-apple-pencil-feature.jpg"],"subheadline":["Apple-Hardware im Oktober"],"rest_api_enabler":{"featured_image":"https:\/\/images.ifun.de\/wp-content\/uploads\/2022\/10\/ipad-10-mit-apple-pencil-feature.jpg","subheadline":"Apple-Hardware im Oktober"},"_links":{"self":[{"href":"https:\/\/www.ifun.de\/apiv2\/wp\/v2\/posts\/220469","targetHints":{"allow":["GET"]}}],"collection":[{"href":"https:\/\/www.ifun.de\/apiv2\/wp\/v2\/posts"}],"about":[{"href":"https:\/\/www.ifun.de\/apiv2\/wp\/v2\/types\/post"}],"author":[{"embeddable":true,"href":"https:\/\/www.ifun.de\/apiv2\/wp\/v2\/users\/2"}],"replies":[{"embeddable":true,"href":"https:\/\/www.ifun.de\/apiv2\/wp\/v2\/comments?post=220469"}],"version-history":[{"count":5,"href":"https:\/\/www.ifun.de\/apiv2\/wp\/v2\/posts\/220469\/revisions"}],"predecessor-version":[{"id":220475,"href":"https:\/\/www.ifun.de\/apiv2\/wp\/v2\/posts\/220469\/revisions\/220475"}],"wp:attachment":[{"href":"https:\/\/www.ifun.de\/apiv2\/wp\/v2\/media?parent=220469"}],"wp:term":[{"taxonomy":"category","embeddable":true,"href":"https:\/\/www.ifun.de\/apiv2\/wp\/v2\/categories?post=220469"},{"taxonomy":"post_tag","embeddable":true,"href":"https:\/\/www.ifun.de\/apiv2\/wp\/v2\/tags?post=220469"}],"curies":[{"name":"wp","href":"https:\/\/api.w.org\/{rel}","templated":true}]}}