{"id":220247,"date":"2023-10-11T11:07:45","date_gmt":"2023-10-11T09:07:45","guid":{"rendered":"https:\/\/www.ifun.de\/?p=220247"},"modified":"2023-10-17T09:08:20","modified_gmt":"2023-10-17T07:08:20","slug":"ard-und-zdf-gemeinsame-streaming-plattform-startet-offiziell","status":"publish","type":"post","link":"https:\/\/www.ifun.de\/ard-und-zdf-gemeinsame-streaming-plattform-startet-offiziell-220247\/","title":{"rendered":"ARD und ZDF: Gemeinsame Streaming-Plattform startet offiziell"},"content":{"rendered":"<p><a href=\"https:\/\/www.iphone-ticker.de\/ard-und-zdf-gemeinsames-streaming-netzwerk-im-anmarsch-176106\/\">Schon l\u00e4nger<\/a> arbeiten die Verantwortlichen von ARD und ZDF daran, die Inhalte ihrer Mediatheken einfacher zug\u00e4nglich zu machen und die k\u00fcnstlichen H\u00fcrden zwischen den Angeboten der Arbeitsgemeinschaft und denen unter dem Dach des Zweiten Deutschen Fernsehens organisierten Programmen abzuschaffen. Heute nun ist der Startschuss f\u00fcr die gemeinsame Streaming-Plattform offiziell gefallen.<\/p>\n<p>F\u00fcr Anwender \u00e4u\u00dfert sich das Zusammenwachsen der Digitalangebote vor allem durch die nun grenzenlosen Mediatheken von ARD und ZDF. Unabh\u00e4ngig davon, ob Anwender die ARD-Mediathek oder das ZDF-Pendant besuchen, f\u00f6rdern Suchfunktion und Empfehlungsalgorithmen fortan auch die Inhalte der jeweils anderen Plattform zu Tage. L\u00e4sst sich in der ARD-Mediathek die letzte Ausstrahlung des &#8222;heute journal&#8220; aufrufen, k\u00f6nnen in der ZDF-Mediathek jetzt auch die &#8222;Tagesthemen&#8220; angesteuert und wiedergegeben werden.<\/p>\n<p><a href=\"https:\/\/images.ifun.de\/wp-content\/uploads\/2023\/10\/heute-journal.png\"><img loading=\"lazy\" decoding=\"async\" class=\"aligncenter size-large wp-image-220248\" src=\"https:\/\/images.ifun.de\/wp-content\/uploads\/2023\/10\/heute-journal-700x506.png\" alt=\"Heute Journal\" width=\"700\" height=\"506\" srcset=\"https:\/\/images.ifun.de\/wp-content\/uploads\/2023\/10\/heute-journal-700x506.png 700w, https:\/\/images.ifun.de\/wp-content\/uploads\/2023\/10\/heute-journal-500x361.png 500w, https:\/\/images.ifun.de\/wp-content\/uploads\/2023\/10\/heute-journal-768x555.png 768w, https:\/\/images.ifun.de\/wp-content\/uploads\/2023\/10\/heute-journal-1536x1109.png 1536w, https:\/\/images.ifun.de\/wp-content\/uploads\/2023\/10\/heute-journal-2048x1479.png 2048w\" sizes=\"auto, (max-width: 700px) 100vw, 700px\" \/><\/a><\/p>\n<p>Die engere Zusammenarbeit der beiden Plattformen wurde unter anderem dadurch erm\u00f6glicht, dass sowohl die ARD als auch das ZDF auf einem gemeinsamen Unterbau <a href=\"https:\/\/algorithmen.zdf.de\/\">mit offenen Algorithmen<\/a> setzen und schon l\u00e4nger die Anmeldung mit demselben Login gestatten.<\/p>\n<ul>\n<li><strong>ARD und ZDF:<\/strong> <a title=\"ARD und ZDF: Mediatheken mit gemeinsamen Login\" href=\"https:\/\/www.iphone-ticker.de\/ard-und-zdf-mediatheken-mit-gemeinsamen-login-155539\/\">Mediatheken mit gemeinsamen Login<\/a><\/li>\n<\/ul>\n<p>Im Nachgang der RBB-Aff\u00e4re um die inzwischen abgesetzte Intendantin Patricia Schlesinger haben die Intendantinnen und Intendanten der \u00f6ffentlich-rechtlichen Anstalten eine <a href=\"https:\/\/www.ifun.de\/digitale-erneuerung-bei-ard-und-zdf-ausarbeitung-bis-jahresende-212554\/\">digitale Erneuerung angek\u00fcndigt<\/a>.<\/p>\n<h2>Nach Netflix auf dem 2. Platz<\/h2>\n<p>Die neue, gemeinsame Streaming-Plattform ordnet sich auf dem deutschen Markt an zweiter Stelle hinter Netflix und noch vor Amazon ein. Hier werden fortan die Inhalte und Programme der folgenden Sender aufzufinden sein:<\/p>\n<ul>\n<li><strong>ARD: <\/strong>ARD alpha, BR Fernsehen, Das Erste, DW-TV, HR-Fernsehen, MDR Fernsehen, NDR Fernsehen,  One, Radio Bremen TV, rbb Fernsehen, SR Fernsehen, SWR Fernsehen, Tagesschau24 und WDR Fernsehen<\/li>\n<li><strong>ZDF:<\/strong> ZDF, ZDFinfo und ZDFneo<\/li>\n<li><strong>ARD und ZDF: <\/strong>3sat, Arte, Funk, KiKA und Phoenix<\/li>\n<\/ul>\n<p>Zuletzt stellte die ARD <a href=\"https:\/\/www.ifun.de\/zur-ifa-ard-wird-generalueberholte-mediathek-praesentieren-125807\/\">im Jahr 2018<\/a> eine gemeinsame Mediathek f\u00fcr alle Programme der \u00f6ffentlich-rechtlichen Rundfunkanstalten vor. <\/p>\n<p><img loading=\"lazy\" decoding=\"async\" src=\"https:\/\/vg05.met.vgwort.de\/na\/63445adb7420401f83f17556872be89b\" width=\"1\" height=\"1\" no-lazy class=\"tracking\"><\/p>\n","protected":false},"excerpt":{"rendered":"<a href=\"https:\/\/www.ifun.de\/ard-und-zdf-gemeinsame-streaming-plattform-startet-offiziell-220247\/\"><img width=\"150\" height=\"150\" src=\"https:\/\/images.ifun.de\/wp-content\/uploads\/2023\/10\/heute-journal-150x150.png\" class=\"alignright tfe wp-post-image\" alt=\"Heute Journal\" decoding=\"async\" loading=\"lazy\" \/><\/a><p>Schon l\u00e4nger arbeiten die Verantwortlichen von ARD und ZDF daran, die Inhalte ihrer Mediatheken einfacher zug\u00e4nglich zu machen und die k\u00fcnstlichen H\u00fcrden zwischen den Angeboten der Arbeitsgemeinschaft und denen unter dem Dach des Zweiten Deutschen Fernsehens organisierten Programmen abzuschaffen. Heute nun ist der Startschuss f\u00fcr die gemeinsame Streaming-Plattform offiziell gefallen. F\u00fcr Anwender \u00e4u\u00dfert sich das [&hellip;]<\/p>\n","protected":false},"author":1,"featured_media":220248,"comment_status":"open","ping_status":"closed","sticky":false,"template":"","format":"standard","meta":{"_acf_changed":false,"footnotes":""},"categories":[1,1783],"tags":[183,1169,62],"class_list":["post-220247","post","type-post","status-publish","format-standard","has-post-thumbnail","hentry","category-news","category-feature","tag-ard","tag-mediathek","tag-zdf"],"acf":[],"aioseo_notices":[],"featured_image":["https:\/\/images.ifun.de\/wp-content\/uploads\/2023\/06\/ard-zdf-feature.jpg"],"subheadline":["Nach Netflix auf dem 2. Platz"],"rest_api_enabler":{"featured_image":"https:\/\/images.ifun.de\/wp-content\/uploads\/2023\/06\/ard-zdf-feature.jpg","subheadline":"Nach Netflix auf dem 2. Platz"},"_links":{"self":[{"href":"https:\/\/www.ifun.de\/apiv2\/wp\/v2\/posts\/220247","targetHints":{"allow":["GET"]}}],"collection":[{"href":"https:\/\/www.ifun.de\/apiv2\/wp\/v2\/posts"}],"about":[{"href":"https:\/\/www.ifun.de\/apiv2\/wp\/v2\/types\/post"}],"author":[{"embeddable":true,"href":"https:\/\/www.ifun.de\/apiv2\/wp\/v2\/users\/1"}],"replies":[{"embeddable":true,"href":"https:\/\/www.ifun.de\/apiv2\/wp\/v2\/comments?post=220247"}],"version-history":[{"count":1,"href":"https:\/\/www.ifun.de\/apiv2\/wp\/v2\/posts\/220247\/revisions"}],"predecessor-version":[{"id":220249,"href":"https:\/\/www.ifun.de\/apiv2\/wp\/v2\/posts\/220247\/revisions\/220249"}],"wp:featuredmedia":[{"embeddable":true,"href":"https:\/\/www.ifun.de\/apiv2\/wp\/v2\/media\/220248"}],"wp:attachment":[{"href":"https:\/\/www.ifun.de\/apiv2\/wp\/v2\/media?parent=220247"}],"wp:term":[{"taxonomy":"category","embeddable":true,"href":"https:\/\/www.ifun.de\/apiv2\/wp\/v2\/categories?post=220247"},{"taxonomy":"post_tag","embeddable":true,"href":"https:\/\/www.ifun.de\/apiv2\/wp\/v2\/tags?post=220247"}],"curies":[{"name":"wp","href":"https:\/\/api.w.org\/{rel}","templated":true}]}}