{"id":219907,"date":"2023-10-06T10:43:45","date_gmt":"2023-10-06T08:43:45","guid":{"rendered":"https:\/\/www.ifun.de\/?p=219907"},"modified":"2023-10-12T07:25:08","modified_gmt":"2023-10-12T05:25:08","slug":"ipad-air-und-ipad-mini-neue-versionen-in-den-naechsten-monaten","status":"publish","type":"post","link":"https:\/\/www.ifun.de\/ipad-air-und-ipad-mini-neue-versionen-in-den-naechsten-monaten-219907\/","title":{"rendered":"iPad Air und iPad mini: Neue Versionen &#8222;in den n\u00e4chsten Monaten&#8220;"},"content":{"rendered":"<p>Wenn ihr aktuell mit dem Gedanken spielt, ein neues iPad zu kaufen, ist guter Rat teuer. Die Ger\u00fcchtek\u00fcche sieht neue Modelle des iPad Air und des iPad mini in den n\u00e4chsten Monaten im Anmarsch. Allerdings scheint nicht ausgeschlossen, dass wir in diesem Jahr erstmals seit der Vorstellungen des allerersten iPads im Jahr 2010 keine Neuauflage des Apple-Tablets pr\u00e4sentiert bekommen.<\/p>\n<p><a href=\"https:\/\/images.ifun.de\/wp-content\/uploads\/2021\/09\/ipad-mini-small.jpg\"><img loading=\"lazy\" decoding=\"async\" src=\"https:\/\/images.ifun.de\/wp-content\/uploads\/2021\/09\/ipad-mini-small-500x391.jpg\" alt=\"Ipad Mini Small\" width=\"500\" height=\"391\" class=\"alignnone size-medium wp-image-175464\" srcset=\"https:\/\/images.ifun.de\/wp-content\/uploads\/2021\/09\/ipad-mini-small-500x391.jpg 500w, https:\/\/images.ifun.de\/wp-content\/uploads\/2021\/09\/ipad-mini-small-700x548.jpg 700w, https:\/\/images.ifun.de\/wp-content\/uploads\/2021\/09\/ipad-mini-small-768x601.jpg 768w, https:\/\/images.ifun.de\/wp-content\/uploads\/2021\/09\/ipad-mini-small.jpg 1373w\" sizes=\"auto, (max-width: 500px) 100vw, 500px\" \/><\/a><\/p>\n<p>Zuletzt hat Apple sein iPad-Programm im Oktober vergangenen Jahres \u00fcberarbeitet und neben dem iPad der zehnten Generation auch neue Modelle des iPad Pro mit 11 Zoll und 12,9 Zoll Bildschirmgr\u00f6\u00dfe vorgestellt. Das <a href=\"https:\/\/www.apple.com\/de\/ipad-air\/\">iPad Air<\/a> hat dagegen ein halbes Jahr mehr auf dem Buckel, die derzeit hier noch aktuelle f\u00fcnfte Generation stammt aus dem M\u00e4rz 2022. Das aktuell in der sechsten Generation vorliegende <a href=\"https:\/\/www.apple.com\/de\/ipad-mini\/\">iPad mini<\/a> hat im September bereits seinen zweiten Geburtstag gefeiert.<\/p>\n<p>Eben diese beiden seit l\u00e4ngerer Zeit nicht mehr aktualisierten iPad-Modelle sollen demn\u00e4chst in neuen Generationen erscheinen. Das Apple-Blog <a href=\"https:\/\/9to5mac.com\/2023\/10\/05\/ipad-mini-7-new-ipad-air-rumors\/\">9to5Mac<\/a> zitiert diesbez\u00fcglich nicht n\u00e4her benannte Quellen, die sich allerdings zumindest mit Blick auf den Zeitpunkt der Vorstellung nicht konkret festlegen wollen. Die Rede ist lediglich von einem Marktstart in den n\u00e4chsten Monaten &#8211; somit bleibt unklar, ob Apple hier noch rechtzeitig f\u00fcr das Weihnachtsgesch\u00e4ft nachlegt.<\/p>\n<p><a href=\"https:\/\/images.ifun.de\/wp-content\/uploads\/2022\/03\/ipad-air-lifestyle.jpg\"><img loading=\"lazy\" decoding=\"async\" src=\"https:\/\/images.ifun.de\/wp-content\/uploads\/2022\/03\/ipad-air-lifestyle-700x497.jpg\" alt=\"Ipad Air Lifestyle\" width=\"700\" height=\"497\" class=\"alignnone size-large wp-image-183424\" srcset=\"https:\/\/images.ifun.de\/wp-content\/uploads\/2022\/03\/ipad-air-lifestyle-700x497.jpg 700w, https:\/\/images.ifun.de\/wp-content\/uploads\/2022\/03\/ipad-air-lifestyle-500x355.jpg 500w, https:\/\/images.ifun.de\/wp-content\/uploads\/2022\/03\/ipad-air-lifestyle-768x545.jpg 768w, https:\/\/images.ifun.de\/wp-content\/uploads\/2022\/03\/ipad-air-lifestyle.jpg 1400w\" sizes=\"auto, (max-width: 700px) 100vw, 700px\" \/><\/a><\/p>\n<h2>iPad Air schneller oder auch gr\u00f6\u00dferer Bildschirm?<\/h2>\n<p>Grunds\u00e4tzlich pr\u00e4sentieren sich das iPad Air und auch das iPad mini jetzt schon auf aktuellem Stand und verf\u00fcgen \u00fcber einen vollfl\u00e4chigen Bildschirm, Touch-ID in der Seitentaste und einem USB-C-Ladeanschluss. Verbesserungen d\u00fcrfen wir somit in erster Linie unter der Haube erwarten. Beim iPad Air d\u00fcrfte der M1-Prozessor und beim iPad mini der Prozessor vom Typ A15 Bionic durch ein schnelleres Modell ersetzt werden. Sowohl das iPad Air als auch das iPad mini sind bereits in ihrer aktuellen Generation mit dem <a href=\"https:\/\/www.apple.com\/de\/shop\/product\/MU8F2ZM\/A\/apple-pencil-2-generation\">Apple Pencil 2<\/a> kompatibel.<\/p>\n<p>Als vages Ger\u00fccht geistert allerdings noch die M\u00f6glichkeit umher, dass Apple das iPad Air k\u00fcnftig mit zwei Bildschirmgr\u00f6\u00dfen anbieten wird. Diese Spekulation baut darauf, dass Apple wohl vier neue Versionen des Tablets mit unterschiedlichen Codenamen testet (jeweils zwei mit und zwei ohne Cellular-Option). Das aktuelle iPad Air hat einen 10,9 Zoll gro\u00dfen Bildschirm und es wird diskutiert, ob Apple hier noch eine Variante mit gr\u00f6\u00dferem Display (beispielsweise 12,9 Zoll wie beim iPad Pro) anbieten wird.<img loading=\"lazy\" decoding=\"async\" src=\"https:\/\/vg01.met.vgwort.de\/na\/abef56afc0ea4b18860ab1023709b62b\" width=\"1\" height=\"1\" no-lazy class=\"tracking\"><\/p>\n","protected":false},"excerpt":{"rendered":"<a href=\"https:\/\/www.ifun.de\/ipad-air-und-ipad-mini-neue-versionen-in-den-naechsten-monaten-219907\/\"><img decoding=\"async\" width=\"150\" src=\"https:\/\/images.ifun.de\/wp-content\/uploads\/2021\/09\/ipad-mini-small-500x391.jpg\" class=\"alignright wp-post-image tfe\" alt=\"Ipad Mini Small\" title=\"\" \/><\/a><p>Wenn ihr aktuell mit dem Gedanken spielt, ein neues iPad zu kaufen, ist guter Rat teuer. Die Ger\u00fcchtek\u00fcche sieht neue Modelle des iPad Air und des iPad mini in den n\u00e4chsten Monaten im Anmarsch. Allerdings scheint nicht ausgeschlossen, dass wir in diesem Jahr erstmals seit der Vorstellungen des allerersten iPads im Jahr 2010 keine Neuauflage [&hellip;]<\/p>\n","protected":false},"author":2,"featured_media":0,"comment_status":"open","ping_status":"closed","sticky":false,"template":"","format":"standard","meta":{"_acf_changed":false,"footnotes":""},"categories":[10,1783],"tags":[2067,1335],"class_list":["post-219907","post","type-post","status-publish","format-standard","hentry","category-ipad","category-feature","tag-ipad-air","tag-ipad-mini"],"acf":[],"aioseo_notices":[],"featured_image":["https:\/\/images.ifun.de\/wp-content\/uploads\/2021\/09\/ipad-mini-2021-feature.jpg"],"subheadline":["2023 erstmals kein neues iPad?"],"rest_api_enabler":{"featured_image":"https:\/\/images.ifun.de\/wp-content\/uploads\/2021\/09\/ipad-mini-2021-feature.jpg","subheadline":"2023 erstmals kein neues iPad?"},"_links":{"self":[{"href":"https:\/\/www.ifun.de\/apiv2\/wp\/v2\/posts\/219907","targetHints":{"allow":["GET"]}}],"collection":[{"href":"https:\/\/www.ifun.de\/apiv2\/wp\/v2\/posts"}],"about":[{"href":"https:\/\/www.ifun.de\/apiv2\/wp\/v2\/types\/post"}],"author":[{"embeddable":true,"href":"https:\/\/www.ifun.de\/apiv2\/wp\/v2\/users\/2"}],"replies":[{"embeddable":true,"href":"https:\/\/www.ifun.de\/apiv2\/wp\/v2\/comments?post=219907"}],"version-history":[{"count":5,"href":"https:\/\/www.ifun.de\/apiv2\/wp\/v2\/posts\/219907\/revisions"}],"predecessor-version":[{"id":219912,"href":"https:\/\/www.ifun.de\/apiv2\/wp\/v2\/posts\/219907\/revisions\/219912"}],"wp:attachment":[{"href":"https:\/\/www.ifun.de\/apiv2\/wp\/v2\/media?parent=219907"}],"wp:term":[{"taxonomy":"category","embeddable":true,"href":"https:\/\/www.ifun.de\/apiv2\/wp\/v2\/categories?post=219907"},{"taxonomy":"post_tag","embeddable":true,"href":"https:\/\/www.ifun.de\/apiv2\/wp\/v2\/tags?post=219907"}],"curies":[{"name":"wp","href":"https:\/\/api.w.org\/{rel}","templated":true}]}}