{"id":219383,"date":"2023-09-27T10:38:27","date_gmt":"2023-09-27T08:38:27","guid":{"rendered":"https:\/\/www.ifun.de\/?p=219383"},"modified":"2023-10-02T19:28:08","modified_gmt":"2023-10-02T17:28:08","slug":"eu-kommissar-ruft-apple-zur-oeffnung-des-oekosystems-auf","status":"publish","type":"post","link":"https:\/\/www.ifun.de\/eu-kommissar-ruft-apple-zur-oeffnung-des-oekosystems-auf-219383\/","title":{"rendered":"EU-Kommissar fordert Apple zur \u00d6ffnung des \u00d6kosystems auf"},"content":{"rendered":"<p>Apple-Chef Tim Cook befindet sich gerade auf seiner j\u00e4hrlichen Rundreise durch Europa. Neben Abstechern nach Kopenhagen, Eindhoven und Madrid geh\u00f6rte auch ein Zwischenstopp in Br\u00fcssel zum Reiseprogramm des erfolgreichen CEOs. <\/p>\n<blockquote class=\"twitter-tweet\" data-conversation=\"none\" data-cards=\"hidden\">\n<p lang=\"en\" dir=\"ltr\">Together with Apple&#39;s CEO <a href=\"https:\/\/twitter.com\/tim_cook?ref_src=twsrc%5Etfw\">@tim_cook<\/a> &#x1f34f;<\/p>\n<p>&quot;Only one&quot; \u2014 making cable clutter a thing of the past &#x1f50c;<\/p>\n<p>Next: opening up gates to competitors <a href=\"https:\/\/twitter.com\/hashtag\/DMA?src=hash&amp;ref_src=twsrc%5Etfw\">#DMA<\/a> <\/p>\n<p>The EU is a major market for US companies and an opportunity to innovate &amp; diversify their supply chains &#x1f1ea;&#x1f1fa; <a href=\"https:\/\/t.co\/YX6qpVnfk1\">pic.twitter.com\/YX6qpVnfk1<\/a><\/p>\n<p>&mdash; Thierry Breton (@ThierryBreton) <a href=\"https:\/\/twitter.com\/ThierryBreton\/status\/1706619537167118816?ref_src=twsrc%5Etfw\">September 26, 2023<\/a><\/p><\/blockquote>\n<p> <script async src=\"https:\/\/platform.twitter.com\/widgets.js\" charset=\"utf-8\"><\/script><\/p>\n<p>In &#8222;Europas Hauptstadt&#8220; traf Tim Cook dann auf den europ\u00e4ischen Kommissar f\u00fcr Binnenmarkt und Dienstleistungen, Thierry Breton, der das Treffen f\u00fcr einen Hinweis auf die von der EU angesto\u00dfene Vereinheitlichung mobiler Ladestandards nutzte. Bekannterma\u00dfen hatten Vorgaben aus Europa dazu gef\u00fchrt, dass Apple sich von der Lighting-Buchse verabschiedete und dem iPhone 15 in diesem Jahr einen USB-C-Port mit auf den Weg gegeben hat. <\/p>\n<p>Auf dem Kurznachrichten-Portal X (vormals Twitter) hat Breton <a href=\"https:\/\/twitter.com\/ThierryBreton\/status\/1706619537167118816\/video\/2\">ein Kurzvideo ver\u00f6ffentlicht<\/a>, auf dem zu sehen ist, wie der wirtschaftsnahe Kommissar dem Apple Chef einen alten 30-Pin-Dock-Connector und andere Kabel pr\u00e4sentiert, die an vergangene Zeiten ohne einheitlichen Ladestandard erinnern sollen. Ein Etappensieg, bei dem es Breton ausdr\u00fccklich nicht belassen will. <\/p>\n<p><video autoplay loop playsinline muted poster=\"\" preload=\"auto\" controls=\"controls\" width=\"100%\" ><source src=\"https:\/\/images.ifun.de\/wp-content\/uploads\/2023\/09\/cook-breton.mp4\" \/><\/video><\/p>\n<h6>Thierry Breton zeigt Tim Cook alte Kabel<\/h6>\n<h2>USB-C-Pflicht nur ein Etappensieg<\/h2>\n<p>Die n\u00e4chste Aufgabe, dies unterstrich Breton <a href=\"https:\/\/www.reuters.com\/technology\/eus-breton-tells-apple-ceo-open-its-ecosystem-rivals-2023-09-26\/\">gegen\u00fcber der Nachrichten-Agentur Reuters<\/a>, bestehe f\u00fcr Apple und die anderen gro\u00dfen Tech-Unternehmen nun darin &#8222;ihre Tore f\u00fcr Wettbewerber zu \u00f6ffnen&#8220; und damit auf das Inkrafttreten des Digital Markets Act (DMA) zu reagieren. <\/p>\n<p><a href=\"https:\/\/images.ifun.de\/wp-content\/uploads\/2023\/09\/eu-gesetz-ueber-digitale-maerkte-torwaechter.jpg\"><img loading=\"lazy\" decoding=\"async\" src=\"https:\/\/images.ifun.de\/wp-content\/uploads\/2023\/09\/eu-gesetz-ueber-digitale-maerkte-torwaechter-700x381.jpg\" alt=\"Eu Gesetz Ueber Digitale Maerkte Torwaechter\" width=\"700\" height=\"381\" class=\"alignnone size-large wp-image-217706\" srcset=\"https:\/\/images.ifun.de\/wp-content\/uploads\/2023\/09\/eu-gesetz-ueber-digitale-maerkte-torwaechter-700x381.jpg 700w, https:\/\/images.ifun.de\/wp-content\/uploads\/2023\/09\/eu-gesetz-ueber-digitale-maerkte-torwaechter-500x272.jpg 500w, https:\/\/images.ifun.de\/wp-content\/uploads\/2023\/09\/eu-gesetz-ueber-digitale-maerkte-torwaechter-768x417.jpg 768w, https:\/\/images.ifun.de\/wp-content\/uploads\/2023\/09\/eu-gesetz-ueber-digitale-maerkte-torwaechter.jpg 940w\" sizes=\"auto, (max-width: 700px) 100vw, 700px\" \/><\/a><\/p>\n<p>Verbraucher sollten grunds\u00e4tzlich in der Lage sein bei der Auswahl von Wallet, App Store oder Browser nicht auf einen Anbieter angewiesen zu sein, sondern sollten von einem gesunden Wettbewerb profitieren und ihre Dienste aus einem breiten Angebot konkurrierender Anbieter w\u00e4hlen. <\/p>\n<p>Die EU sieht in Apple einen <a href=\"https:\/\/www.ifun.de\/gesetz-ueber-digitale-maerkte-apple-muss-auflagen-innerhalb-von-6-monaten-umsetzen-217702\/\">so genannten Torw\u00e4chter<\/a> f\u00fcr die im Rahmen des Gesetzes \u00fcber digitale M\u00e4rkte neue Vorgaben eingef\u00fchrt werden, die f\u00fcr einen st\u00e4rkeren Wettbewerb sorgen sollen. Im Fokus der Regulierer liegen der App Store, der Safari-Browser, das iOS-Betriebssystem und <a href=\"https:\/\/www.iphone-ticker.de\/apple-imessage-zu-klein-fuer-durchsetzung-von-eu-vorgaben-220545\/\">der Messenger-Dienst iMessage<\/a>. <\/p>\n<p><a href=\"https:\/\/images.ifun.de\/wp-content\/uploads\/2023\/09\/eu-gesetz-ueber-digitale-zeitplan-torwaechter.jpg\"><img loading=\"lazy\" decoding=\"async\" src=\"https:\/\/images.ifun.de\/wp-content\/uploads\/2023\/09\/eu-gesetz-ueber-digitale-zeitplan-torwaechter-700x389.jpg\" alt=\"Eu Gesetz Ueber Digitale Zeitplan Torwaechter\" width=\"700\" height=\"389\" class=\"alignnone size-large wp-image-217705\" srcset=\"https:\/\/images.ifun.de\/wp-content\/uploads\/2023\/09\/eu-gesetz-ueber-digitale-zeitplan-torwaechter-700x389.jpg 700w, https:\/\/images.ifun.de\/wp-content\/uploads\/2023\/09\/eu-gesetz-ueber-digitale-zeitplan-torwaechter-500x278.jpg 500w, https:\/\/images.ifun.de\/wp-content\/uploads\/2023\/09\/eu-gesetz-ueber-digitale-zeitplan-torwaechter-768x426.jpg 768w, https:\/\/images.ifun.de\/wp-content\/uploads\/2023\/09\/eu-gesetz-ueber-digitale-zeitplan-torwaechter.jpg 940w\" sizes=\"auto, (max-width: 700px) 100vw, 700px\" \/><\/a><br \/>\n<img loading=\"lazy\" decoding=\"async\" src=\"https:\/\/vg01.met.vgwort.de\/na\/ac35372c111e4026b5e3d71a09a2f3f7\" width=\"1\" height=\"1\" no-lazy class=\"tracking\"><\/p>\n","protected":false},"excerpt":{"rendered":"<a href=\"https:\/\/www.ifun.de\/eu-kommissar-ruft-apple-zur-oeffnung-des-oekosystems-auf-219383\/\"><img width=\"150\" height=\"150\" src=\"https:\/\/images.ifun.de\/wp-content\/uploads\/2023\/09\/cook-breton-150x150.jpg\" class=\"alignright tfe wp-post-image\" alt=\"Cook Breton\" decoding=\"async\" loading=\"lazy\" \/><\/a><p>Apple-Chef Tim Cook befindet sich gerade auf seiner j\u00e4hrlichen Rundreise durch Europa. Neben Abstechern nach Kopenhagen, Eindhoven und Madrid geh\u00f6rte auch ein Zwischenstopp in Br\u00fcssel zum Reiseprogramm des erfolgreichen CEOs. Together with Apple&#39;s CEO @tim_cook &#x1f34f; &quot;Only one&quot; \u2014 making cable clutter a thing of the past &#x1f50c; Next: opening up gates to competitors #DMA [&hellip;]<\/p>\n","protected":false},"author":1,"featured_media":219384,"comment_status":"open","ping_status":"closed","sticky":false,"template":"","format":"standard","meta":{"_acf_changed":false,"footnotes":""},"categories":[1,1783],"tags":[5861,5860,246,810,553,614],"class_list":["post-219383","post","type-post","status-publish","format-standard","has-post-thumbnail","hentry","category-news","category-feature","tag-dma","tag-dsa","tag-europa","tag-politik","tag-recht","tag-tim-cook"],"acf":[],"aioseo_notices":[],"featured_image":["https:\/\/images.ifun.de\/wp-content\/uploads\/2023\/09\/cook-breton.jpg"],"subheadline":["USB-C-Pflicht nur ein Etappensieg"],"rest_api_enabler":{"featured_image":"https:\/\/images.ifun.de\/wp-content\/uploads\/2023\/09\/cook-breton.jpg","subheadline":"USB-C-Pflicht nur ein Etappensieg"},"_links":{"self":[{"href":"https:\/\/www.ifun.de\/apiv2\/wp\/v2\/posts\/219383","targetHints":{"allow":["GET"]}}],"collection":[{"href":"https:\/\/www.ifun.de\/apiv2\/wp\/v2\/posts"}],"about":[{"href":"https:\/\/www.ifun.de\/apiv2\/wp\/v2\/types\/post"}],"author":[{"embeddable":true,"href":"https:\/\/www.ifun.de\/apiv2\/wp\/v2\/users\/1"}],"replies":[{"embeddable":true,"href":"https:\/\/www.ifun.de\/apiv2\/wp\/v2\/comments?post=219383"}],"version-history":[{"count":3,"href":"https:\/\/www.ifun.de\/apiv2\/wp\/v2\/posts\/219383\/revisions"}],"predecessor-version":[{"id":219390,"href":"https:\/\/www.ifun.de\/apiv2\/wp\/v2\/posts\/219383\/revisions\/219390"}],"wp:featuredmedia":[{"embeddable":true,"href":"https:\/\/www.ifun.de\/apiv2\/wp\/v2\/media\/219384"}],"wp:attachment":[{"href":"https:\/\/www.ifun.de\/apiv2\/wp\/v2\/media?parent=219383"}],"wp:term":[{"taxonomy":"category","embeddable":true,"href":"https:\/\/www.ifun.de\/apiv2\/wp\/v2\/categories?post=219383"},{"taxonomy":"post_tag","embeddable":true,"href":"https:\/\/www.ifun.de\/apiv2\/wp\/v2\/tags?post=219383"}],"curies":[{"name":"wp","href":"https:\/\/api.w.org\/{rel}","templated":true}]}}