{"id":21922,"date":"2012-02-11T10:43:54","date_gmt":"2012-02-11T09:43:54","guid":{"rendered":"http:\/\/www.ifun.de\/?p=21922"},"modified":"2012-02-11T10:53:16","modified_gmt":"2012-02-11T09:53:16","slug":"macbook-pro-ultraduenn-ohne-dvd-laufwerk","status":"publish","type":"post","link":"https:\/\/www.ifun.de\/macbook-pro-ultraduenn-ohne-dvd-laufwerk-21922\/","title":{"rendered":"Neue Ger\u00fcchte: Komplett \u00fcberarbeitetes, extrem schlankes MacBook Pro noch in diesem Jahr"},"content":{"rendered":"<p>Apple wird in diesem Jahr angeblich die komplette Pro-Notebook-Linie \u00fcberarbeiten und wesentliche Designelemente des MacBook Air auf das MacBook Pro \u00fcbertragen. Insbesondere soll das f\u00fcr das MacBook Air charakteristische, deutlich flacheres Geh\u00e4use zuk\u00fcnftig auch K\u00e4ufer eines MacBook Pro erfreuen. M\u00f6glich wird dies vor allem durch den Verzicht auf ein optisches Laufwerk, Apple setzt ja mittlerweile komplett auf den Softwaredownload \u00fcber den Mac App Store und liefert selbst das aktuelle Betriebssystem nur noch im Sonderfall auf klassischen Datentr\u00e4gern aus.<\/p>\n<p><img loading=\"lazy\" decoding=\"async\" src=\"http:\/\/images.ifun.de\/wp-content\/uploads\/2011\/11\/mb_air.jpg\" alt=\"\" title=\"mb_air\" width=\"464\" height=\"43\" class=\"alignnone size-full wp-image-18851\" srcset=\"https:\/\/images.ifun.de\/wp-content\/uploads\/2011\/11\/mb_air.jpg 464w, https:\/\/images.ifun.de\/wp-content\/uploads\/2011\/11\/mb_air-300x27.jpg 300w\" sizes=\"auto, (max-width: 464px) 100vw, 464px\" \/><\/p>\n<p>F\u00fcr die aktuellen Ger\u00fcchte zeichnet eine von der Webseite <a href=\"http:\/\/www.appleinsider.com\/articles\/12\/02\/10\/apple_to_disrupt_notebook_space_with_radically_redesigned_macbook_pros.html\">AppleInsider<\/a> zitierte, angeblich mit der Angelegenheit vertraute Quelle verantwortlich. Allerdings sind solche Spekulationen auch nicht neu, bereits <a href=\"http:\/\/www.ifun.de\/macbook-air-15-zoll-18850\/\">letzten November<\/a> lancierten asiatische Zulieferer \u00e4hnliche Ger\u00fcchte im Bezug auf ein &#8222;ultrad\u00fcnnes MacBook mit 15&#8243;-Bildschirm&#8220;.<\/p>\n<p>Man muss kein Hellseher sein um eine entsprechende Entwicklung vorauszusagen. Auf kurz oder lang wird Apple definitiv auf das DVD-Laufwerk verzichten, eine Entwicklung, die zwangsl\u00e4ufig in einer ver\u00e4nderten und wohl auch d\u00fcnneren Geh\u00e4useform resultiert &#8211; fragt sich lediglich, wann es soweit ist. Ein entsprechendes Update in der zweiten Jahresh\u00e4lfte scheint uns jedenfalls durchaus wahrscheinlich.<\/p>\n","protected":false},"excerpt":{"rendered":"<a href=\"https:\/\/www.ifun.de\/macbook-pro-ultraduenn-ohne-dvd-laufwerk-21922\/\"><img decoding=\"async\" width=\"150\" src=\"http:\/\/images.ifun.de\/wp-content\/uploads\/2011\/11\/mb_air.jpg\" class=\"alignright wp-post-image tfe\" alt=\"\" title=\"mb_air\" \/><\/a><p>Apple wird in diesem Jahr angeblich die komplette Pro-Notebook-Linie \u00fcberarbeiten und wesentliche Designelemente des MacBook Air auf das MacBook Pro \u00fcbertragen. Insbesondere soll das f\u00fcr das MacBook Air charakteristische, deutlich flacheres Geh\u00e4use zuk\u00fcnftig auch K\u00e4ufer eines MacBook Pro erfreuen. M\u00f6glich wird dies vor allem durch den Verzicht auf ein optisches Laufwerk, Apple setzt ja mittlerweile [&hellip;]<\/p>\n","protected":false},"author":2,"featured_media":0,"comment_status":"open","ping_status":"closed","sticky":false,"template":"","format":"standard","meta":{"_acf_changed":false,"footnotes":""},"categories":[18],"tags":[3910,6321,344,224,69],"class_list":["post-21922","post","type-post","status-publish","format-standard","hentry","category-rumors","tag-geruechte","tag-mac","tag-macbook-air","tag-macbook-pro","tag-update"],"acf":[],"aioseo_notices":[],"rest_api_enabler":[],"_links":{"self":[{"href":"https:\/\/www.ifun.de\/apiv2\/wp\/v2\/posts\/21922","targetHints":{"allow":["GET"]}}],"collection":[{"href":"https:\/\/www.ifun.de\/apiv2\/wp\/v2\/posts"}],"about":[{"href":"https:\/\/www.ifun.de\/apiv2\/wp\/v2\/types\/post"}],"author":[{"embeddable":true,"href":"https:\/\/www.ifun.de\/apiv2\/wp\/v2\/users\/2"}],"replies":[{"embeddable":true,"href":"https:\/\/www.ifun.de\/apiv2\/wp\/v2\/comments?post=21922"}],"version-history":[{"count":4,"href":"https:\/\/www.ifun.de\/apiv2\/wp\/v2\/posts\/21922\/revisions"}],"predecessor-version":[{"id":21926,"href":"https:\/\/www.ifun.de\/apiv2\/wp\/v2\/posts\/21922\/revisions\/21926"}],"wp:attachment":[{"href":"https:\/\/www.ifun.de\/apiv2\/wp\/v2\/media?parent=21922"}],"wp:term":[{"taxonomy":"category","embeddable":true,"href":"https:\/\/www.ifun.de\/apiv2\/wp\/v2\/categories?post=21922"},{"taxonomy":"post_tag","embeddable":true,"href":"https:\/\/www.ifun.de\/apiv2\/wp\/v2\/tags?post=21922"}],"curies":[{"name":"wp","href":"https:\/\/api.w.org\/{rel}","templated":true}]}}