{"id":218889,"date":"2023-09-21T08:39:16","date_gmt":"2023-09-21T06:39:16","guid":{"rendered":"https:\/\/www.ifun.de\/?p=218889"},"modified":"2023-10-09T14:00:16","modified_gmt":"2023-10-09T12:00:16","slug":"amazon-neue-foto-funktionen-werden-im-photosplus-abo-angeboten","status":"publish","type":"post","link":"https:\/\/www.ifun.de\/amazon-neue-foto-funktionen-werden-im-photosplus-abo-angeboten-218889\/","title":{"rendered":"Amazon: Neue Foto-Funktionen werden im PhotosPlus-Abo angeboten"},"content":{"rendered":"<p>Im Rahmen seines gestrigen Hardware-Events hat der Online-H\u00e4ndler Amazon unter anderem einen neuen <a rel=\"noindex, nofollow\" href=\"http:\/\/www.ifun.de\/amzn\/B0BLS3B3QL\">Echo Show 8<\/a> vorgestellt. Die n\u00e4chste Generation des 8 Zoll gro\u00dfen Alexa-Displays wird auch in Deutschland erh\u00e4ltlich sein und kann zum Preis vom 169,99 Euro <a rel=\"noindex, nofollow\" href=\"http:\/\/www.ifun.de\/amzn\/B0BLS3B3QL\">bereits vorbestellt werden<\/a>. Noch nicht bestellbar, aber ebenfalls angek\u00fcndigt ist der &#8222;Echo Show 8 Photos Edition&#8220;, der noch im Herbst verf\u00fcgbar werden soll.<\/p>\n<p><a href=\"https:\/\/images.ifun.de\/wp-content\/uploads\/2023\/09\/echo-show-8-2.jpg\"><img loading=\"lazy\" decoding=\"async\" class=\"aligncenter size-medium wp-image-218890\" src=\"https:\/\/images.ifun.de\/wp-content\/uploads\/2023\/09\/echo-show-8-2-500x500.jpg\" alt=\"Echo Show 8\" width=\"500\" height=\"500\" srcset=\"https:\/\/images.ifun.de\/wp-content\/uploads\/2023\/09\/echo-show-8-2-500x500.jpg 500w, https:\/\/images.ifun.de\/wp-content\/uploads\/2023\/09\/echo-show-8-2-700x700.jpg 700w, https:\/\/images.ifun.de\/wp-content\/uploads\/2023\/09\/echo-show-8-2-150x150.jpg 150w, https:\/\/images.ifun.de\/wp-content\/uploads\/2023\/09\/echo-show-8-2-768x768.jpg 768w, https:\/\/images.ifun.de\/wp-content\/uploads\/2023\/09\/echo-show-8-2.jpg 1000w\" sizes=\"auto, (max-width: 500px) 100vw, 500px\" \/><\/a><\/p>\n<p>Beide Ger\u00e4te verf\u00fcgen \u00fcber das gleiche, komplett neue Hardware-Design, die im Vergleich zur letzten Generation wohl sp\u00fcrbar schnellere Display-Reaktionszeit und \u00fcber eine signifikante Klangverbesserung die Amazon als &#8222;volumin\u00f6ser&#8220; beschreibt und dem neuen Echo Show 8 sowohl eine 3D-Audioverarbeitung mit auf den Weg gegeben haben will als auch eine neue Technologie zur Anpassung der Audioausgabe an die Gegebenheiten des Raums.<\/p>\n<p>Zuk\u00fcnftig ist eine 13-Megapixel-Kamera vorne mittig auf dem Ger\u00e4t platziert, die Unterst\u00fctzung f\u00fcr Bluetooth, Matter, Thread und Zigbee k\u00fcmmert sich um die Kommunikation mit Smart-Home-Ger\u00e4ten. Soweit sind zwischen dem Echo Show 8 und der Echo Show 8 Photos Edition erst mal keine Unterschiede zu erkennen.<\/p>\n<h2>Echo Show 8 Photos Edition<\/h2>\n<p>Die Differenzen machen sich in der Software bemerkbar. So wird sich die Echo Show 8 Photos Edition so konfigurieren lassen, dass der Home-Bildschirm prim\u00e4r <a href=\"https:\/\/www.amazon.com\/Amazon-Photos-Alexa-Devices\/b?ie=UTF8&amp;node=20657691011\">als digitaler Bilderrahmen genutzt werden kann<\/a>. Inklusive einer direkten Foto-Weiterleitung auf diesen.<\/p>\n<p><a href=\"https:\/\/images.ifun.de\/wp-content\/uploads\/2023\/09\/Echo-Show-bilderrahmen-scaled.jpg\"><img loading=\"lazy\" decoding=\"async\" class=\"aligncenter size-large wp-image-218891\" src=\"https:\/\/images.ifun.de\/wp-content\/uploads\/2023\/09\/Echo-Show-bilderrahmen-700x333.jpg\" alt=\"Echo Show Bilderrahmen\" width=\"700\" height=\"333\" srcset=\"https:\/\/images.ifun.de\/wp-content\/uploads\/2023\/09\/Echo-Show-bilderrahmen-700x333.jpg 700w, https:\/\/images.ifun.de\/wp-content\/uploads\/2023\/09\/Echo-Show-bilderrahmen-500x238.jpg 500w, https:\/\/images.ifun.de\/wp-content\/uploads\/2023\/09\/Echo-Show-bilderrahmen-768x366.jpg 768w, https:\/\/images.ifun.de\/wp-content\/uploads\/2023\/09\/Echo-Show-bilderrahmen-1536x731.jpg 1536w, https:\/\/images.ifun.de\/wp-content\/uploads\/2023\/09\/Echo-Show-bilderrahmen-2048x975.jpg 2048w\" sizes=\"auto, (max-width: 700px) 100vw, 700px\" \/><\/a><\/p>\n<p>Anwender k\u00f6nnen eine Dia-Show mit neuen Bildern im 30-Sekunden-Intervall aktivieren und auf einen 25 GB Fotospeicherplatz zugreifen. Prime Mitglieder, die ohnehin schon unbegrenzten Fotospeicher von Amazon erhalten, sollen die 25 GB als Videospeicher nutzen k\u00f6nnen.<\/p>\n<p>Mit den Foto-Funktionen kostet der Echo Show 8 Photos Edition 10 Dollar mehr als der Echo Show 8 und wird mit dem sechsmonatigen Zugriff auf das neue PhotosPlus-Abonnement ausgeliefert. Wer die Fotofunktionen nach den ersten sechs Monaten weiter nutzen m\u00f6chte muss anschlie\u00dfend $1,99 pro Monat daf\u00fcr zahlen.<\/p>\n<script>\r\n  function open_amazon(link) {\r\n    if (navigator.userAgent.indexOf(\"Firefox\") != -1) {\r\n      window.open(link, '_blank');\r\n    } else {\r\n      var tag = document.createElement('a');\r\n      tag.setAttribute('href', link);\r\n      tag.innerHTML = \"amzn\";\r\n      tag.click();\r\n    }\r\n  }\r\n<\/script>\r\n    <div id=\"article-single-amazon-preview\" onclick=\"return open_amazon('https:\/\/www.amazon.de\/dp\/B0BLS3B3QL?tag=musicweb02&linkCode=ogi&th=1&psc=1');\">\n  <div id=\"article-single-amazon-preview-header\">\n    <span class=\"title\">Produkthinweis<\/span>\n      <\/div>\n  <div id=\"article-single-amazon-preview-content\">\n    <div id=\"article-single-amazon-preview-img\" style=\"background: url('https:\/\/m.media-amazon.com\/images\/I\/4133deLOu7L.jpg') center center no-repeat; background-size: cover;\"><\/div>\n    <div id=\"article-single-amazon-preview-desc\">\n      <span class=\"bezeichnung\"><a href=\"https:\/\/www.amazon.de\/dp\/B0BLS3B3QL?tag=musicweb02&linkCode=ogi&th=1&psc=1\" style=\"text-decoration: none; border-bottom: 0px; box-shadow: none;\">Echo Show 8 (3.Generation, 2023) | Smarter HD-Touchscreen mit 3D-Audio, Smart-Home-Hub und Alexa | Anthrazit<\/a><\/span>\n      <span class=\"preis--aktuell\">169,99 EUR<\/span>\n      <span class=\"preis--alt\"><\/span>\n    <\/div>\n  <\/div>\n<\/div>\n<p><video autoplay loop playsinline muted poster=\"\" preload=\"auto\" controls=\"controls\" width=\"100%\" ><source src=\"https:\/\/m.media-amazon.com\/images\/G\/01\/kindle\/journeys\/P2FNhIv3rN3MXn0TSWQSfHW1eMosBWzazxDrDb6A17VE3D\/NzVlOWJmMGYt\" \/><\/video><\/p>\n<p><img loading=\"lazy\" decoding=\"async\" src=\"https:\/\/vg01.met.vgwort.de\/na\/9de7b289eb054d99992c205cadd5ed94\" width=\"1\" height=\"1\" no-lazy class=\"tracking\"><\/p>\n","protected":false},"excerpt":{"rendered":"<a href=\"https:\/\/www.ifun.de\/amazon-neue-foto-funktionen-werden-im-photosplus-abo-angeboten-218889\/\"><img width=\"150\" height=\"150\" src=\"https:\/\/images.ifun.de\/wp-content\/uploads\/2023\/09\/echo-show-fotos-150x150.jpg\" class=\"alignright tfe wp-post-image\" alt=\"Echo Show Fotos\" decoding=\"async\" loading=\"lazy\" \/><\/a><p>Im Rahmen seines gestrigen Hardware-Events hat der Online-H\u00e4ndler Amazon unter anderem einen neuen Echo Show 8 vorgestellt. Die n\u00e4chste Generation des 8 Zoll gro\u00dfen Alexa-Displays wird auch in Deutschland erh\u00e4ltlich sein und kann zum Preis vom 169,99 Euro bereits vorbestellt werden. Noch nicht bestellbar, aber ebenfalls angek\u00fcndigt ist der &#8222;Echo Show 8 Photos Edition&#8220;, der [&hellip;]<\/p>\n","protected":false},"author":1,"featured_media":218892,"comment_status":"open","ping_status":"closed","sticky":false,"template":"","format":"standard","meta":{"_acf_changed":false,"footnotes":""},"categories":[1],"tags":[53,3694],"class_list":["post-218889","post","type-post","status-publish","format-standard","has-post-thumbnail","hentry","category-news","tag-amazon","tag-echo-show"],"acf":[],"aioseo_notices":[],"featured_image":["https:\/\/images.ifun.de\/wp-content\/uploads\/2023\/09\/echo-show-fotos.jpg"],"subheadline":["25 GB Speicher f\u00fcr 1,99 Dollar pro Monat"],"rest_api_enabler":{"featured_image":"https:\/\/images.ifun.de\/wp-content\/uploads\/2023\/09\/echo-show-fotos.jpg","subheadline":"25 GB Speicher f\u00fcr 1,99 Dollar pro Monat"},"_links":{"self":[{"href":"https:\/\/www.ifun.de\/apiv2\/wp\/v2\/posts\/218889","targetHints":{"allow":["GET"]}}],"collection":[{"href":"https:\/\/www.ifun.de\/apiv2\/wp\/v2\/posts"}],"about":[{"href":"https:\/\/www.ifun.de\/apiv2\/wp\/v2\/types\/post"}],"author":[{"embeddable":true,"href":"https:\/\/www.ifun.de\/apiv2\/wp\/v2\/users\/1"}],"replies":[{"embeddable":true,"href":"https:\/\/www.ifun.de\/apiv2\/wp\/v2\/comments?post=218889"}],"version-history":[{"count":5,"href":"https:\/\/www.ifun.de\/apiv2\/wp\/v2\/posts\/218889\/revisions"}],"predecessor-version":[{"id":220039,"href":"https:\/\/www.ifun.de\/apiv2\/wp\/v2\/posts\/218889\/revisions\/220039"}],"wp:featuredmedia":[{"embeddable":true,"href":"https:\/\/www.ifun.de\/apiv2\/wp\/v2\/media\/218892"}],"wp:attachment":[{"href":"https:\/\/www.ifun.de\/apiv2\/wp\/v2\/media?parent=218889"}],"wp:term":[{"taxonomy":"category","embeddable":true,"href":"https:\/\/www.ifun.de\/apiv2\/wp\/v2\/categories?post=218889"},{"taxonomy":"post_tag","embeddable":true,"href":"https:\/\/www.ifun.de\/apiv2\/wp\/v2\/tags?post=218889"}],"curies":[{"name":"wp","href":"https:\/\/api.w.org\/{rel}","templated":true}]}}