{"id":217718,"date":"2023-09-06T15:00:43","date_gmt":"2023-09-06T13:00:43","guid":{"rendered":"https:\/\/www.ifun.de\/?p=217718"},"modified":"2023-09-30T11:59:04","modified_gmt":"2023-09-30T09:59:04","slug":"sonos-move-2-ist-da-usb-c-24-stunden-akku-wlan-und-bluetooth-gleichzeitig","status":"publish","type":"post","link":"https:\/\/www.ifun.de\/sonos-move-2-ist-da-usb-c-24-stunden-akku-wlan-und-bluetooth-gleichzeitig-217718\/","title":{"rendered":"Sonos Move 2 ist da: USB-C, 24 Stunden Akku, WLAN und Bluetooth"},"content":{"rendered":"<p>Die auf Multiroom-Systeme spezialisierten Audioexperten von Sonos haben heute die zweite Generation der Sonos Move vorgestellt und werden den Sonos Move 2 ab 20. September, also genau heute in zwei Wochen, f\u00fcr 499 Euro zur Vorbestellung anbieten.<\/p>\n<p><a href=\"https:\/\/images.ifun.de\/wp-content\/uploads\/2023\/09\/sonos-move.gif\"><img loading=\"lazy\" decoding=\"async\" class=\"aligncenter size-full wp-image-217720\" src=\"https:\/\/images.ifun.de\/wp-content\/uploads\/2023\/09\/sonos-move.gif\" alt=\"Sonos Move\" width=\"500\" height=\"500\" \/><\/a><\/p>\n<h6>Sonos Move und Sonos Move 2: Das neue und das alte Modell<\/h6>\n<h2>WLAN-Lautsprecher und Bluetooth-Speaker<\/h2>\n<p>Der tragbare Lautsprecher l\u00e4sst sich wie sein Vorg\u00e4nger sowohl als mobiler Bluetooth-Speaker nutzen, beim Einsatz in den eigenen vier W\u00e4nden verh\u00e4lt sich der Sonos Move 2 jedoch wie ein regul\u00e4rer Sonos-Lautsprecher und kann R\u00e4umen zugeordnet werden und laufende Musik in diesen dann synchron mit den bereits vorhandenen Ger\u00e4ten wiedergeben.<\/p>\n<p><a href=\"https:\/\/images.ifun.de\/wp-content\/uploads\/2023\/09\/move-2-farben.jpg\"><img loading=\"lazy\" decoding=\"async\" class=\"aligncenter size-large wp-image-217723\" src=\"https:\/\/images.ifun.de\/wp-content\/uploads\/2023\/09\/move-2-farben-700x497.jpg\" alt=\"Move 2 Farben\" width=\"700\" height=\"497\" srcset=\"https:\/\/images.ifun.de\/wp-content\/uploads\/2023\/09\/move-2-farben-700x497.jpg 700w, https:\/\/images.ifun.de\/wp-content\/uploads\/2023\/09\/move-2-farben-500x355.jpg 500w, https:\/\/images.ifun.de\/wp-content\/uploads\/2023\/09\/move-2-farben-768x545.jpg 768w, https:\/\/images.ifun.de\/wp-content\/uploads\/2023\/09\/move-2-farben-1536x1091.jpg 1536w, https:\/\/images.ifun.de\/wp-content\/uploads\/2023\/09\/move-2-farben.jpg 2000w\" sizes=\"auto, (max-width: 700px) 100vw, 700px\" \/><\/a><\/p>\n<h6>Sonos Move 2: In Wei\u00df, Schwarz und Oliv verf\u00fcgbar<\/h6>\n<p>Neben einer wei\u00dfen und einer schwarzen Farbvariante ist die zweite Generation des Sonos Move in diesem Jahr auch in einem Olivton erh\u00e4ltlich. Die Bedienenelemente des Lautsprechers wurden \u00fcberarbeitet und gleichen nun denen der <a href=\"https:\/\/www.ifun.de\/sonos-era-300-beeindruckender-klang-mit-3d-audio-im-fokus-206817\/\">j\u00fcngst vorgestellten Era-Lautsprecher<\/a>.<\/p>\n<ul>\n<li><strong>Sonos Era 300: <\/strong><a href=\"https:\/\/www.ifun.de\/sonos-era-300-beeindruckender-klang-mit-3d-audio-im-fokus-206817\/\">Beeindruckender Klang mit 3D-Audio im Fokus<\/a><\/li>\n<li><strong>Sonos Era 100:<\/strong> <a href=\"https:\/\/www.iphone-ticker.de\/sonos-era-100-ueberzeugender-nachfolger-fuer-den-sonos-one-209873\/\">\u00dcberzeugender Nachfolger f\u00fcr den Sonos One<\/a><\/li>\n<\/ul>\n<h2>Neuer Lautst\u00e4rkeregler und 24 Stunden Akku<\/h2>\n<p>Statt ausschlie\u00dflich auf ber\u00fchrungsempfindliche Tasten zu setzen, verf\u00fcgt der drei Kilogramm schwere Sonos Move 2 auf seiner Oberseite nun auch \u00fcber einen Schieberegler f\u00fcr die Anpassung der Lautst\u00e4rke. Mit einer IP56-Zertifizierung versehen, ist der 24 cm x 16 cm x 13 cm gro\u00dfe Sonos Move 2 zudem wasserdicht und vor Staub gesch\u00fctzt.<\/p>\n<p><a href=\"https:\/\/images.ifun.de\/wp-content\/uploads\/2023\/09\/seitenansicht-move-2-scaled.jpg\"><img loading=\"lazy\" decoding=\"async\" class=\"aligncenter size-large wp-image-217724\" src=\"https:\/\/images.ifun.de\/wp-content\/uploads\/2023\/09\/seitenansicht-move-2-700x377.jpg\" alt=\"Seitenansicht Move 2\" width=\"700\" height=\"377\" srcset=\"https:\/\/images.ifun.de\/wp-content\/uploads\/2023\/09\/seitenansicht-move-2-700x377.jpg 700w, https:\/\/images.ifun.de\/wp-content\/uploads\/2023\/09\/seitenansicht-move-2-500x270.jpg 500w, https:\/\/images.ifun.de\/wp-content\/uploads\/2023\/09\/seitenansicht-move-2-768x414.jpg 768w, https:\/\/images.ifun.de\/wp-content\/uploads\/2023\/09\/seitenansicht-move-2-1536x828.jpg 1536w, https:\/\/images.ifun.de\/wp-content\/uploads\/2023\/09\/seitenansicht-move-2-2048x1104.jpg 2048w\" sizes=\"auto, (max-width: 700px) 100vw, 700px\" \/><\/a><\/p>\n<h6>USB-C, Mikrofon-Switch und neuer Schieberegler wie beim Era<\/h6>\n<h2>Stereoklang, WLAN und Bluetooth gleichzeitig<\/h2>\n<p>Das neue Modell besitzt einen USB-C-Anschluss, mit dem sich nicht nur der neue Line-In-Adapter verbinden l\u00e4sst, der Move 2 kann unterwegs auch als Energielieferant f\u00fcr iPhone und Co. genutzt werden. Zudem l\u00e4sst sich der im Sonos Move 2 verbaute 44-Wattstunden-Akku, der eine Musikwiedergabe von bis zu 24 Stunden gew\u00e4hrleisten soll, \u00fcber den USB-C-Port mit Energie versorgen. Das ovale Ladebasis muss also nicht zwingend mit in den Urlaub genommen werden.<\/p>\n<p>Im Gegensatz zum Move 1, der Audio nur mono wiedergeben konnte, besitzt der Move 2 jetzt echte Stereo-Kapazit\u00e4ten. Hier hei\u00dft es vom Anbieter:<\/p>\n<blockquote><p>Move 2 verf\u00fcgt \u00fcber eine rundum \u00fcberarbeitete akustische Architektur mit zwei Hocht\u00f6nern, die f\u00fcr raumf\u00fcllenden Stereo Sound und klare Stimmen sorgen. So k\u00f6nnen H\u00f6rer:innen das emotionale Live-Erlebnis in die eigenen vier W\u00e4nde holen. Der pr\u00e4zise abgestimmte Tieft\u00f6ner erzeugt tiefe, dynamische B\u00e4sse &#8211; auch bei Musikgenuss im Freien.<\/p><\/blockquote>\n<p><a href=\"https:\/\/images.ifun.de\/wp-content\/uploads\/2023\/09\/Move2_ChargingLoop_Battery_Black-2000.jpg\"><img loading=\"lazy\" decoding=\"async\" class=\"aligncenter size-large wp-image-217725\" src=\"https:\/\/images.ifun.de\/wp-content\/uploads\/2023\/09\/Move2_ChargingLoop_Battery_Black-2000-700x467.jpg\" alt=\"Move2 ChargingLoop Battery Black 2000\" width=\"700\" height=\"467\" srcset=\"https:\/\/images.ifun.de\/wp-content\/uploads\/2023\/09\/Move2_ChargingLoop_Battery_Black-2000-700x467.jpg 700w, https:\/\/images.ifun.de\/wp-content\/uploads\/2023\/09\/Move2_ChargingLoop_Battery_Black-2000-500x333.jpg 500w, https:\/\/images.ifun.de\/wp-content\/uploads\/2023\/09\/Move2_ChargingLoop_Battery_Black-2000-768x512.jpg 768w, https:\/\/images.ifun.de\/wp-content\/uploads\/2023\/09\/Move2_ChargingLoop_Battery_Black-2000-1536x1024.jpg 1536w, https:\/\/images.ifun.de\/wp-content\/uploads\/2023\/09\/Move2_ChargingLoop_Battery_Black-2000.jpg 2000w\" sizes=\"auto, (max-width: 700px) 100vw, 700px\" \/><\/a><\/p>\n<h6>Teil des Lieferumfangs: Die Ladebasis des Move 2<\/h6>\n<p>Sonos Move 2 integriert die noch immer nicht auf Deutsch verf\u00fcgbare Sprachsteuerung Sonos Voice Control und kann mit Amazon Alexa verbunden werden. Zur Auswahl der Streaming-Inhalte wird die Sonos-App genutzt, zudem bieten sich die Sonos Move 2-Ger\u00e4te als AirPlay 2-Empf\u00e4nger an.<\/p>\n<p><strong>Verbesserungen und Ver\u00e4nderungen zum Sonos Move 1: <\/strong><\/p>\n<ul>\n<li>Stereo- statt Mono-Klang<\/li>\n<li>24 statt 11 Stunden Akku<\/li>\n<li>Gleichzeitige Bluetooth- und WLAN-Verbindung<\/li>\n<li>Line-In per USB-C-Adapter<\/li>\n<li>USB-C mit Ladefunktion f\u00fcr Endger\u00e4te<\/li>\n<li>Neue Touch-Bedienelemente<\/li>\n<li>UVP von 499 Euro statt 449 Euro<\/li>\n<\/ul>\n<p><img loading=\"lazy\" decoding=\"async\" src=\"https:\/\/vg02.met.vgwort.de\/na\/44e56009fd484b7ab153ebc32907a7e2\" width=\"1\" height=\"1\" no-lazy class=\"tracking\"><\/p>\n","protected":false},"excerpt":{"rendered":"<a href=\"https:\/\/www.ifun.de\/sonos-move-2-ist-da-usb-c-24-stunden-akku-wlan-und-bluetooth-gleichzeitig-217718\/\"><img width=\"150\" height=\"150\" src=\"https:\/\/images.ifun.de\/wp-content\/uploads\/2023\/09\/sonos-move-150x150.gif\" class=\"alignright tfe wp-post-image\" alt=\"Sonos Move\" decoding=\"async\" loading=\"lazy\" srcset=\"https:\/\/images.ifun.de\/wp-content\/uploads\/2023\/09\/sonos-move-150x150.gif 150w, https:\/\/images.ifun.de\/wp-content\/uploads\/2023\/09\/sonos-move-500x500.gif 500w, https:\/\/images.ifun.de\/wp-content\/uploads\/2023\/09\/sonos-move-700x700.gif 700w\" sizes=\"auto, (max-width: 150px) 100vw, 150px\" \/><\/a><p>Die auf Multiroom-Systeme spezialisierten Audioexperten von Sonos haben heute die zweite Generation der Sonos Move vorgestellt und werden den Sonos Move 2 ab 20. September, also genau heute in zwei Wochen, f\u00fcr 499 Euro zur Vorbestellung anbieten. Sonos Move und Sonos Move 2: Das neue und das alte Modell WLAN-Lautsprecher und Bluetooth-Speaker Der tragbare Lautsprecher [&hellip;]<\/p>\n","protected":false},"author":1,"featured_media":217720,"comment_status":"open","ping_status":"closed","sticky":false,"template":"","format":"standard","meta":{"_acf_changed":false,"footnotes":""},"categories":[1,1783],"tags":[1068,4621,6325],"class_list":["post-217718","post","type-post","status-publish","format-standard","has-post-thumbnail","hentry","category-news","category-feature","tag-sonos","tag-sonos-move","tag-zubehor"],"acf":[],"aioseo_notices":[],"subheadline":["Verkaufsstart am 20. September","Verkaufsstart am 20. September"],"featured_image":["https:\/\/images.ifun.de\/wp-content\/uploads\/2023\/09\/sonos-move-2-oliv.jpg"],"rest_api_enabler":{"subheadline":["Verkaufsstart am 20. September","Verkaufsstart am 20. September"],"featured_image":"https:\/\/images.ifun.de\/wp-content\/uploads\/2023\/09\/sonos-move-2-oliv.jpg"},"_links":{"self":[{"href":"https:\/\/www.ifun.de\/apiv2\/wp\/v2\/posts\/217718","targetHints":{"allow":["GET"]}}],"collection":[{"href":"https:\/\/www.ifun.de\/apiv2\/wp\/v2\/posts"}],"about":[{"href":"https:\/\/www.ifun.de\/apiv2\/wp\/v2\/types\/post"}],"author":[{"embeddable":true,"href":"https:\/\/www.ifun.de\/apiv2\/wp\/v2\/users\/1"}],"replies":[{"embeddable":true,"href":"https:\/\/www.ifun.de\/apiv2\/wp\/v2\/comments?post=217718"}],"version-history":[{"count":13,"href":"https:\/\/www.ifun.de\/apiv2\/wp\/v2\/posts\/217718\/revisions"}],"predecessor-version":[{"id":219623,"href":"https:\/\/www.ifun.de\/apiv2\/wp\/v2\/posts\/217718\/revisions\/219623"}],"wp:featuredmedia":[{"embeddable":true,"href":"https:\/\/www.ifun.de\/apiv2\/wp\/v2\/media\/217720"}],"wp:attachment":[{"href":"https:\/\/www.ifun.de\/apiv2\/wp\/v2\/media?parent=217718"}],"wp:term":[{"taxonomy":"category","embeddable":true,"href":"https:\/\/www.ifun.de\/apiv2\/wp\/v2\/categories?post=217718"},{"taxonomy":"post_tag","embeddable":true,"href":"https:\/\/www.ifun.de\/apiv2\/wp\/v2\/tags?post=217718"}],"curies":[{"name":"wp","href":"https:\/\/api.w.org\/{rel}","templated":true}]}}