{"id":21767,"date":"2012-02-06T13:46:41","date_gmt":"2012-02-06T12:46:41","guid":{"rendered":"http:\/\/www.ifun.de\/?p=21767"},"modified":"2012-02-06T14:49:46","modified_gmt":"2012-02-06T13:49:46","slug":"acta-internet-urheberrecht","status":"publish","type":"post","link":"https:\/\/www.ifun.de\/acta-internet-urheberrecht-21767\/","title":{"rendered":"Anti-Piraterie-Abkommen ACTA zielt auf das freie Internet"},"content":{"rendered":"<p>Die K\u00fcrzel SOPA und PIPA f\u00fcr US-Urheberrechtsgesetzte sind dank den popul\u00e4ren Protesten in den letzten Wochen beinahe jedermann ein Begriff. Das Anti-Piraterie-Abkommen ACTA wurde dagegen weitgehend unbemerkt dem EU-Paralament zur Ratifizierung vorgelegt. Den Machern von ACTA geht es darum, alle Dokumente im Netz besser zu &#8222;sch\u00fctzen&#8220;. Dies h\u00e4tte allerdings weitreichende Auswirkungen auf die Freiheit des Internet, wie wir sie heute kennen. Darum halten wir es f\u00fcr sinnvoll, ein paar Links zum Thema in die Runde zu werfen. Nehmt euch die Zeit und informiert euch.<\/p>\n<p>Das unten eingebettete <a href=\"http:\/\/youtu.be\/9LEhf7pP3Pw\">Video<\/a> stammt von der Internetorganisation Anonymus, alternativ findet ihr auch bei <a href=\"http:\/\/de.wikipedia.org\/wiki\/Anti-Counterfeiting_Trade_Agreement\">Wikipedia<\/a>, der <a href=\"http:\/\/www.sueddeutsche.de\/digital\/acta-proteste-und-das-urheberrecht-der-kleine-urheber-hat-doch-nichts-von-einer-verschaerfung-1.1274211\">S\u00fcddeutschen<\/a> oder <a href=\"http:\/\/www.tagesschau.de\/ausland\/acta110.html\">tagesschau.de<\/a> Informationen zu ACTA. Eine Online-Petition gegen ACTA kann man <a href=\"http:\/\/www.avaaz.org\/de\/eu_save_the_internet_spread\/\">hier bei avaaz.org<\/a> unterzeichnen.<\/p>\n<p><div class=\"responsive-video\"><iframe loading=\"lazy\" width=\"464\" height=\"266\" src=\"http:\/\/www.youtube-nocookie.com\/embed\/9LEhf7pP3Pw?rel=0\" frameborder=\"0\" allowfullscreen><\/iframe><\/div><\/p>\n<p>F\u00fcr den 11. Februar sind in verschiedenen europ\u00e4ischen L\u00e4ndern, darunter Deutschland, Demonstrationen gegen ACTA geplant. Wir unterst\u00fctzen die Proteste gegen ACTA, weil wir Abkommen als massiven Eingriff in die Freiheit des Internet betrachten &#8211; es geht hier eben nicht nur um das illegale Kopieren von Musik und Videos, sondern auch um unsere pers\u00f6nlichen Freir\u00e4ume, das Teilen von Youtube-Videos, Tweets oder Facebook-Links.<\/p>\n","protected":false},"excerpt":{"rendered":"<p>Die K\u00fcrzel SOPA und PIPA f\u00fcr US-Urheberrechtsgesetzte sind dank den popul\u00e4ren Protesten in den letzten Wochen beinahe jedermann ein Begriff. Das Anti-Piraterie-Abkommen ACTA wurde dagegen weitgehend unbemerkt dem EU-Paralament zur Ratifizierung vorgelegt. Den Machern von ACTA geht es darum, alle Dokumente im Netz besser zu &#8222;sch\u00fctzen&#8220;. Dies h\u00e4tte allerdings weitreichende Auswirkungen auf die Freiheit des [&hellip;]<\/p>\n","protected":false},"author":2,"featured_media":0,"comment_status":"open","ping_status":"closed","sticky":false,"template":"","format":"standard","meta":{"_acf_changed":false,"footnotes":""},"categories":[17],"tags":[937,938,939,118,843],"class_list":["post-21767","post","type-post","status-publish","format-standard","hentry","category-platzhalter","tag-acta","tag-freiheit","tag-gesetz","tag-internet","tag-urheberrecht"],"acf":[],"aioseo_notices":[],"rest_api_enabler":[],"_links":{"self":[{"href":"https:\/\/www.ifun.de\/apiv2\/wp\/v2\/posts\/21767","targetHints":{"allow":["GET"]}}],"collection":[{"href":"https:\/\/www.ifun.de\/apiv2\/wp\/v2\/posts"}],"about":[{"href":"https:\/\/www.ifun.de\/apiv2\/wp\/v2\/types\/post"}],"author":[{"embeddable":true,"href":"https:\/\/www.ifun.de\/apiv2\/wp\/v2\/users\/2"}],"replies":[{"embeddable":true,"href":"https:\/\/www.ifun.de\/apiv2\/wp\/v2\/comments?post=21767"}],"version-history":[{"count":3,"href":"https:\/\/www.ifun.de\/apiv2\/wp\/v2\/posts\/21767\/revisions"}],"predecessor-version":[{"id":21770,"href":"https:\/\/www.ifun.de\/apiv2\/wp\/v2\/posts\/21767\/revisions\/21770"}],"wp:attachment":[{"href":"https:\/\/www.ifun.de\/apiv2\/wp\/v2\/media?parent=21767"}],"wp:term":[{"taxonomy":"category","embeddable":true,"href":"https:\/\/www.ifun.de\/apiv2\/wp\/v2\/categories?post=21767"},{"taxonomy":"post_tag","embeddable":true,"href":"https:\/\/www.ifun.de\/apiv2\/wp\/v2\/tags?post=21767"}],"curies":[{"name":"wp","href":"https:\/\/api.w.org\/{rel}","templated":true}]}}