{"id":217518,"date":"2023-09-04T17:44:00","date_gmt":"2023-09-04T15:44:00","guid":{"rendered":"https:\/\/www.ifun.de\/?p=217518"},"modified":"2023-09-11T13:15:22","modified_gmt":"2023-09-11T11:15:22","slug":"apple-interesse-an-vision-pro-hat-erwartungen-uebertroffen","status":"publish","type":"post","link":"https:\/\/www.ifun.de\/apple-interesse-an-vision-pro-hat-erwartungen-uebertroffen-217518\/","title":{"rendered":"Apple: Interesse an Vision Pro hat &#8222;Erwartungen \u00fcbertroffen&#8220;"},"content":{"rendered":"<p>Damit die noch unver\u00f6ffentlichte Datenbrille <a href=\"https:\/\/www.apple.com\/apple-vision-pro\/\">Apple Vision Pro<\/a> nach ihrem Marktstart im kommenden Jahr nicht nur FaceTime-Telefonate durchstellt, Filme auf virtuellen Kinoleinw\u00e4nden abspielt und E-Mails anzeigt, ist Apple auf das Mitwirken der Entwickler-Community angewiesen.<\/p>\n<blockquote class=\"twitter-tweet\">\n<p dir=\"ltr\" lang=\"en\">Hearing so far that the Vision Pro developer labs (to test apps on actual hardware) have been under-filled with small amounts of developers. Some developers emphasizing that the company isn\u2019t offering any east coast sessions, with Cupertino the only option for the entire US.<\/p>\n<p>\u2014 Mark Gurman (@markgurman) <a href=\"https:\/\/twitter.com\/markgurman\/status\/1686774110616240129?ref_src=twsrc%5Etfw\">August 2, 2023<\/a><\/p><\/blockquote>\n<p><script async src=\"https:\/\/platform.twitter.com\/widgets.js\" charset=\"utf-8\"><\/script><\/p>\n<h2>Interesse der Entwickler eher verhalten<\/h2>\n<p>Apple ben\u00f6tigt Schwergewichte wie Disney aber auch individuelle Programmierer, um die teure Brille mit Einsatzzwecken auszustatten, die \u00fcber das Anordnen der vorinstallierten Werksapplikationen in virtuellen Wohnzimmern hinweggehen.<\/p>\n<p>Im Nachgang der offiziellen Vorstellung der Apple Vision Pro sah es allerdings so aus, als hielte sich das Interesse der Entwickler-Community in Grenzen.<\/p>\n<p>Apple-Beobachter Mark Gurman, der fast alle Details der Datenbrille vorab in Erfahrung brachte und diese \u00fcber den Wirtschaftsnachrichten-Dienst Bloomberg kommunizierte, <a href=\"https:\/\/twitter.com\/markgurman\/status\/1686774110616240129?ref_src=twsrc%5Etfw\">berichtete etwa<\/a> von einem verhaltenen Interesse der Entwickler-Community. Die von Apple angebotenen Vision Pro Developer Labs seien unterbesetzt und dies, obwohl Apple vergleichsweise wenig Termine in den USA bereitgestellt hatte.<\/p>\n<p><a href=\"https:\/\/images.ifun.de\/wp-content\/uploads\/2023\/09\/vision-pro-developer-emails.jpg\"><img loading=\"lazy\" decoding=\"async\" class=\"aligncenter size-large wp-image-217520\" src=\"https:\/\/images.ifun.de\/wp-content\/uploads\/2023\/09\/vision-pro-developer-emails-700x651.jpg\" alt=\"Vision Pro Developer Emails\" width=\"700\" height=\"651\" srcset=\"https:\/\/images.ifun.de\/wp-content\/uploads\/2023\/09\/vision-pro-developer-emails-700x651.jpg 700w, https:\/\/images.ifun.de\/wp-content\/uploads\/2023\/09\/vision-pro-developer-emails-500x465.jpg 500w, https:\/\/images.ifun.de\/wp-content\/uploads\/2023\/09\/vision-pro-developer-emails-768x714.jpg 768w, https:\/\/images.ifun.de\/wp-content\/uploads\/2023\/09\/vision-pro-developer-emails-1536x1428.jpg 1536w, https:\/\/images.ifun.de\/wp-content\/uploads\/2023\/09\/vision-pro-developer-emails.jpg 1657w\" sizes=\"auto, (max-width: 700px) 100vw, 700px\" \/><\/a><\/p>\n<h6>Per E-Mail: Apple machte kr\u00e4ftig Werbung f\u00fcr die Vision Pro Developer Labs<\/h6>\n<p>In einem neuen Interview, das das US-Magazin DIGTAL TRENDS mit zwei hochkar\u00e4tigen Managern des Konzerns f\u00fchren konnte, scheint Apple dieser Lageeinsch\u00e4tzung <a href=\"https:\/\/www.digitaltrends.com\/computing\/apple-vision-pro-developers-interview\/\">nun zu widersprechen<\/a>.<\/p>\n<h2>Mehr SDK-Downloads als erhofft<\/h2>\n<p>Susan Prescott, bei Apple f\u00fcr die Beziehungen des Konzerns mit der Entwickler-Community verantwortlich, und Marketing-Manager Steve Sinclair geben an, ausschlie\u00dflich positive R\u00fcckmeldungen zu den Developer Labs erhalten zu haben. Zudem w\u00fcrde die Nachfrage nach der Entwicklungsumgebung f\u00fcr die Vision Pro massiv ausfallen &#8211; die Anzahl der SDK-Downloads habe die Erwartungen des Konzerns \u00fcbertroffen.<\/p>\n<p>Ob das Software-Kaufhaus f\u00fcr die Vision Pro langfristig so lukrativ und gut gef\u00fcllt wie der App Store auf dem iPhone ausfallen wird, oder doch eher in die Fu\u00dfstapfen von Apple Watch und Apple TV tritt, wird sich zeigen m\u00fcssen.<\/p>\n<p>Apple jedenfalls scheint es ein Bed\u00fcrfnis gewesen zu sein, Medienberichten \u00fcber ein verhaltenes Interesse der Entwickler zu widersprechen.<br \/>\n<div class=\"responsive-video\"><iframe loading=\"lazy\" title=\"Introducing Apple Vision Pro\" width=\"500\" height=\"281\" src=\"https:\/\/www.youtube-nocookie.com\/embed\/TX9qSaGXFyg?feature=oembed\" frameborder=\"0\" allow=\"accelerometer; autoplay; clipboard-write; encrypted-media; gyroscope; picture-in-picture; web-share\" referrerpolicy=\"strict-origin-when-cross-origin\" allowfullscreen><\/iframe><\/div><\/p>\n<p><img loading=\"lazy\" decoding=\"async\" src=\"https:\/\/vg06.met.vgwort.de\/na\/89c884e81bfc4d4ca11727a2bb89ba5b\" width=\"1\" height=\"1\" no-lazy class=\"tracking\"><\/p>\n","protected":false},"excerpt":{"rendered":"<a href=\"https:\/\/www.ifun.de\/apple-interesse-an-vision-pro-hat-erwartungen-uebertroffen-217518\/\"><img width=\"150\" height=\"150\" src=\"https:\/\/images.ifun.de\/wp-content\/uploads\/2023\/09\/apple-vision-pro-brille-150x150.jpg\" class=\"alignright tfe wp-post-image\" alt=\"Apple Vision Pro Brille\" decoding=\"async\" loading=\"lazy\" \/><\/a><p>Damit die noch unver\u00f6ffentlichte Datenbrille Apple Vision Pro nach ihrem Marktstart im kommenden Jahr nicht nur FaceTime-Telefonate durchstellt, Filme auf virtuellen Kinoleinw\u00e4nden abspielt und E-Mails anzeigt, ist Apple auf das Mitwirken der Entwickler-Community angewiesen. Hearing so far that the Vision Pro developer labs (to test apps on actual hardware) have been under-filled with small amounts [&hellip;]<\/p>\n","protected":false},"author":1,"featured_media":217521,"comment_status":"open","ping_status":"closed","sticky":false,"template":"","format":"standard","meta":{"_acf_changed":false,"footnotes":""},"categories":[3,1783],"tags":[6169,4738],"class_list":["post-217518","post","type-post","status-publish","format-standard","has-post-thumbnail","hentry","category-apple","category-feature","tag-apple-vision-pro","tag-entwickler"],"acf":[],"aioseo_notices":[],"featured_image":["https:\/\/images.ifun.de\/wp-content\/uploads\/2023\/09\/apple-vision-pro-brille.jpg"],"subheadline":["Developer Labs sollen unterbesetzt gewesen sein"],"rest_api_enabler":{"featured_image":"https:\/\/images.ifun.de\/wp-content\/uploads\/2023\/09\/apple-vision-pro-brille.jpg","subheadline":"Developer Labs sollen unterbesetzt gewesen sein"},"_links":{"self":[{"href":"https:\/\/www.ifun.de\/apiv2\/wp\/v2\/posts\/217518","targetHints":{"allow":["GET"]}}],"collection":[{"href":"https:\/\/www.ifun.de\/apiv2\/wp\/v2\/posts"}],"about":[{"href":"https:\/\/www.ifun.de\/apiv2\/wp\/v2\/types\/post"}],"author":[{"embeddable":true,"href":"https:\/\/www.ifun.de\/apiv2\/wp\/v2\/users\/1"}],"replies":[{"embeddable":true,"href":"https:\/\/www.ifun.de\/apiv2\/wp\/v2\/comments?post=217518"}],"version-history":[{"count":3,"href":"https:\/\/www.ifun.de\/apiv2\/wp\/v2\/posts\/217518\/revisions"}],"predecessor-version":[{"id":217527,"href":"https:\/\/www.ifun.de\/apiv2\/wp\/v2\/posts\/217518\/revisions\/217527"}],"wp:featuredmedia":[{"embeddable":true,"href":"https:\/\/www.ifun.de\/apiv2\/wp\/v2\/media\/217521"}],"wp:attachment":[{"href":"https:\/\/www.ifun.de\/apiv2\/wp\/v2\/media?parent=217518"}],"wp:term":[{"taxonomy":"category","embeddable":true,"href":"https:\/\/www.ifun.de\/apiv2\/wp\/v2\/categories?post=217518"},{"taxonomy":"post_tag","embeddable":true,"href":"https:\/\/www.ifun.de\/apiv2\/wp\/v2\/tags?post=217518"}],"curies":[{"name":"wp","href":"https:\/\/api.w.org\/{rel}","templated":true}]}}